{"id":40029,"date":"2026-02-21T14:21:04","date_gmt":"2026-02-21T14:21:04","guid":{"rendered":"https:\/\/bihavadis.com\/?p=40029"},"modified":"2026-02-21T14:21:04","modified_gmt":"2026-02-21T14:21:04","slug":"zekat-fitre-ve-bayram-bagislariniz-darussafakali-ogrencilerin-gelecegini-aydinlatiyor","status":"publish","type":"post","link":"https:\/\/bihavadis.com\/index.php\/2026\/02\/21\/zekat-fitre-ve-bayram-bagislariniz-darussafakali-ogrencilerin-gelecegini-aydinlatiyor\/","title":{"rendered":"Zek\u00e2t, fitre ve bayram ba\u011f\u0131\u015flar\u0131n\u0131z Dar\u00fc\u015f\u015fafakal\u0131 \u00f6\u011frencilerin gelece\u011fini ayd\u0131nlat\u0131yor!"},"content":{"rendered":"<p>T\u00fcrkiye\u2019nin e\u011fitim alan\u0131ndaki ilk sivil toplum kurulu\u015flar\u0131ndan Dar\u00fc\u015f\u015fafaka Cemiyeti, 1863 y\u0131l\u0131ndan bu yana yard\u0131mla\u015fma ve dayan\u0131\u015fman\u0131n en g\u00fc\u00e7l\u00fc \u00f6rneklerinden biri olmay\u0131 s\u00fcrd\u00fcr\u00fcyor. Payla\u015fman\u0131n ve dayan\u0131\u015fman\u0131n simgesi ramazan ay\u0131nda, hay\u0131rsever bireyleri, kurum ve kurulu\u015flar\u0131 zek\u00e2t, fitre ve bayram ba\u011f\u0131\u015flar\u0131yla e\u011fitime destek olmaya \u00e7a\u011f\u0131r\u0131yor. Hay\u0131rseverler, Dar\u00fc\u015f\u015fafaka\u2019n\u0131n Ramazan Bayram\u0131\u2019na \u00f6zel haz\u0131rlad\u0131\u011f\u0131 ba\u011f\u0131\u015f sertifikalar\u0131n\u0131 tercih ederek de bu iyili\u011fi \u00e7o\u011faltabiliyor.<\/p>\n<p>Hay\u0131rseverlerin ba\u011f\u0131\u015flar\u0131yla 163 y\u0131ld\u0131r varl\u0131\u011f\u0131n\u0131 s\u00fcrd\u00fcren Dar\u00fc\u015f\u015fafaka Cemiyeti, bug\u00fcn T\u00fcrkiye\u2019nin d\u00f6rt bir yan\u0131ndan s\u0131navla belirledi\u011fi, babas\u0131 ve\/veya annesi hayatta olmayan, maddi olanaklar\u0131 yetersiz, 1.000\u2019i a\u015fk\u0131n ba\u015far\u0131l\u0131 \u00f6\u011frenciye tam burslu, yat\u0131l\u0131 ve nitelikli e\u011fitim olana\u011f\u0131 sunuyor.<\/p>\n<p>\u00d6\u011frencilerin yaln\u0131zca e\u011fitim giderlerini de\u011fil; beslenme, bar\u0131nma, giyim, sa\u011fl\u0131k ve cep har\u00e7l\u0131\u011f\u0131 gibi t\u00fcm temel ihtiya\u00e7lar\u0131n\u0131 da ba\u011f\u0131\u015flarla kar\u015f\u0131layan Dar\u00fc\u015f\u015fafaka Cemiyeti, \u00f6\u011frencilerine y\u00fcksek\u00f6\u011frenim hayatlar\u0131 boyunca da burs vererek, onlar\u0131n e\u011fitim yolculuklar\u0131n\u0131 kesintisiz \u015fekilde destekliyor.<\/p>\n<p><strong>Az \u00e7ok demeden yap\u0131lan her bir ba\u011f\u0131\u015f bizim i\u00e7in \u00e7ok anlaml\u0131<\/strong><\/p>\n<p>Ramazan ay\u0131n\u0131n toplumsal dayan\u0131\u015fmay\u0131 g\u00fc\u00e7lendiren ve payla\u015fman\u0131n de\u011ferini hat\u0131rlatan \u00f6zel bir ay oldu\u011funu vurgulayan Dar\u00fc\u015f\u015fafaka Cemiyeti Y\u00f6netim Kurulu Ba\u015fkan\u0131\u00a0<strong>O\u011fuz G\u00fcle\u00e7<\/strong>, \u015funlar\u0131 s\u00f6yledi:<\/p>\n<p>\u00a0\u201cDar\u00fc\u015f\u015fafaka olarak \u00e7ocuklar\u0131m\u0131z\u0131 ya\u015fam boyu \u00f6\u011frenen, evrensel de\u011ferleri benimsemi\u015f, \u00fclkesine ve topluma kar\u015f\u0131 sorumluluklar\u0131n\u0131n bilincinde bireyler olarak yeti\u015ftiriyoruz. Hay\u0131rseverlerimizin deste\u011fiyle; maddi olanaklar\u0131 yetersiz, babas\u0131 ve\/veya annesi hayatta olmayan \u00e7ocuklar\u0131m\u0131z\u0131 nitelikli e\u011fitimle bulu\u015fturuyor, onlara hem g\u00fc\u00e7l\u00fc bir e\u011fitim altyap\u0131s\u0131 hem de g\u00fcvenli bir yuva sunuyoruz.<\/p>\n<p>\u00d6\u011frencilerimiz ald\u0131klar\u0131 \u00e7a\u011fda\u015f ve \u00e7ok y\u00f6nl\u00fc e\u011fitimle hayal ettikleri gelece\u011fe ad\u0131m ad\u0131m yakla\u015f\u0131yor. Az \u00e7ok demeden yap\u0131lan her ba\u011f\u0131\u015f, \u00f6\u011frencilerimizin gelece\u011fi i\u00e7in b\u00fcy\u00fck bir anlam ta\u015f\u0131yor. Cemiyetimize yap\u0131lan ba\u011f\u0131\u015flarla; \u00f6\u011frencilerimize nitelikli e\u011fitimi vermenin yan\u0131 s\u0131ra onlar\u0131n beslenme, bar\u0131nma, giyim, sa\u011fl\u0131k ve cep har\u00e7l\u0131\u011f\u0131 gibi t\u00fcm ihtiya\u00e7lar\u0131n\u0131 kar\u015f\u0131l\u0131yoruz. Bu ramazanda da zek\u00e2t, fitre ve bayram ba\u011f\u0131\u015flar\u0131yla \u00e7ocuklar\u0131m\u0131z\u0131n e\u011fitim yolculuklar\u0131na destek olmak isteyen t\u00fcm hay\u0131rseverlerimizin katk\u0131lar\u0131n\u0131 bekliyoruz.\u201d diye konu\u015ftu.<\/p>\n<p>Ramazan ay\u0131nda daha fazla Dar\u00fc\u015f\u015fafakal\u0131 \u00f6\u011frenciye destek olmak isteyen hay\u0131rseverler\u00a0www.darussafaka.org\u00a0adresinden ba\u011f\u0131\u015flar\u0131n\u0131 ger\u00e7ekle\u015ftirebilirler.<\/p>\n<p>\u00a0<\/p>\n<p>\u00a0<\/p>\n<p>Kaynak: (BYZHA) Beyaz Haber Ajans\u0131<\/p>\n","protected":false},"excerpt":{"rendered":"<p>T\u00fcrkiye\u2019nin e\u011fitim alan\u0131ndaki ilk sivil toplum kurulu\u015flar\u0131ndan Dar\u00fc\u015f\u015fafaka Cemiyeti, 1863 y\u0131l\u0131ndan bu yana yard\u0131mla\u015fma ve dayan\u0131\u015fman\u0131n en g\u00fc\u00e7l\u00fc \u00f6rneklerinden biri olmay\u0131 s\u00fcrd\u00fcr\u00fcyor.<\/p>\n","protected":false},"author":1,"featured_media":40030,"comment_status":"open","ping_status":"open","sticky":false,"template":"","format":"standard","meta":{"footnotes":""},"categories":[7],"tags":[2430,5607,5606,233,5362],"class_list":["post-40029","post","type-post","status-publish","format-standard","has-post-thumbnail","hentry","category-egitim","tag-bagis","tag-cemiyeti","tag-darussafaka","tag-egitim","tag-hayirsever"],"_links":{"self":[{"href":"https:\/\/bihavadis.com\/index.php\/wp-json\/wp\/v2\/posts\/40029","targetHints":{"allow":["GET"]}}],"collection":[{"href":"https:\/\/bihavadis.com\/index.php\/wp-json\/wp\/v2\/posts"}],"about":[{"href":"https:\/\/bihavadis.com\/index.php\/wp-json\/wp\/v2\/types\/post"}],"author":[{"embeddable":true,"href":"https:\/\/bihavadis.com\/index.php\/wp-json\/wp\/v2\/users\/1"}],"replies":[{"embeddable":true,"href":"https:\/\/bihavadis.com\/index.php\/wp-json\/wp\/v2\/comments?post=40029"}],"version-history":[{"count":1,"href":"https:\/\/bihavadis.com\/index.php\/wp-json\/wp\/v2\/posts\/40029\/revisions"}],"predecessor-version":[{"id":40031,"href":"https:\/\/bihavadis.com\/index.php\/wp-json\/wp\/v2\/posts\/40029\/revisions\/40031"}],"wp:featuredmedia":[{"embeddable":true,"href":"https:\/\/bihavadis.com\/index.php\/wp-json\/wp\/v2\/media\/40030"}],"wp:attachment":[{"href":"https:\/\/bihavadis.com\/index.php\/wp-json\/wp\/v2\/media?parent=40029"}],"wp:term":[{"taxonomy":"category","embeddable":true,"href":"https:\/\/bihavadis.com\/index.php\/wp-json\/wp\/v2\/categories?post=40029"},{"taxonomy":"post_tag","embeddable":true,"href":"https:\/\/bihavadis.com\/index.php\/wp-json\/wp\/v2\/tags?post=40029"}],"curies":[{"name":"wp","href":"https:\/\/api.w.org\/{rel}","templated":true}]}}