{"id":40073,"date":"2026-02-21T14:57:09","date_gmt":"2026-02-21T14:57:09","guid":{"rendered":"https:\/\/bihavadis.com\/?p=40073"},"modified":"2026-02-21T14:57:09","modified_gmt":"2026-02-21T14:57:09","slug":"fatih-tekke-buyuk-maclarda-ilk-galibiyetin-pesinde","status":"publish","type":"post","link":"https:\/\/bihavadis.com\/index.php\/2026\/02\/21\/fatih-tekke-buyuk-maclarda-ilk-galibiyetin-pesinde\/","title":{"rendered":"Fatih Tekke, b\u00fcy\u00fck ma\u00e7larda ilk galibiyetin pe\u015finde"},"content":{"rendered":"<p>S\u00fcper Lig\u2019de geride kalan 21 haftada toplad\u0131\u011f\u0131 45 puanla lider Galatasaray\u2019\u0131n 7, Fenerbah\u00e7e\u2019nin ise 4 puan gerisinde \u00fc\u00e7\u00fcnc\u00fc s\u0131rada yer alan Trabzonspor, ligin 22. haftas\u0131nda yar\u0131n Fenerbah\u00e7e\u2019yi konuk edecek.<\/p>\n<p>Zorlu m\u00fcsabaka, bordo-mavili tak\u0131m a\u00e7\u0131s\u0131ndan zirve yar\u0131\u015f\u0131nda daha iddial\u0131 bir konuma gelmenin yan\u0131 s\u0131ra derbi hasretini de sonland\u0131rma f\u0131rsat\u0131 sunuyor.<\/p>\n<p>Teknik Direkt\u00f6r Fatih Tekke\u2019nin bordo-mavili tak\u0131m\u0131n ba\u015f\u0131nda b\u00fcy\u00fck ma\u00e7lardaki ilk galibiyetini alma ihtimali sebebiyle m\u00fccadelenin \u00f6nemi daha da art\u0131yor.<\/p>\n<p><strong>HEN\u00dcZ B\u00dcY\u00dcK MA\u00c7 KAZANAMADI <\/strong><\/p>\n<p>Karadeniz ekibi, Teknik Direkt\u00f6r Fatih Tekke y\u00f6netiminde son haftalarda \u00e7\u0131k\u0131\u015f yakalasa da b\u00fcy\u00fck ma\u00e7larda ayn\u0131 ba\u015far\u0131y\u0131 g\u00f6steremedi.<\/p>\n<p>Bordo-mavililer, Tekke d\u00f6neminde Galatasaray, Be\u015fikta\u015f ve Fenerbah\u00e7e&#8217;ye kar\u015f\u0131 ligde 5, Ziraat T\u00fcrkiye Kupas\u0131 ve Turkcell S\u00fcper Kupa\u2019da birer olmak \u00fczere oynad\u0131\u011f\u0131 toplam 7 kar\u015f\u0131la\u015fmada galibiyet elde edemedi.<\/p>\n<p>Trabzonspor s\u00f6z konusu ma\u00e7larda 5 ma\u011flubiyet ve 2 beraberlik ald\u0131.<\/p>\n<p><img decoding=\"async\" src=\"https:\/\/bihavadis.com\/wp-content\/uploads\/2026\/02\/fatih-tekke-buyuk-maclarda-ilk-galibiyetin-pesinde-0-zyc9Vcxd.jpg\"\/><\/p>\n<p><strong>FENERBAH\u00c7E&#8217;YE KAR\u015eI 3. MA\u00c7I<\/strong><\/p>\n<p>Trabzonspor, Fatih Tekke idaresinde Fenerbah\u00e7e ile \u00fc\u00e7\u00fcnc\u00fc kez kar\u015f\u0131 kar\u015f\u0131ya gelecek.<\/p>\n<p>Karadeniz temsilcisi, sar\u0131-lacivertliler ile ligde oynad\u0131\u011f\u0131 2 ma\u00e7tan da ma\u011flubiyetle ayr\u0131ld\u0131. Bu kar\u015f\u0131la\u015fmalarda kalesinde 5 gol g\u00f6ren Karadeniz temsilcisi, 1 gol atabildi.<\/p>\n<p>\u0130stanbul\u2019da oynanan m\u00fccadeleler 4-1 ve 1-0 Fenerbah\u00e7e \u00fcst\u00fcnl\u00fc\u011f\u00fcyle sonu\u00e7land\u0131.<\/p>\n<p>Trabzonspor, Tekke\u2019nin g\u00f6rev yapt\u0131\u011f\u0131 d\u00f6nemde b\u00fcy\u00fck ma\u00e7larda 5 gol bulurken, 17 gole ise engel olamad\u0131.<\/p>\n<p><b>Fatih Tekke y\u00f6netiminde bordo-mavililerin b\u00fcy\u00fck ma\u00e7larda ald\u0131\u011f\u0131 sonu\u00e7lar:<\/b><\/p>\n<p>Fenerbah\u00e7e: 4 &#8211; Trabzonspor: 1<\/p>\n<p>Trabzonspor: 0 &#8211; Galatasaray: 2<\/p>\n<p>Galatasaray: 3 &#8211; Trabzonspor: 0 (T\u00fcrkiye Kupas\u0131)<\/p>\n<p>Fenerbah\u00e7e: 1 &#8211; Trabzonspor: 0<\/p>\n<p>Galatasaray: 0 &#8211; Trabzonspor: 0<\/p>\n<p>Trabzonspor: 3 &#8211; Be\u015fikta\u015f: 3<\/p>\n<p>Galatasaray: 4 &#8211; Trabzonspor: 1 (S\u00fcper Kupa yar\u0131 final)<\/p>\n<p><img decoding=\"async\" src=\"https:\/\/bihavadis.com\/wp-content\/uploads\/2026\/02\/fatih-tekke-buyuk-maclarda-ilk-galibiyetin-pesinde-1-OJFO77Yt.jpg\"\/><\/p>\n","protected":false},"excerpt":{"rendered":"<p>Trabzonspor Teknik Direkt\u00f6r\u00fc Fatih Tekke, bordo-mavili tak\u0131m\u0131n ba\u015f\u0131nda b\u00fcy\u00fck ma\u00e7lardaki ilk galibiyetini almak i\u00e7in Fenerbah\u00e7e kar\u015f\u0131s\u0131nda saha kenar\u0131nda taktik m\u00fccadelesi verecek.<\/p>\n","protected":false},"author":1,"featured_media":40074,"comment_status":"open","ping_status":"open","sticky":false,"template":"","format":"standard","meta":{"footnotes":""},"categories":[14],"tags":[5616,1858,2181,1799],"class_list":["post-40073","post","type-post","status-publish","format-standard","has-post-thumbnail","hentry","category-spor","tag-buyuk-mac","tag-fenerbahce","tag-tekke","tag-trabzonspor"],"_links":{"self":[{"href":"https:\/\/bihavadis.com\/index.php\/wp-json\/wp\/v2\/posts\/40073","targetHints":{"allow":["GET"]}}],"collection":[{"href":"https:\/\/bihavadis.com\/index.php\/wp-json\/wp\/v2\/posts"}],"about":[{"href":"https:\/\/bihavadis.com\/index.php\/wp-json\/wp\/v2\/types\/post"}],"author":[{"embeddable":true,"href":"https:\/\/bihavadis.com\/index.php\/wp-json\/wp\/v2\/users\/1"}],"replies":[{"embeddable":true,"href":"https:\/\/bihavadis.com\/index.php\/wp-json\/wp\/v2\/comments?post=40073"}],"version-history":[{"count":1,"href":"https:\/\/bihavadis.com\/index.php\/wp-json\/wp\/v2\/posts\/40073\/revisions"}],"predecessor-version":[{"id":40077,"href":"https:\/\/bihavadis.com\/index.php\/wp-json\/wp\/v2\/posts\/40073\/revisions\/40077"}],"wp:featuredmedia":[{"embeddable":true,"href":"https:\/\/bihavadis.com\/index.php\/wp-json\/wp\/v2\/media\/40074"}],"wp:attachment":[{"href":"https:\/\/bihavadis.com\/index.php\/wp-json\/wp\/v2\/media?parent=40073"}],"wp:term":[{"taxonomy":"category","embeddable":true,"href":"https:\/\/bihavadis.com\/index.php\/wp-json\/wp\/v2\/categories?post=40073"},{"taxonomy":"post_tag","embeddable":true,"href":"https:\/\/bihavadis.com\/index.php\/wp-json\/wp\/v2\/tags?post=40073"}],"curies":[{"name":"wp","href":"https:\/\/api.w.org\/{rel}","templated":true}]}}