{"id":40091,"date":"2026-02-21T15:12:07","date_gmt":"2026-02-21T15:12:07","guid":{"rendered":"https:\/\/bihavadis.com\/?p=40091"},"modified":"2026-02-21T15:12:07","modified_gmt":"2026-02-21T15:12:07","slug":"eylulden-milli-takim-basarisi","status":"publish","type":"post","link":"https:\/\/bihavadis.com\/index.php\/2026\/02\/21\/eylulden-milli-takim-basarisi\/","title":{"rendered":"Eyl\u00fclden Milli Tak\u0131m Ba\u015far\u0131s\u0131"},"content":{"rendered":"<p>\n<p>MU\u011eLA B\u00fcy\u00fck\u015fehir Belediyesi&#8217;nin sporcusu Eyl\u00fcl \u00dclk\u00fc Yi\u011fit, Antalya&#8217;da d\u00fczenlenen Para Y\u00fczme ve Deaf Y\u00fczme Bireysel Milli Tak\u0131m Se\u00e7meleri&#8217;nde 4 bran\u015fta milli tak\u0131m baraj\u0131n\u0131 ge\u00e7erken, 200 metre serbestte kendi klasman\u0131nda T\u00fcrkiye \u00fc\u00e7\u00fcnc\u00fcs\u00fc oldu. Eyl\u00fcl \u00dclk\u00fc, T\u00fcrkiye Y\u00fczme Federasyonu taraf\u0131ndan 29 Ocak-1 \u015eubat tarihleri aras\u0131nda Antalya&#8217;da d\u00fczenlenen Para Y\u00fczme ve Deaf Y\u00fczme Bireysel Milli Tak\u0131m Se\u00e7meleri&#8217;nde \u00f6nemli ba\u015far\u0131lara imza att\u0131. 21 ya\u015f\u0131ndaki ba\u015far\u0131l\u0131 sporcu; 50 metre serbest, 100 metre serbest, 200 metre serbest ve 50 metre s\u0131rt bran\u015flar\u0131nda yar\u0131\u015farak toplam d\u00f6rt bran\u015fta milli tak\u0131ma se\u00e7ilme baraj\u0131n\u0131 ge\u00e7me ba\u015far\u0131s\u0131 g\u00f6sterdi. Se\u00e7meler kapsam\u0131nda 200 metre serbest yar\u0131\u015f\u0131nda genel s\u0131ralamada T\u00fcrkiye d\u00f6rd\u00fcnc\u00fcs\u00fc, kendi klasman\u0131nda ise T\u00fcrkiye \u00fc\u00e7\u00fcnc\u00fcs\u00fc olan Yi\u011fit, 50 metre s\u0131rt bran\u015f\u0131nda da d\u00f6rd\u00fcnc\u00fcl\u00fc\u011f\u00fc elde etti. <\/p>\n<p>Elde etti\u011fi derecelerle milli tak\u0131m hedefi do\u011frultusunda \u00f6nemli bir performans ortaya koyan Eyl\u00fcl \u00dclk\u00fc Yi\u011fit, para y\u00fczme bran\u015f\u0131nda istikrarl\u0131 y\u00fckseli\u015fini s\u00fcrd\u00fcrd\u00fc. K\u0131y\u0131 Ege Belediyeler Birli\u011fi ve Mu\u011fla B\u00fcy\u00fck\u015fehir Belediye Ba\u015fkan\u0131 Ahmet Aras, Eyl\u00fcl \u00dclk\u00fc Yi\u011fit&#8217;in ba\u015far\u0131s\u0131na ili\u015fkin yapt\u0131\u011f\u0131 a\u00e7\u0131klamada \u015fu ifadelere yer verdi: <\/p>\n<p>&#8220;Eyl\u00fcl \u00dclk\u00fc Yi\u011fit&#8217;in g\u00f6sterdi\u011fi bu b\u00fcy\u00fck ba\u015far\u0131, sadece bir spor ba\u015far\u0131s\u0131 de\u011fil; inanc\u0131n, eme\u011fin ve vazge\u00e7memenin somut bir g\u00f6stergesidir. T\u00fcm zorluklara ra\u011fmen y\u0131lmadan \u00e7al\u0131\u015fan, hayallerinin pe\u015finden kararl\u0131l\u0131kla y\u00fcr\u00fcyen sporcumuzla gurur duyuyoruz. Eyl\u00fcl&#8217;\u00fcn azmi ve m\u00fccadelesi, \u00f6zellikle gen\u00e7lerimize ve t\u00fcm sporcular\u0131m\u0131za umut vermektedir. Mu\u011fla B\u00fcy\u00fck\u015fehir Belediyesi olarak her zaman sporcular\u0131m\u0131z\u0131n yan\u0131nda olmaya, onlar\u0131n hayallerine ortak olmaya devam edece\u011fiz.&#8221;<\/p>\n","protected":false},"excerpt":{"rendered":"<p>Eyl\u00fcl\u00fc, Para Y\u00fczme Se\u00e7meleri&#8217;nde 4 bran\u015fta milli tak\u0131m baraj\u0131n\u0131 ge\u00e7erek T\u00fcrkiye \u00fc\u00e7\u00fcnc\u00fcs\u00fc oldu.<\/p>\n","protected":false},"author":1,"featured_media":40092,"comment_status":"open","ping_status":"open","sticky":false,"template":"","format":"standard","meta":{"footnotes":""},"categories":[14],"tags":[368,440,1670],"class_list":["post-40091","post","type-post","status-publish","format-standard","has-post-thumbnail","hentry","category-spor","tag-milli-takim","tag-spor","tag-yuzme"],"_links":{"self":[{"href":"https:\/\/bihavadis.com\/index.php\/wp-json\/wp\/v2\/posts\/40091","targetHints":{"allow":["GET"]}}],"collection":[{"href":"https:\/\/bihavadis.com\/index.php\/wp-json\/wp\/v2\/posts"}],"about":[{"href":"https:\/\/bihavadis.com\/index.php\/wp-json\/wp\/v2\/types\/post"}],"author":[{"embeddable":true,"href":"https:\/\/bihavadis.com\/index.php\/wp-json\/wp\/v2\/users\/1"}],"replies":[{"embeddable":true,"href":"https:\/\/bihavadis.com\/index.php\/wp-json\/wp\/v2\/comments?post=40091"}],"version-history":[{"count":1,"href":"https:\/\/bihavadis.com\/index.php\/wp-json\/wp\/v2\/posts\/40091\/revisions"}],"predecessor-version":[{"id":40093,"href":"https:\/\/bihavadis.com\/index.php\/wp-json\/wp\/v2\/posts\/40091\/revisions\/40093"}],"wp:featuredmedia":[{"embeddable":true,"href":"https:\/\/bihavadis.com\/index.php\/wp-json\/wp\/v2\/media\/40092"}],"wp:attachment":[{"href":"https:\/\/bihavadis.com\/index.php\/wp-json\/wp\/v2\/media?parent=40091"}],"wp:term":[{"taxonomy":"category","embeddable":true,"href":"https:\/\/bihavadis.com\/index.php\/wp-json\/wp\/v2\/categories?post=40091"},{"taxonomy":"post_tag","embeddable":true,"href":"https:\/\/bihavadis.com\/index.php\/wp-json\/wp\/v2\/tags?post=40091"}],"curies":[{"name":"wp","href":"https:\/\/api.w.org\/{rel}","templated":true}]}}