{"id":40094,"date":"2026-02-21T15:15:11","date_gmt":"2026-02-21T15:15:11","guid":{"rendered":"https:\/\/bihavadis.com\/?p=40094"},"modified":"2026-02-21T15:15:11","modified_gmt":"2026-02-21T15:15:11","slug":"baskan-tugaydan-kadin-mucadelesine-guclu-cagri","status":"publish","type":"post","link":"https:\/\/bihavadis.com\/index.php\/2026\/02\/21\/baskan-tugaydan-kadin-mucadelesine-guclu-cagri\/","title":{"rendered":"Ba\u015fkan Tugay&#8217;dan kad\u0131n m\u00fccadelesine g\u00fc\u00e7l\u00fc \u00e7a\u011fr\u0131"},"content":{"rendered":"<p>\u0130zmir B\u00fcy\u00fck\u015fehir Belediye Ba\u015fkan\u0131 Dr. Cemil Tugay, 8 Mart \u00f6ncesi sivil toplum temsilcileriyle bulu\u015fmas\u0131nda kad\u0131nlara y\u00f6nelik ayr\u0131mc\u0131l\u0131k ve \u015fiddete kar\u015f\u0131 m\u00fccadelenin y\u0131l\u0131n her g\u00fcn\u00fc s\u00fcrmesi gerekti\u011fini vurgulad\u0131. \u201cHaks\u0131zl\u0131\u011f\u0131n kar\u015f\u0131s\u0131ndaki m\u00fccadelenin bir par\u00e7as\u0131y\u0131m\u201d diyen Tugay, k\u00fclt\u00fcrel d\u00f6n\u00fc\u015f\u00fcm i\u00e7in somut ad\u0131mlar at\u0131lmas\u0131 \u00e7a\u011fr\u0131s\u0131 yaparak, \u201cBirlikte hareket etti\u011fimizde sand\u0131\u011f\u0131m\u0131zdan daha h\u0131zl\u0131 ve daha g\u00fc\u00e7l\u00fc bir s\u00fcreci ger\u00e7ekle\u015ftirebiliriz\u201d mesaj\u0131 verdi.<\/p>\n<p>\u0130zmir B\u00fcy\u00fck\u015fehir Belediye Ba\u015fkan\u0131 Dr. Cemil Tugay ve e\u015fi \u00d6znur Tugay, Kad\u0131n ve Aile Hizmetleri Dairesi Ba\u015fkanl\u0131\u011f\u0131 Kad\u0131n \u00c7al\u0131\u015fmalar\u0131 \u015eube M\u00fcd\u00fcrl\u00fc\u011f\u00fc taraf\u0131ndan d\u00fczenlenecek 8 Mart D\u00fcnya Kad\u0131nlar G\u00fcn\u00fc etkinliklerini de\u011ferlendirmek ve g\u00f6r\u00fc\u015f al\u0131\u015fveri\u015finde bulunmak \u00fczere kentteki sivil toplum kurulu\u015flar\u0131n\u0131n temsilcileriyle bir araya geldi. Sivil toplum kurulu\u015flar\u0131n\u0131n \u00f6nerileri do\u011frultusunda son \u015fekli verilecek programla, kad\u0131n dayan\u0131\u015fmas\u0131n\u0131n kentin d\u00f6rt bir yan\u0131na yay\u0131lmas\u0131 hedefleniyor.<\/p>\n<p><strong>\u201cSomut ad\u0131mlar at\u0131lmal\u0131\u201d<\/strong><\/p>\n<p>Toplant\u0131da konu\u015fan \u0130zmir B\u00fcy\u00fck\u015fehir Belediye Ba\u015fkan\u0131 Dr. Cemil Tugay, \u201c\u0130zmir\u2019in bir evlad\u0131y\u0131m. Hayat\u0131mda annem, k\u0131z karde\u015fim, e\u015fim ve k\u0131zlar\u0131m g\u00f6z\u00fcm\u00fcn bebe\u011fi kadar de\u011ferlidir. Hi\u00e7birinin haks\u0131zl\u0131\u011fa u\u011framas\u0131n\u0131 kabul edemem. Ayr\u0131mc\u0131l\u0131\u011fa, \u015fiddete ve k\u00f6t\u00fc muameleye maruz kalan hi\u00e7bir kad\u0131n i\u00e7in de bunu kabul edemem. Bu nedenle haks\u0131zl\u0131klar\u0131n kar\u015f\u0131s\u0131ndaki m\u00fccadelenin bir par\u00e7as\u0131y\u0131m. Kaderi ger\u00e7ekten de\u011fi\u015ftirmek istiyorsak somut ad\u0131mlar atmam\u0131z gerekiyor. Sadece yap\u0131lm\u0131\u015f olmak i\u00e7in de\u011fil; gidilmesi gereken yere gitmek, konu\u015fulmas\u0131 gereken ki\u015filerle konu\u015fmak ve ihtiya\u00e7 duyulan imk\u00e2nlar\u0131 sa\u011flamak zorunday\u0131z. Bu m\u00fccadeleyi yaln\u0131zca 8 Mart\u2019ta de\u011fil, y\u0131l\u0131n her g\u00fcn\u00fc s\u00fcrd\u00fcrmek gerekti\u011fine inan\u0131yorum\u201d ifadelerini kulland\u0131.<\/p>\n<p><strong>\u201cBize g\u00fc\u00e7 veriyorsunuz\u201d<\/strong>\u00a0\u00a0\u00a0\u00a0\u00a0<\/p>\n<p>\u0130zmir\u2019in kad\u0131nlar\u0131yla her zaman gurur duyduklar\u0131n\u0131 belirten Ba\u015fkan Tugay, \u201cSizinle burada olmak bize g\u00fc\u00e7 veriyor. \u0130zmir, tarih boyunca kad\u0131nlar\u0131n g\u00fc\u00e7l\u00fc ve aktif oldu\u011fu bir kent olmu\u015ftur\u201d dedi. 1828 y\u0131l\u0131nda ekme\u011fe yap\u0131lan zamma kar\u015f\u0131 kad\u0131nlar\u0131n \u00f6nc\u00fcl\u00fc\u011f\u00fcnde ger\u00e7ekle\u015fen ve zamm\u0131n geri \u00e7ekilmesiyle sonu\u00e7lanan eylemi hat\u0131rlatan Tugay, Gazi Mustafa Kemal Atat\u00fcrk\u2019\u00fcn de \u0130zmir \u0130ktisat Kongresi \u00f6ncesinde kad\u0131nlarla \u00f6zel bir toplant\u0131 yapt\u0131\u011f\u0131n\u0131 an\u0131msatt\u0131. 29 Ocak\u2019ta Latife Han\u0131m ile evlenen Atat\u00fcrk\u2019\u00fcn, 2 \u015eubat\u2019ta G\u00fcmr\u00fck\u2019te binlerce \u0130zmirli kad\u0131nla bir araya geldi\u011fini belirten Tugay, o toplant\u0131da dile getirilen \u201c\u015euna inanmak gerekir ki d\u00fcnya \u00fczerinde g\u00f6rd\u00fc\u011f\u00fcn\u00fcz her \u015fey kad\u0131n\u0131n eseridir\u201d s\u00f6zlerini payla\u015ft\u0131.<\/p>\n<p><strong>K\u00fclt\u00fcrel d\u00f6n\u00fc\u015f\u00fcm vurgusu<\/strong><\/p>\n<p>Kad\u0131nlar\u0131n maruz kald\u0131\u011f\u0131 haks\u0131zl\u0131k ve ayr\u0131mc\u0131l\u0131\u011fa de\u011finen Ba\u015fkan Tugay, toplumdaki k\u00f6kl\u00fc ayr\u0131mc\u0131 anlay\u0131\u015f\u0131n sona ermesi gerekti\u011fini vurgulad\u0131. Bu de\u011fi\u015fimin k\u00fclt\u00fcrel bir d\u00f6n\u00fc\u015f\u00fcmle m\u00fcmk\u00fcn olaca\u011f\u0131n\u0131 belirten Tugay, ba\u015far\u0131l\u0131 kad\u0131nlar\u0131n yaln\u0131zca bireysel ba\u015far\u0131yla yetinmemesi, kad\u0131n hareketine de sahip \u00e7\u0131kmas\u0131 gerekti\u011fini ifade etti. Ayr\u0131mc\u0131l\u0131k ve adaletsizlikten kad\u0131nlarla birlikte erkeklerin de etkilendi\u011fini s\u00f6yleyen Tugay, baz\u0131 \u00e7evrelerin kad\u0131nlar\u0131n pasif kalmas\u0131n\u0131 istedi\u011fini dile getirdi. Kad\u0131nlar\u0131 e\u011fitimden ve kamusal ya\u015famdan uzak tutmak i\u00e7in ger\u00e7eklerden uzak hikayeler yarat\u0131ld\u0131\u011f\u0131n\u0131 kaydeden Ba\u015fkan Tugay, \u201cBu bir amaca hizmet eden siyasi bir tav\u0131rd\u0131r\u201d dedi.<\/p>\n<p><strong>E\u011fitim ve fark\u0131ndal\u0131k \u00e7a\u011fr\u0131s\u0131<\/strong><\/p>\n<p>K\u00f6y okullar\u0131n\u0131n kapat\u0131lmas\u0131n\u0131n arka plan\u0131nda k\u0131z \u00e7ocuklar\u0131n\u0131n e\u011fitimden uzakla\u015ft\u0131r\u0131lmas\u0131 niyetinin bulundu\u011funu aktaran Ba\u015fkan Tugay, kad\u0131nlara y\u00f6nelik \u015fiddetin de korku yaratmay\u0131 ama\u00e7layan bilin\u00e7li bir tutum oldu\u011funu ifade etti.\u00a0 Yetersiz cezalar\u0131n bu tabloyu dolayl\u0131 olarak besledi\u011fini aktaran Ba\u015fkan Tugay, \u201cKad\u0131nlar\u0131n haklar\u0131na kavu\u015fmas\u0131n\u0131 ve ayr\u0131mc\u0131l\u0131\u011f\u0131n sona ermesini istiyorsak bunun fark\u0131nda olmal\u0131y\u0131z\u201d dedi. Ba\u015fkan Tugay, Gazi Mustafa Kemal Atat\u00fcrk\u2019\u00fcn yakla\u015f\u0131m\u0131n\u0131 \u00f6rnek g\u00f6stererek, sorunlar\u0131n bilimsel bir bak\u0131\u015f a\u00e7\u0131s\u0131yla ele al\u0131nmas\u0131 gerekti\u011fini vurgulad\u0131. K\u00fclt\u00fcrel d\u00f6n\u00fc\u015f\u00fcm\u00fcn; korkunun ve cehaletin ortadan kald\u0131r\u0131lmas\u0131, kad\u0131nlar\u0131n kamusal hayata kat\u0131l\u0131m\u0131n\u0131n g\u00fc\u00e7lendirilmesi ve \u00f6zg\u00fcvenlerinin art\u0131r\u0131lmas\u0131yla m\u00fcmk\u00fcn olaca\u011f\u0131n\u0131 s\u00f6zlerine ekledi.<\/p>\n<p><strong>Birlikte daha g\u00fc\u00e7l\u00fc<\/strong><\/p>\n<p>\u0130zmir B\u00fcy\u00fck\u015fehir Belediyesi ailesinin e\u015fitlik konusunda duyarl\u0131 oldu\u011funu vurgulayan Ba\u015fkan Tugay, kurum i\u00e7inde ayr\u0131mc\u0131l\u0131\u011fa izin vermediklerini ancak kentin baz\u0131 mahalle ve il\u00e7elerinde bu sorunun s\u00fcrd\u00fc\u011f\u00fcn\u00fc belirtti. Kad\u0131nlar\u0131n e\u011fitimde, istihdamda, sosyal ya\u015famda ve siyasette daha fazla yer almas\u0131 i\u00e7in y\u00fcr\u00fct\u00fclecek \u00e7al\u0131\u015fmalar\u0131n olumlu sonu\u00e7lar do\u011furaca\u011f\u0131na inand\u0131\u011f\u0131n\u0131 s\u00f6yleyen Ba\u015fkan Tugay, \u201cBu m\u00fccadele uzun soluklu. Asla teslim olmamal\u0131, haks\u0131zl\u0131\u011f\u0131 kabullenmemeliyiz. Birlikte hareket etti\u011fimizde, do\u011fru ad\u0131mlar\u0131 att\u0131\u011f\u0131m\u0131zda sand\u0131\u011f\u0131m\u0131zdan daha h\u0131zl\u0131 ve daha g\u00fc\u00e7l\u00fc bir s\u00fcreci ger\u00e7ekle\u015ftirebiliriz\u201d diyerek g\u00fc\u00e7l\u00fc bir \u00e7a\u011fr\u0131 yapt\u0131.<\/p>\n<p><strong>\u201cHer zaman yan\u0131n\u0131zday\u0131m\u201d<\/strong><\/p>\n<p>\u0130zmir B\u00fcy\u00fck\u015fehir Belediye Ba\u015fkan\u0131 Dr. Cemil Tugay\u2019\u0131n e\u015fi \u00d6znur Tugay da \u0130zmir B\u00fcy\u00fck\u015fehir Belediyesi\u2019nin \u00e7al\u0131\u015fanlar\u0131na ve sivil toplum kurulu\u015flar\u0131na te\u015fekk\u00fcr ederek, kad\u0131n m\u00fccadelesinin bir par\u00e7as\u0131 oldu\u011funu vurgulad\u0131. \u201cHer zaman yan\u0131n\u0131zday\u0131m, bundan sonra da olmaya devam edece\u011fim. Bu bulu\u015fman\u0131n g\u00fczel sonu\u00e7lar do\u011furaca\u011f\u0131na inan\u0131yorum. Sadece 8 Mart i\u00e7in de\u011fil, sonras\u0131nda da ortak bir sistem kurarak katk\u0131lar\u0131m\u0131z\u0131 s\u00fcrd\u00fcrebiliriz\u201d dedi. Konu\u015fmalar\u0131n ard\u0131ndan Kad\u0131n \u00c7al\u0131\u015fmalar\u0131 \u015eube M\u00fcd\u00fcrl\u00fc\u011f\u00fc\u2019nde g\u00f6revli sosyolog Ecem Pay\u00e7u, belediye taraf\u0131ndan haz\u0131rlanan taslak etkinlik takvimini payla\u015ft\u0131. Toplant\u0131, sivil toplum kurulu\u015fu temsilcilerinin \u00f6neri ve katk\u0131lar\u0131n\u0131n al\u0131nmas\u0131yla devam etti.<\/p>\n<p><strong>Etkinlikler ba\u015flad\u0131<\/strong><\/p>\n<p>Kad\u0131n \u00c7al\u0131\u015fmalar\u0131 \u015eube M\u00fcd\u00fcrl\u00fc\u011f\u00fc, \u015fubat ay\u0131 itibar\u0131yla 8 Mart Dayan\u0131\u015fma Noktalar\u0131\u2019n\u0131 olu\u015fturdu. Kadifekale, Agora, Hatay ve \u00d6rnekk\u00f6y\u2019deki kad\u0131n dayan\u0131\u015fma merkezlerinde; kad\u0131nlar\u0131n sunulan hizmetleri deneyimleyebilece\u011fi, dayan\u0131\u015fmay\u0131 g\u00fc\u00e7lendirecek ve deneyim payla\u015f\u0131m\u0131na imk\u00e2n tan\u0131yacak \u00e7e\u015fitli programlar haz\u0131rland\u0131. Torbal\u0131, Bayrakl\u0131, Dikili, Konak ve Buca\u2019da ise foto\u011fraf\u00e7\u0131l\u0131k at\u00f6lyeleri, toplumsal cinsiyet e\u015fitli\u011fi e\u011fitimleri, belgesel g\u00f6sterimleri ve s\u00f6yle\u015filer d\u00fczenleniyor. Ayr\u0131ca T\u00fcrk Medeni Kanunu\u2019nun kabul\u00fcn\u00fcn 100\u2019\u00fcnc\u00fc y\u0131l\u0131 kapsam\u0131nda, \u0130zmir Kent Konseyi Kad\u0131n Meclisi i\u015f birli\u011fiyle Elhamra Sahnesi\u2019nde \u00f6zel bir program ger\u00e7ekle\u015ftirilecek.<\/p>\n<p><strong>K\u00fclt\u00fcrpark\u2019ta kad\u0131nlar\u0131n sesi y\u00fckselecek<\/strong><\/p>\n<p>Bu y\u0131l 8 Mart program\u0131, kentin farkl\u0131 noktalar\u0131na yay\u0131lan etkinliklerin yan\u0131 s\u0131ra 6-7-8 Mart tarihlerinde K\u00fclt\u00fcrpark\u2019ta, sivil toplum kurulu\u015flar\u0131n\u0131n deste\u011fiyle ger\u00e7ekle\u015ftirilecek kapsaml\u0131 bir programla g\u00fc\u00e7lendiriliyor. \u00dc\u00e7 g\u00fcn boyunca K\u00fclt\u00fcrpark\u2019ta paneller, at\u00f6lyeler, s\u00f6yle\u015filer, sahne etkinlikleri ile bilgilendirme ve dayan\u0131\u015fma alanlar\u0131 kurulacak; kad\u0131nlar\u0131n bir araya gelece\u011fi kapsay\u0131c\u0131 bir bulu\u015fma zemini olu\u015fturulacak. Program, sivil toplumun katk\u0131lar\u0131yla daha da zenginle\u015fecek. K\u00fclt\u00fcrpark\u2019ta kad\u0131n kooperatifleri i\u00e7in sat\u0131\u015f alanlar\u0131, \u00e7ocuk etkinlik alanlar\u0131 ve mobil istihdam arac\u0131 yer alacak. Dijital \u015fiddet, kad\u0131n haklar\u0131, ayr\u0131mc\u0131l\u0131k ve \u00f6nyarg\u0131 konular\u0131nda at\u00f6lyeler ve bilgilendirme stantlar\u0131 kurulacak; sahne etkinlikleri, spor faaliyetleri, g\u00f6steriler ve konserler d\u00fczenlenecek. Ayr\u0131ca sosyal medya ve toplu ula\u015f\u0131m ara\u00e7lar\u0131nda fark\u0131ndal\u0131k \u00e7al\u0131\u015fmalar\u0131 y\u00fcr\u00fct\u00fclecek. Kad\u0131n giri\u015fimcili\u011fine odaklanan konferans ve Yerel E\u015fitlik Eylem Plan\u0131\u2019na ili\u015fkin dan\u0131\u015fma kurulu toplant\u0131s\u0131 da programda yer alacak.<\/p>\n<p>\u00a0<\/p>\n<p>\u00a0<\/p>\n<p>\u00a0<\/p>\n<p>Kaynak: (BYZHA) Beyaz Haber Ajans\u0131<\/p>\n","protected":false},"excerpt":{"rendered":"<p>\u0130zmir B\u00fcy\u00fck\u015fehir Belediye Ba\u015fkan\u0131 Dr. Cemil Tugay, 8 Mart \u00f6ncesi sivil toplum temsilcileriyle bulu\u015fmas\u0131nda kad\u0131nlara y\u00f6nelik ayr\u0131mc\u0131l\u0131k ve \u015fiddete kar\u015f\u0131 m\u00fccadelenin y\u0131l\u0131n her g\u00fcn\u00fc s\u00fcrmesi gerekti\u011fini vurgulad\u0131.<\/p>\n","protected":false},"author":1,"featured_media":40095,"comment_status":"open","ping_status":"open","sticky":false,"template":"","format":"standard","meta":{"footnotes":""},"categories":[4],"tags":[5618,978,380,5619,1782],"class_list":["post-40094","post","type-post","status-publish","format-standard","has-post-thumbnail","hentry","category-gundem","tag-ayrimci","tag-izmir","tag-kadin","tag-sivil-toplum","tag-tugay"],"_links":{"self":[{"href":"https:\/\/bihavadis.com\/index.php\/wp-json\/wp\/v2\/posts\/40094","targetHints":{"allow":["GET"]}}],"collection":[{"href":"https:\/\/bihavadis.com\/index.php\/wp-json\/wp\/v2\/posts"}],"about":[{"href":"https:\/\/bihavadis.com\/index.php\/wp-json\/wp\/v2\/types\/post"}],"author":[{"embeddable":true,"href":"https:\/\/bihavadis.com\/index.php\/wp-json\/wp\/v2\/users\/1"}],"replies":[{"embeddable":true,"href":"https:\/\/bihavadis.com\/index.php\/wp-json\/wp\/v2\/comments?post=40094"}],"version-history":[{"count":1,"href":"https:\/\/bihavadis.com\/index.php\/wp-json\/wp\/v2\/posts\/40094\/revisions"}],"predecessor-version":[{"id":40096,"href":"https:\/\/bihavadis.com\/index.php\/wp-json\/wp\/v2\/posts\/40094\/revisions\/40096"}],"wp:featuredmedia":[{"embeddable":true,"href":"https:\/\/bihavadis.com\/index.php\/wp-json\/wp\/v2\/media\/40095"}],"wp:attachment":[{"href":"https:\/\/bihavadis.com\/index.php\/wp-json\/wp\/v2\/media?parent=40094"}],"wp:term":[{"taxonomy":"category","embeddable":true,"href":"https:\/\/bihavadis.com\/index.php\/wp-json\/wp\/v2\/categories?post=40094"},{"taxonomy":"post_tag","embeddable":true,"href":"https:\/\/bihavadis.com\/index.php\/wp-json\/wp\/v2\/tags?post=40094"}],"curies":[{"name":"wp","href":"https:\/\/api.w.org\/{rel}","templated":true}]}}