{"id":40149,"date":"2026-02-21T15:57:04","date_gmt":"2026-02-21T15:57:04","guid":{"rendered":"https:\/\/bihavadis.com\/?p=40149"},"modified":"2026-02-21T15:57:04","modified_gmt":"2026-02-21T15:57:04","slug":"saray-iftar-sofralarinda-bulusacak","status":"publish","type":"post","link":"https:\/\/bihavadis.com\/index.php\/2026\/02\/21\/saray-iftar-sofralarinda-bulusacak\/","title":{"rendered":"Saray, iftar sofralar\u0131nda bulu\u015facak"},"content":{"rendered":"<p>Saray Belediyesi Ramazan ay\u0131 dolas\u0131yla hava ko\u015fullar\u0131 do\u011frultusunda 9 mahallede iftar program\u0131 d\u00fczenleyecek. Dayan\u0131\u015fma, birlik ve beraberlik duygusunu ya\u015fatacak olan Saray Belediyesi vatanda\u015flar\u0131 iftar sofralar\u0131nda bulu\u015fturacak. Saray Belediyesi\u2019nin d\u00fczenledi\u011fi iftar programlar\u0131 \u015f\u00f6yle olacak:<\/p>\n<p>9 MAHALLEDE \u0130FTAR VER\u0130LECEK<br \/>22 \u015eubat Pazar Beyazk\u00f6y D\u00fc\u011f\u00fcn Salonu<br \/>27 \u015eubat Cuma G\u00f6\u00e7erler D\u00fc\u011f\u00fcn Salonu<br \/>28 \u015eubat K\u00fc\u00e7\u00fckyoncal\u0131 D\u00fc\u011f\u00fcn Salonu<br \/>1 Mart Pazar Sinanl\u0131 Mahallesi<br \/>6 Mart Cuma Saray Merkez<br \/>7 Mart G\u00fcng\u00f6rmez D\u00fc\u011f\u00fcn Salonu<br \/>13 Mart B\u00fcy\u00fckyoncal\u0131 D\u00fc\u011f\u00fcn Salonu<br \/>15 Mart Pazar \u00c7ukuryurt D\u00fc\u011f\u00fcn Salonu<br \/>16 Mart Pazartesi Edirk\u00f6y D\u00fc\u011f\u00fcn Salonu<\/p>\n<p>BA\u015eKAN TA\u015eYASAN: \u201cRAMAZAN\u2019IN BEREKET\u0130N\u0130 B\u0130RL\u0130KTE PAYLA\u015eALIM\u201d<br \/>Konuya ili\u015fkin de\u011ferlendirmede bulunan Saray Belediye Ba\u015fkan\u0131 Abd\u00fcl Ta\u015fyasan, \u201cRahmetin, bereketin ve payla\u015fman\u0131n ay\u0131 olan Ramazan\u2019\u0131n sofralar\u0131m\u0131za bereket, g\u00f6n\u00fcllerimize huzur, \u00fclkemize birlik ve dayan\u0131\u015fma getirmesini diliyorum. Tuttu\u011fumuz oru\u00e7lar\u0131n, etti\u011fimiz dualar\u0131n kabul olmas\u0131n\u0131 diliyorum. Ramazan ay\u0131m\u0131z m\u00fcbarek olsun. Ramazan\u2019\u0131n bereketini birlikte ya\u015famak, ayn\u0131 sofrada bulu\u015fmak ve lokmam\u0131z\u0131 payla\u015fmak i\u00e7in t\u00fcm hem\u015fehrilerimizi iftar sofralar\u0131m\u0131za bekliyoruz.\u201d dedi.<\/p>\n<p>\u00a0<\/p>\n<p>Kaynak: (BYZHA) Beyaz Haber Ajans\u0131<\/p>\n","protected":false},"excerpt":{"rendered":"<p>Saray Belediyesi Ramazan ay\u0131 dolas\u0131yla hava ko\u015fullar\u0131 do\u011frultusunda 9 mahallede iftar program\u0131 d\u00fczenleyecek.<\/p>\n","protected":false},"author":1,"featured_media":40150,"comment_status":"open","ping_status":"open","sticky":false,"template":"","format":"standard","meta":{"footnotes":""},"categories":[4],"tags":[5626,675,3084,2714,4738],"class_list":["post-40149","post","type-post","status-publish","format-standard","has-post-thumbnail","hentry","category-gundem","tag-dugun-salonu","tag-iftar","tag-mart","tag-ramazan","tag-saray"],"_links":{"self":[{"href":"https:\/\/bihavadis.com\/index.php\/wp-json\/wp\/v2\/posts\/40149","targetHints":{"allow":["GET"]}}],"collection":[{"href":"https:\/\/bihavadis.com\/index.php\/wp-json\/wp\/v2\/posts"}],"about":[{"href":"https:\/\/bihavadis.com\/index.php\/wp-json\/wp\/v2\/types\/post"}],"author":[{"embeddable":true,"href":"https:\/\/bihavadis.com\/index.php\/wp-json\/wp\/v2\/users\/1"}],"replies":[{"embeddable":true,"href":"https:\/\/bihavadis.com\/index.php\/wp-json\/wp\/v2\/comments?post=40149"}],"version-history":[{"count":1,"href":"https:\/\/bihavadis.com\/index.php\/wp-json\/wp\/v2\/posts\/40149\/revisions"}],"predecessor-version":[{"id":40151,"href":"https:\/\/bihavadis.com\/index.php\/wp-json\/wp\/v2\/posts\/40149\/revisions\/40151"}],"wp:featuredmedia":[{"embeddable":true,"href":"https:\/\/bihavadis.com\/index.php\/wp-json\/wp\/v2\/media\/40150"}],"wp:attachment":[{"href":"https:\/\/bihavadis.com\/index.php\/wp-json\/wp\/v2\/media?parent=40149"}],"wp:term":[{"taxonomy":"category","embeddable":true,"href":"https:\/\/bihavadis.com\/index.php\/wp-json\/wp\/v2\/categories?post=40149"},{"taxonomy":"post_tag","embeddable":true,"href":"https:\/\/bihavadis.com\/index.php\/wp-json\/wp\/v2\/tags?post=40149"}],"curies":[{"name":"wp","href":"https:\/\/api.w.org\/{rel}","templated":true}]}}