{"id":40209,"date":"2026-02-21T16:42:07","date_gmt":"2026-02-21T16:42:07","guid":{"rendered":"https:\/\/bihavadis.com\/?p=40209"},"modified":"2026-02-21T16:42:07","modified_gmt":"2026-02-21T16:42:07","slug":"diyarbakirda-kaybolan-kadin-olu-bulundu","status":"publish","type":"post","link":"https:\/\/bihavadis.com\/index.php\/2026\/02\/21\/diyarbakirda-kaybolan-kadin-olu-bulundu\/","title":{"rendered":"Diyarbak\u0131r&#8217;da Kaybolan Kad\u0131n \u00d6l\u00fc Bulundu"},"content":{"rendered":"<p>D\u0130YARBAKIR&#8217;\u0131n \u00c7\u0131nar il\u00e7esinde 13 g\u00fcnd\u00fcr kay\u0131p olarak aranan 2 \u00e7ocuk annesi zihinsel engelli Nimet K\u0131l\u0131\u00e7&#8217;\u0131n (45) dere yata\u011f\u0131nda cans\u0131z bedeni bulundu. <\/p>\n<p>\u0130l\u00e7eye ba\u011fl\u0131 Kubac\u0131k Mahallesi&#8217;nde ya\u015fayan \u015eeyhmus K\u0131l\u0131\u00e7, 21 Ocak&#8217;ta sabah saatlerinde uyand\u0131\u011f\u0131nda zihinsel engelli 2 \u00e7ocuk annesi e\u015fi Nimet K\u0131l\u0131\u00e7&#8217;\u0131 g\u00f6remeyince kay\u0131npederinin evine gitti. E\u015fini burada da bulamayan K\u0131l\u0131\u00e7, durumu 112 Acil \u00c7a\u011fr\u0131 Merkezi&#8217;ne bildirdi. \u0130hbar \u00fczerine 22 Ocak&#8217;ta AFAD, Dicle \u00dcniversitesi Arama Kurtarma ve jandarma ekipleri taraf\u0131ndan arama \u00e7al\u0131\u015fmas\u0131 ba\u015flat\u0131ld\u0131. Nimet K\u0131l\u0131\u00e7&#8217;\u0131n g\u00f6r\u00fcnt\u00fcs\u00fc, kayboldu\u011fu g\u00fcn sabah saatlerinde bir g\u00fcvenlik kameras\u0131na yans\u0131d\u0131. G\u00f6r\u00fcnt\u00fclerde, K\u0131l\u0131\u00e7&#8217;\u0131n saat 05.12 s\u0131ralar\u0131nda tek ba\u015f\u0131na ilerledi\u011fi g\u00f6r\u00fcld\u00fc. <\/p>\n<p>Arama \u00e7al\u0131\u015fmalar\u0131n\u0131n 13&#8217;\u00fcnc\u00fc g\u00fcn\u00fcnde evlerinden yakla\u015f\u0131k 3 kilometre uzakl\u0131ktaki Bal\u0131kaya Deresi yata\u011f\u0131nda olu\u015fan adac\u0131kta Nimet K\u0131l\u0131\u00e7&#8217;\u0131n cans\u0131z bedeni bulundu. Nimet K\u0131l\u0131\u00e7&#8217;\u0131n cenazesi, yap\u0131lacak incelemenin ard\u0131ndan kesin \u00f6l\u00fcm nedeninin belirlenmesi amac\u0131yla Adli T\u0131p Kurumu&#8217;na g\u00f6t\u00fcr\u00fclecek. <\/p>\n<p>Olayla ilgili soru\u015fturma ba\u015flat\u0131ld\u0131. <\/p>\n","protected":false},"excerpt":{"rendered":"<p>Zihinsel engelli Nimet K\u0131l\u0131\u00e7&#8217;\u0131n 13 g\u00fcn sonra cans\u0131z bedeni dere yata\u011f\u0131nda bulundu.<\/p>\n","protected":false},"author":1,"featured_media":40210,"comment_status":"open","ping_status":"open","sticky":false,"template":"","format":"standard","meta":{"footnotes":""},"categories":[9,4,13],"tags":[],"class_list":["post-40209","post","type-post","status-publish","format-standard","has-post-thumbnail","hentry","category-genel","category-gundem","category-son-dakika"],"_links":{"self":[{"href":"https:\/\/bihavadis.com\/index.php\/wp-json\/wp\/v2\/posts\/40209","targetHints":{"allow":["GET"]}}],"collection":[{"href":"https:\/\/bihavadis.com\/index.php\/wp-json\/wp\/v2\/posts"}],"about":[{"href":"https:\/\/bihavadis.com\/index.php\/wp-json\/wp\/v2\/types\/post"}],"author":[{"embeddable":true,"href":"https:\/\/bihavadis.com\/index.php\/wp-json\/wp\/v2\/users\/1"}],"replies":[{"embeddable":true,"href":"https:\/\/bihavadis.com\/index.php\/wp-json\/wp\/v2\/comments?post=40209"}],"version-history":[{"count":1,"href":"https:\/\/bihavadis.com\/index.php\/wp-json\/wp\/v2\/posts\/40209\/revisions"}],"predecessor-version":[{"id":40211,"href":"https:\/\/bihavadis.com\/index.php\/wp-json\/wp\/v2\/posts\/40209\/revisions\/40211"}],"wp:featuredmedia":[{"embeddable":true,"href":"https:\/\/bihavadis.com\/index.php\/wp-json\/wp\/v2\/media\/40210"}],"wp:attachment":[{"href":"https:\/\/bihavadis.com\/index.php\/wp-json\/wp\/v2\/media?parent=40209"}],"wp:term":[{"taxonomy":"category","embeddable":true,"href":"https:\/\/bihavadis.com\/index.php\/wp-json\/wp\/v2\/categories?post=40209"},{"taxonomy":"post_tag","embeddable":true,"href":"https:\/\/bihavadis.com\/index.php\/wp-json\/wp\/v2\/tags?post=40209"}],"curies":[{"name":"wp","href":"https:\/\/api.w.org\/{rel}","templated":true}]}}