{"id":40289,"date":"2026-02-21T17:36:06","date_gmt":"2026-02-21T17:36:06","guid":{"rendered":"https:\/\/bihavadis.com\/?p=40289"},"modified":"2026-02-21T17:36:06","modified_gmt":"2026-02-21T17:36:06","slug":"osmangazi-belediyesinin-2025-yili-faaliyetleri-degerlendirildi","status":"publish","type":"post","link":"https:\/\/bihavadis.com\/index.php\/2026\/02\/21\/osmangazi-belediyesinin-2025-yili-faaliyetleri-degerlendirildi\/","title":{"rendered":"Osmangazi Belediyesi&#8217;nin 2025 Y\u0131l\u0131 Faaliyetleri De\u011ferlendirildi"},"content":{"rendered":"<p>Osmangazi Belediyesi, 2025 y\u0131l\u0131 faaliyetlerini de\u011ferlendirmek ve 2026 y\u0131l\u0131na y\u00f6nelik hedeflerini belirlemek amac\u0131yla Y\u00f6netim G\u00f6zden Ge\u00e7irme Toplant\u0131s\u0131 d\u00fczenledi.<br \/>Erkan Ayd\u0131n ba\u015fkanl\u0131\u011f\u0131nda ger\u00e7ekle\u015ftirilen toplant\u0131da, 2025 y\u0131l\u0131 boyunca hayata ge\u00e7irilen hizmetler detayl\u0131 \u015fekilde g\u00f6zden ge\u00e7irilirken, 2026 y\u0131l\u0131na ili\u015fkin planlanan \u00e7al\u0131\u015fmalar ve hedefler de kapsaml\u0131 olarak de\u011ferlendirildi.<\/p>\n<p>Osmangazi Belediye Ba\u015fkan\u0131 Erkan Ayd\u0131n\u2019\u0131n ba\u015fkanl\u0131\u011f\u0131nda ger\u00e7ekle\u015fen ve belediye ba\u015fkan yard\u0131mc\u0131lar\u0131 ile birim m\u00fcd\u00fcrlerinin kat\u0131ld\u0131\u011f\u0131 toplant\u0131da, 2025 y\u0131l\u0131 boyunca hayata ge\u00e7irilen projeler, sunulan hizmetler kapsaml\u0131 bir \u015fekilde ele al\u0131nd\u0131. Birim m\u00fcd\u00fcrleri, slayt sunumlar\u0131 e\u015fli\u011finde y\u00fcr\u00fct\u00fclen \u00e7al\u0131\u015fmalar\u0131 belirlenen hedeflere ula\u015f\u0131l\u0131p ula\u015f\u0131lmad\u0131\u011f\u0131 hakk\u0131nda Ba\u015fkan Erkan Ayd\u0131n detayl\u0131 bilgi verdi. Toplant\u0131 kapsam\u0131nda ayr\u0131ca, hizmet kalitesinin art\u0131r\u0131lmas\u0131 ve kaynaklar\u0131n daha verimli kullan\u0131lmas\u0131 amac\u0131yla 2026 y\u0131l\u0131nda uygulanmas\u0131 planlanan projeler de analiz edildi.\u00a0<\/p>\n<p>\u201c2025 Y\u0131l\u0131nda \u00d6nemli ve Ba\u015far\u0131l\u0131 \u00c7al\u0131\u015fmalara \u0130mza Att\u0131k\u201d<\/p>\n<p>Y\u00f6netim G\u00f6zden Ge\u00e7irme toplant\u0131s\u0131 i\u00e7in bir araya geldiklerini belirten Osmangazi Belediye Ba\u015fkan\u0131 Erkan Ayd\u0131n, s\u00f6zlerinde \u015fu ifadelere yer verdi:<\/p>\n<p>\u201cGe\u00e7ti\u011fimiz haftalarda ger\u00e7ekle\u015ftirdi\u011fimiz i\u00e7 tetkik toplant\u0131lar\u0131yla birimlerimizin g\u00fc\u00e7l\u00fc y\u00f6nleri ve geli\u015ftirilmesi gereken alanlar belirlendi. Bug\u00fcn yap\u0131lan Y\u00f6netim G\u00f6zden Ge\u00e7irme Toplant\u0131s\u0131\u2019nda ise 2025 y\u0131l\u0131 kapsaml\u0131 \u015fekilde de\u011ferlendirdik. Bu i\u00e7 de\u011ferlendirmeler, kurumumuzun i\u015fleyi\u015fini daha d\u00fczenli ve verimli hale getirmeyi ama\u00e7l\u0131yor. Belediyecilik anlay\u0131\u015f\u0131m\u0131z\u0131n merkezinde, vatanda\u015flar\u0131m\u0131za sunulan hizmetin kalitesini art\u0131rmak, sorunlar\u0131 azaltmak ve memnuniyeti y\u00fckseltmek yer almaktad\u0131r. Bu do\u011frultuda m\u00fcd\u00fcrlerimiz ve ba\u015fkan yard\u0131mc\u0131lar\u0131m\u0131zla s\u00fcrekli ileti\u015fim halindeyiz; sahadan ve personelimizden gelen geri bildirimlerle iyile\u015ftirme \u00e7al\u0131\u015fmalar\u0131n\u0131 birlikte y\u00fcr\u00fct\u00fcyoruz. Kurum i\u00e7i \u00e7al\u0131\u015fan memnuniyetinde y\u00fczde 5\u2019lik bir art\u0131\u015f sa\u011fland\u0131. Hedefimiz bu oran\u0131 daha da y\u00fckseltmek. Ayr\u0131ca 5 bin 300 vatanda\u015fla yapt\u0131\u011f\u0131m\u0131z ankette memnuniyet oran\u0131n\u0131n y\u00fcksek \u00e7\u0131kmas\u0131 \u00e7al\u0131\u015fmalar\u0131m\u0131z\u0131n do\u011fru y\u00f6nde ilerledi\u011fini g\u00f6stermektedir. 2025 y\u0131l\u0131nda \u00f6nemli ve ba\u015far\u0131l\u0131 \u00e7al\u0131\u015fmalara imza att\u0131k. Hayata ge\u00e7irilen projelerde eme\u011fi ge\u00e7en herkese te\u015fekk\u00fcr ediyorum.\u201d<\/p>\n<p>\u00a0<\/p>\n<p>Kaynak: (BYZHA) Beyaz Haber Ajans\u0131<\/p>\n","protected":false},"excerpt":{"rendered":"<p>Osmangazi Belediyesi, 2025 y\u0131l\u0131 faaliyetlerini de\u011ferlendirmek ve 2026 y\u0131l\u0131na y\u00f6nelik hedeflerini belirlemek amac\u0131yla Y\u00f6netim G\u00f6zden Ge\u00e7irme Toplant\u0131s\u0131 d\u00fczenledi.<\/p>\n","protected":false},"author":1,"featured_media":40290,"comment_status":"open","ping_status":"open","sticky":false,"template":"","format":"standard","meta":{"footnotes":""},"categories":[4],"tags":[398,516,372,991,1058],"class_list":["post-40289","post","type-post","status-publish","format-standard","has-post-thumbnail","hentry","category-gundem","tag-2025-yili","tag-baskan","tag-belediye","tag-calismalar","tag-toplanti"],"_links":{"self":[{"href":"https:\/\/bihavadis.com\/index.php\/wp-json\/wp\/v2\/posts\/40289","targetHints":{"allow":["GET"]}}],"collection":[{"href":"https:\/\/bihavadis.com\/index.php\/wp-json\/wp\/v2\/posts"}],"about":[{"href":"https:\/\/bihavadis.com\/index.php\/wp-json\/wp\/v2\/types\/post"}],"author":[{"embeddable":true,"href":"https:\/\/bihavadis.com\/index.php\/wp-json\/wp\/v2\/users\/1"}],"replies":[{"embeddable":true,"href":"https:\/\/bihavadis.com\/index.php\/wp-json\/wp\/v2\/comments?post=40289"}],"version-history":[{"count":1,"href":"https:\/\/bihavadis.com\/index.php\/wp-json\/wp\/v2\/posts\/40289\/revisions"}],"predecessor-version":[{"id":40291,"href":"https:\/\/bihavadis.com\/index.php\/wp-json\/wp\/v2\/posts\/40289\/revisions\/40291"}],"wp:featuredmedia":[{"embeddable":true,"href":"https:\/\/bihavadis.com\/index.php\/wp-json\/wp\/v2\/media\/40290"}],"wp:attachment":[{"href":"https:\/\/bihavadis.com\/index.php\/wp-json\/wp\/v2\/media?parent=40289"}],"wp:term":[{"taxonomy":"category","embeddable":true,"href":"https:\/\/bihavadis.com\/index.php\/wp-json\/wp\/v2\/categories?post=40289"},{"taxonomy":"post_tag","embeddable":true,"href":"https:\/\/bihavadis.com\/index.php\/wp-json\/wp\/v2\/tags?post=40289"}],"curies":[{"name":"wp","href":"https:\/\/api.w.org\/{rel}","templated":true}]}}