{"id":40292,"date":"2026-02-21T17:39:07","date_gmt":"2026-02-21T17:39:07","guid":{"rendered":"https:\/\/bihavadis.com\/?p=40292"},"modified":"2026-02-21T17:39:07","modified_gmt":"2026-02-21T17:39:07","slug":"a-milli-takimimizin-uefa-uluslar-ligi-fiksturu-aciklandi","status":"publish","type":"post","link":"https:\/\/bihavadis.com\/index.php\/2026\/02\/21\/a-milli-takimimizin-uefa-uluslar-ligi-fiksturu-aciklandi\/","title":{"rendered":"A Milli Tak\u0131m\u0131m\u0131z\u0131n, UEFA Uluslar Ligi fikst\u00fcr\u00fc a\u00e7\u0131kland\u0131"},"content":{"rendered":"<p>A Milli Tak\u0131m\u0131m\u0131z\u0131n tarihinde ilk defa A Ligi&#8217;nde m\u00fccadele edece\u011fi UEFA Uluslar Ligi&#8217;nde 2026\/27 sezonunun kura \u00e7ekimi d\u00fcn Bel\u00e7ika&#8217;n\u0131n ba\u015fkenti Br\u00fcksel&#8217;de yap\u0131lm\u0131\u015ft\u0131.<\/p>\n<p>Bu kapsamda Ay-y\u0131ld\u0131zl\u0131lar\u0131n rakipleri belli olmu\u015ftu.<\/p>\n<p>UEFA Uluslar A Ligi 1. Grup&#8217;ta Fransa, \u0130talya ve Bel\u00e7ika ile e\u015fle\u015fen T\u00fcrkiye&#8217;nin ma\u00e7 takvimi de a\u00e7\u0131kland\u0131.<\/p>\n<p><strong>F\u0130KST\u00dcR BELL\u0130 OLDU: \u0130LK MA\u00c7IMIZ FRANSA&#8217;YLA <\/strong><\/p>\n<p>A\u00e7\u0131klanan fikst\u00fcre g\u00f6re ilk ma\u00e7\u0131m\u0131z\u0131 25 Eyl\u00fcl&#8217;de Fransa&#8217;yla oynayaca\u011f\u0131z.<\/p>\n<p>A Milli Tak\u0131m\u0131m\u0131z\u0131n UEFA Uluslar A Ligi 1. Grup&#8217;ta oynayaca\u011f\u0131 ma\u00e7lar\u0131n fikst\u00fcr\u00fc \u015f\u00f6yle:<\/p>\n<p><b>25 Eyl\u00fcl: T\u00fcrkiye &#8211; Fransa <\/b><\/p>\n<p><b>28 Eyl\u00fcl: T\u00fcrkiye &#8211; \u0130talya <\/b><\/p>\n<p><b>2 Ekim: Bel\u00e7ika &#8211; T\u00fcrkiye<\/b><\/p>\n<p><b> 5 Ekim: \u0130talya &#8211; T\u00fcrkiye<\/b><\/p>\n<p><b>12 Kas\u0131m: T\u00fcrkiye &#8211; Bel\u00e7ika<\/b><\/p>\n<p><b>15 Kas\u0131m: Fransa &#8211; T\u00fcrkiye<\/b><\/p>\n<p><img decoding=\"async\" src=\"https:\/\/bihavadis.com\/wp-content\/uploads\/2026\/02\/a-milli-takimimizin-uefa-uluslar-ligi-fiksturu-aciklandi-0-blMqLFXF.jpg\"\/><\/p>\n<p><img decoding=\"async\" src=\"https:\/\/bihavadis.com\/wp-content\/uploads\/2026\/02\/a-milli-takimimizin-uefa-uluslar-ligi-fiksturu-aciklandi-1-6dbJHH8H.jpg\"\/><\/p>\n","protected":false},"excerpt":{"rendered":"<p>UEFA Uluslar A Ligi&#8217;ne y\u00fckselen Milli Tak\u0131m\u0131m\u0131z&#8217;\u0131n rakipleri kura \u00e7ekiminde belli oldu. A Milli Tak\u0131m\u0131m\u0131z\u0131n ma\u00e7 takvimi de netle\u015fti. Buna g\u00f6re ilk ma\u00e7\u0131m\u0131z\u0131 25 Eyl\u00fcl&#8217;de Fransa&#8217;yla oynayaca\u011f\u0131z.<\/p>\n","protected":false},"author":1,"featured_media":40293,"comment_status":"open","ping_status":"open","sticky":false,"template":"","format":"standard","meta":{"footnotes":""},"categories":[14],"tags":[3215,197],"class_list":["post-40292","post","type-post","status-publish","format-standard","has-post-thumbnail","hentry","category-spor","tag-fransa","tag-turkiye"],"_links":{"self":[{"href":"https:\/\/bihavadis.com\/index.php\/wp-json\/wp\/v2\/posts\/40292","targetHints":{"allow":["GET"]}}],"collection":[{"href":"https:\/\/bihavadis.com\/index.php\/wp-json\/wp\/v2\/posts"}],"about":[{"href":"https:\/\/bihavadis.com\/index.php\/wp-json\/wp\/v2\/types\/post"}],"author":[{"embeddable":true,"href":"https:\/\/bihavadis.com\/index.php\/wp-json\/wp\/v2\/users\/1"}],"replies":[{"embeddable":true,"href":"https:\/\/bihavadis.com\/index.php\/wp-json\/wp\/v2\/comments?post=40292"}],"version-history":[{"count":1,"href":"https:\/\/bihavadis.com\/index.php\/wp-json\/wp\/v2\/posts\/40292\/revisions"}],"predecessor-version":[{"id":40296,"href":"https:\/\/bihavadis.com\/index.php\/wp-json\/wp\/v2\/posts\/40292\/revisions\/40296"}],"wp:featuredmedia":[{"embeddable":true,"href":"https:\/\/bihavadis.com\/index.php\/wp-json\/wp\/v2\/media\/40293"}],"wp:attachment":[{"href":"https:\/\/bihavadis.com\/index.php\/wp-json\/wp\/v2\/media?parent=40292"}],"wp:term":[{"taxonomy":"category","embeddable":true,"href":"https:\/\/bihavadis.com\/index.php\/wp-json\/wp\/v2\/categories?post=40292"},{"taxonomy":"post_tag","embeddable":true,"href":"https:\/\/bihavadis.com\/index.php\/wp-json\/wp\/v2\/tags?post=40292"}],"curies":[{"name":"wp","href":"https:\/\/api.w.org\/{rel}","templated":true}]}}