{"id":40341,"date":"2026-02-21T18:21:04","date_gmt":"2026-02-21T18:21:04","guid":{"rendered":"https:\/\/bihavadis.com\/?p=40341"},"modified":"2026-02-21T18:21:04","modified_gmt":"2026-02-21T18:21:04","slug":"vanda-120-kahraman-cocuk-anildi","status":"publish","type":"post","link":"https:\/\/bihavadis.com\/index.php\/2026\/02\/21\/vanda-120-kahraman-cocuk-anildi\/","title":{"rendered":"Van&#8217;da &#8220;120 kahraman \u00e7ocuk&#8221; an\u0131ld\u0131"},"content":{"rendered":"<p> Van&#8217;da, 1. D\u00fcnya Sava\u015f\u0131 s\u0131ras\u0131nda Hoy Cephesi&#8217;ndeki askerlere erzak ve cephane ta\u015f\u0131yan, d\u00f6n\u00fc\u015f yolunda tipi nedeniyle b\u00fcy\u00fck b\u00f6l\u00fcm\u00fc \u015fehit olan &#8220;120 kahraman \u00e7ocuk&#8221; an\u0131ld\u0131.<\/p>\n<p>\u0130l Milli E\u011fitim M\u00fcd\u00fcrl\u00fc\u011f\u00fcnce d\u00fczenlenen anma program\u0131 i\u00e7in Kaz\u0131m Karabekir Caddesi&#8217;nde bir araya gelen \u00f6\u011frenci ve \u00f6\u011fretmenler, T\u00fcrk bayraklar\u0131yla Kurtulu\u015f Park\u0131&#8217;ndaki 120 Vanl\u0131 Kahraman \u00c7ocuklar An\u0131t\u0131&#8217;na kadar y\u00fcr\u00fcd\u00fc.<\/p>\n<p>Sayg\u0131 duru\u015funda bulunulmas\u0131 ve \u0130stiklal Mar\u015f\u0131&#8217;n\u0131n okunmas\u0131n\u0131n ard\u0131ndan \u015fehitler i\u00e7in dua edildi.<\/p>\n<p>Programda konu\u015fan \u0130l Milli E\u011fitim M\u00fcd\u00fcr\u00fc Bilal Y\u0131lmaz \u00c7and\u0131ro\u011flu, b\u00fcy\u00fck fedakarl\u0131klarla bu topraklar\u0131n vatan yap\u0131ld\u0131\u011f\u0131n\u0131 s\u00f6yledi.<\/p>\n<p>\u00c7and\u0131ro\u011flu, &#8220;Bu bayraklar g\u00f6klerde dalgalans\u0131n diye Sar\u0131kam\u0131\u015f&#8217;ta 90 bin, \u00c7anakkale&#8217;de 250 bin ve burada da 120 evlad\u0131m\u0131z \u015fehit oldu. Allah&#8217;a \u015f\u00fck\u00fcrler olsun ki bu topraklar i\u00e7in can\u0131n\u0131 feda edecek yi\u011fitlerimiz her zaman var olmu\u015f, olmaya devam edecektir.&#8221; dedi.<\/p>\n<p>Program, Vali ve B\u00fcy\u00fck\u015fehir Belediye Ba\u015fkan Vekili Ozan Balc\u0131, \u0130l Emniyet M\u00fcd\u00fcr\u00fc Murat Mutlu, \u0130l Jandarma Komutan\u0131 Tu\u011fgeneral M\u00fccahit Avk\u0131ran, \u00f6\u011fretmen ve \u00f6\u011frencilerin an\u0131ta karanfil b\u0131rakmas\u0131yla son buldu.<\/p>\n","protected":false},"excerpt":{"rendered":"<p>Van&#8217;da, 1. D\u00fcnya Sava\u015f\u0131 s\u0131ras\u0131nda Hoy Cephesi&#8217;ndeki askerlere erzak ve cephane ta\u015f\u0131yan, d\u00f6n\u00fc\u015f yolunda tipi nedeniyle b\u00fcy\u00fck b\u00f6l\u00fcm\u00fc \u015fehit olan &#8220;120 kahraman \u00e7ocuk&#8221; an\u0131ld\u0131.<\/p>\n","protected":false},"author":1,"featured_media":0,"comment_status":"open","ping_status":"open","sticky":false,"template":"","format":"standard","meta":{"footnotes":""},"categories":[6],"tags":[],"class_list":["post-40341","post","type-post","status-publish","format-standard","hentry","category-dunya"],"_links":{"self":[{"href":"https:\/\/bihavadis.com\/index.php\/wp-json\/wp\/v2\/posts\/40341","targetHints":{"allow":["GET"]}}],"collection":[{"href":"https:\/\/bihavadis.com\/index.php\/wp-json\/wp\/v2\/posts"}],"about":[{"href":"https:\/\/bihavadis.com\/index.php\/wp-json\/wp\/v2\/types\/post"}],"author":[{"embeddable":true,"href":"https:\/\/bihavadis.com\/index.php\/wp-json\/wp\/v2\/users\/1"}],"replies":[{"embeddable":true,"href":"https:\/\/bihavadis.com\/index.php\/wp-json\/wp\/v2\/comments?post=40341"}],"version-history":[{"count":1,"href":"https:\/\/bihavadis.com\/index.php\/wp-json\/wp\/v2\/posts\/40341\/revisions"}],"predecessor-version":[{"id":40342,"href":"https:\/\/bihavadis.com\/index.php\/wp-json\/wp\/v2\/posts\/40341\/revisions\/40342"}],"wp:attachment":[{"href":"https:\/\/bihavadis.com\/index.php\/wp-json\/wp\/v2\/media?parent=40341"}],"wp:term":[{"taxonomy":"category","embeddable":true,"href":"https:\/\/bihavadis.com\/index.php\/wp-json\/wp\/v2\/categories?post=40341"},{"taxonomy":"post_tag","embeddable":true,"href":"https:\/\/bihavadis.com\/index.php\/wp-json\/wp\/v2\/tags?post=40341"}],"curies":[{"name":"wp","href":"https:\/\/api.w.org\/{rel}","templated":true}]}}