{"id":40365,"date":"2026-02-21T18:39:05","date_gmt":"2026-02-21T18:39:05","guid":{"rendered":"https:\/\/bihavadis.com\/?p=40365"},"modified":"2026-02-21T18:39:05","modified_gmt":"2026-02-21T18:39:05","slug":"baskan-yetiskin-sosyal-belediyeciligi-lafla-degil-isle-anlatiyoruz","status":"publish","type":"post","link":"https:\/\/bihavadis.com\/index.php\/2026\/02\/21\/baskan-yetiskin-sosyal-belediyeciligi-lafla-degil-isle-anlatiyoruz\/","title":{"rendered":"Ba\u015fkan Yeti\u015fkin: &#8220;Sosyal belediyecili\u011fi lafla de\u011fil i\u015fle anlat\u0131yoruz&#8221;"},"content":{"rendered":"<p>Seferihisar Belediyesi, artan hayat pahal\u0131l\u0131\u011f\u0131 ve ekonomik zorluklar kar\u015f\u0131s\u0131nda vatanda\u015flar\u0131n temel g\u0131daya eri\u015fimini kolayla\u015ft\u0131rmak amac\u0131yla hayata ge\u00e7irdi\u011fi Halk Ekmek Projesi ile sosyal belediyecilik anlay\u0131\u015f\u0131n\u0131 kararl\u0131l\u0131kla s\u00fcrd\u00fcr\u00fcyor.<\/p>\n<p>Belediye b\u00fcnyesindeki f\u0131r\u0131nda \u00fcretilen ekmekler, her sabah erken saatlerde il\u00e7enin farkl\u0131 noktalar\u0131nda 10.00 TL fiyat\u0131 ile halkla bulu\u015fturuluyor.<\/p>\n<p>Seferihisar Belediyesi\u2019ne ait f\u0131r\u0131nlarda, deneyimli ekmek ustalar\u0131 taraf\u0131ndan hijyenik ko\u015fullarda \u00fcretilen Halk Ekmekler, sabah saat 06.00\u201307.00 itibar\u0131yla da\u011f\u0131t\u0131ma \u00e7\u0131k\u0131yor. \u0130l\u00e7e genelinde Merkez, Tepecik, Turabiye ve \u00dcrkmez olmak \u00fczere d\u00f6rt farkl\u0131 b\u00fcfede sat\u0131\u015fa sunulan ekmekler, uygun fiyat\u0131yla \u00f6zellikle dar gelirli vatanda\u015flara \u00f6nemli bir destek sa\u011fl\u0131yor.<\/p>\n<p>\u201cG\u00fcn daha do\u011fmadan dayan\u0131\u015fma ba\u015fl\u0131yor\u201d<\/p>\n<p>G\u00fcn\u00fcn ilk \u0131\u015f\u0131klar\u0131yla birlikte f\u0131r\u0131nlarda ba\u015flayan \u00fcretim s\u00fcreci, yaln\u0131zca ekmek yap\u0131m\u0131n\u0131 de\u011fil, ayn\u0131 zamanda toplumsal dayan\u0131\u015fmay\u0131 da simgeliyor. Seferihisar Belediyesi, Halk Ekmek Projesi ile hem sa\u011fl\u0131kl\u0131 ve g\u00fcvenilir \u00fcretimi hem de adil fiyat politikas\u0131n\u0131 esas alarak vatanda\u015flar\u0131n yan\u0131nda olmay\u0131 s\u00fcrd\u00fcr\u00fcyor.<\/p>\n<p>Konuya ili\u015fkin a\u00e7\u0131klamalarda bulunan Seferihisar Belediye Ba\u015fkan\u0131 \u0130smail Yeti\u015fkin, Halk Ekmek\u2019in yaln\u0131zca bir \u00fcretim faaliyeti de\u011fil, g\u00fc\u00e7l\u00fc bir sosyal destek mekanizmas\u0131 oldu\u011funu vurgulad\u0131.<\/p>\n<p>Ba\u015fkan Yeti\u015fkin: \u201cHalk Ekmek, sosyal belediyecili\u011fin somut bir \u00f6rne\u011fidir\u201d<\/p>\n<p>Belediye Ba\u015fkan\u0131 \u0130smail Yeti\u015fkin a\u00e7\u0131klamas\u0131nda \u015fu ifadelere yer verdi:<\/p>\n<p>\u201cBug\u00fcn \u00fclkemizde ya\u015fanan ekonomik ko\u015fullar, ne yaz\u0131k ki temel ihtiya\u00e7lara eri\u015fimi her ge\u00e7en g\u00fcn daha da zorla\u015ft\u0131r\u0131yor. Biz Seferihisar Belediyesi olarak \u015funa inan\u0131yoruz: Ekmek bir ticari \u00fcr\u00fcn de\u011fil, temel bir hakt\u0131r. Halk Ekmek projemizi de tam olarak bu anlay\u0131\u015fla hayata ge\u00e7irdik.\u201d<\/p>\n<p>Yeti\u015fkin, belediyenin sosyal politikalar\u0131n\u0131n merkezinde insan odakl\u0131 hizmet anlay\u0131\u015f\u0131n\u0131n yer ald\u0131\u011f\u0131n\u0131 belirterek s\u00f6zlerini \u015f\u00f6yle s\u00fcrd\u00fcrd\u00fc:<\/p>\n<p>\u201cBelediyemizin f\u0131r\u0131nlar\u0131nda, sabah\u0131n erken saatlerinde ba\u015flayan bir emek var. Ustalar\u0131m\u0131z makine kullanmadan \u00fcretim yap\u0131yor, ekiplerimiz bu ekmekleri il\u00e7emizin d\u00f6rt bir yan\u0131na ula\u015ft\u0131r\u0131yor. Amac\u0131m\u0131z hem\u015fehrilerimizin sofras\u0131na g\u00fcvenilir, sa\u011fl\u0131kl\u0131 ve uygun fiyatl\u0131 ekmek ula\u015ft\u0131rmak.\u201d<\/p>\n<p>&#8220;D\u00f6rt Mahallede, ayn\u0131 ama\u00e7; Halk\u0131n yan\u0131nda olmak&#8221;<\/p>\n<p>Halk Ekmek b\u00fcfelerinin il\u00e7enin farkl\u0131 noktalar\u0131nda konumland\u0131r\u0131ld\u0131\u011f\u0131n\u0131 hat\u0131rlatan Ba\u015fkan Yeti\u015fkin, eri\u015filebilirli\u011fin \u00f6zellikle \u00f6nemsendi\u011fini ifade etti:<\/p>\n<p>\u201cMerkezden \u00dcrkmez\u2019e, Tepecik\u2019ten Turabiye\u2019ye kadar her noktada hem\u015fehrilerimize ula\u015fmak istiyoruz. Sosyal belediyecilik, yaln\u0131zca bir hizmet sunmak de\u011fil; zor zamanlarda halk\u0131n yan\u0131nda durabilmektir. Biz de Seferihisar\u2019da bunu yap\u0131yoruz.\u00a0 Seferihisar\u2019da kimsenin kendini yaln\u0131z hissetmesini istemiyoruz. Dayan\u0131\u015fmay\u0131 b\u00fcy\u00fcten, payla\u015fmay\u0131 esas alan bir anlay\u0131\u015fla \u00e7al\u0131\u015fmaya devam edece\u011fiz. Halk Ekmek, bunun en somut \u00f6rneklerinden biridir.\u201d<\/p>\n<p>Sosyal destek projeleri artarak devam edecek<\/p>\n<p>Seferihisar Belediyesi, Halk Ekmek Projesi\u2019nin yan\u0131 s\u0131ra sosyal destek \u00e7al\u0131\u015fmalar\u0131n\u0131 da aral\u0131ks\u0131z s\u00fcrd\u00fcr\u00fcyor. Belediye y\u00f6netimi, \u00f6n\u00fcm\u00fczdeki s\u00fcre\u00e7te de \u00f6zellikle dar gelirli, emekli ve ihtiya\u00e7 sahibi vatanda\u015flara y\u00f6nelik projelerin artarak devam edece\u011fini belirtiyor.<\/p>\n<p>\u00a0<\/p>\n<p>Kaynak: (BYZHA) Beyaz Haber Ajans\u0131<\/p>\n","protected":false},"excerpt":{"rendered":"<p>Seferihisar Belediyesi, artan hayat pahal\u0131l\u0131\u011f\u0131 ve ekonomik zorluklar kar\u015f\u0131s\u0131nda vatanda\u015flar\u0131n temel g\u0131daya eri\u015fimini kolayla\u015ft\u0131rmak amac\u0131yla hayata ge\u00e7irdi\u011fi Halk Ekmek Projesi ile sosyal belediyecilik anlay\u0131\u015f\u0131n\u0131 kararl\u0131l\u0131kla s\u00fcrd\u00fcr\u00fcyor.<\/p>\n","protected":false},"author":1,"featured_media":40366,"comment_status":"open","ping_status":"open","sticky":false,"template":"","format":"standard","meta":{"footnotes":""},"categories":[4],"tags":[372,2397,2398,3178,172],"class_list":["post-40365","post","type-post","status-publish","format-standard","has-post-thumbnail","hentry","category-gundem","tag-belediye","tag-ekmek","tag-halk-ekmek","tag-seferihisar","tag-sosyal"],"_links":{"self":[{"href":"https:\/\/bihavadis.com\/index.php\/wp-json\/wp\/v2\/posts\/40365","targetHints":{"allow":["GET"]}}],"collection":[{"href":"https:\/\/bihavadis.com\/index.php\/wp-json\/wp\/v2\/posts"}],"about":[{"href":"https:\/\/bihavadis.com\/index.php\/wp-json\/wp\/v2\/types\/post"}],"author":[{"embeddable":true,"href":"https:\/\/bihavadis.com\/index.php\/wp-json\/wp\/v2\/users\/1"}],"replies":[{"embeddable":true,"href":"https:\/\/bihavadis.com\/index.php\/wp-json\/wp\/v2\/comments?post=40365"}],"version-history":[{"count":1,"href":"https:\/\/bihavadis.com\/index.php\/wp-json\/wp\/v2\/posts\/40365\/revisions"}],"predecessor-version":[{"id":40367,"href":"https:\/\/bihavadis.com\/index.php\/wp-json\/wp\/v2\/posts\/40365\/revisions\/40367"}],"wp:featuredmedia":[{"embeddable":true,"href":"https:\/\/bihavadis.com\/index.php\/wp-json\/wp\/v2\/media\/40366"}],"wp:attachment":[{"href":"https:\/\/bihavadis.com\/index.php\/wp-json\/wp\/v2\/media?parent=40365"}],"wp:term":[{"taxonomy":"category","embeddable":true,"href":"https:\/\/bihavadis.com\/index.php\/wp-json\/wp\/v2\/categories?post=40365"},{"taxonomy":"post_tag","embeddable":true,"href":"https:\/\/bihavadis.com\/index.php\/wp-json\/wp\/v2\/tags?post=40365"}],"curies":[{"name":"wp","href":"https:\/\/api.w.org\/{rel}","templated":true}]}}