{"id":40417,"date":"2026-02-21T19:15:05","date_gmt":"2026-02-21T19:15:05","guid":{"rendered":"https:\/\/bihavadis.com\/?p=40417"},"modified":"2026-02-21T19:15:05","modified_gmt":"2026-02-21T19:15:05","slug":"baskan-pekyatirmaci-kibrit-camiinde-vatandaslarla-bir-araya-geldi","status":"publish","type":"post","link":"https:\/\/bihavadis.com\/index.php\/2026\/02\/21\/baskan-pekyatirmaci-kibrit-camiinde-vatandaslarla-bir-araya-geldi\/","title":{"rendered":"Ba\u015fkan Pekyat\u0131rmac\u0131 Kibrit Camii&#8217;nde vatanda\u015flarla bir araya geldi"},"content":{"rendered":"<p>Sel\u00e7uklu\u2019da Ramazan bereketi ilk Teravih Bulu\u015fmas\u0131yla ba\u015flad\u0131. Sel\u00e7uklu Belediye Ba\u015fkan\u0131 Ahmet Pekyat\u0131rmac\u0131, K\u0131l\u0131n\u00e7arslan Mahallesi Kibrit Camii\u2019nde k\u0131l\u0131nan namaz\u0131n ard\u0131ndan vatanda\u015flarla bir araya geldi. Ramazan-\u0131 \u015eerif\u2019in birlik ve beraberli\u011fi g\u00fc\u00e7lendirmesini temenni eden Ba\u015fkan Pekyat\u0131rmac\u0131 vatanda\u015flar\u0131n m\u00fcbarek ay\u0131n\u0131 tebrik etti.<\/p>\n<p>Teravih program\u0131nda Sel\u00e7uklu Belediye Ba\u015fkan\u0131 Ahmet Pekyat\u0131rmac\u0131\u2019ya Sel\u00e7uklu Kaymakam\u0131 Eflatun Can Tortop ve AK Parti Sel\u00e7uklu \u0130l\u00e7e Ba\u015fkan\u0131 Arif Ba\u011fc\u0131 da e\u015flik etti.<\/p>\n<p>Ba\u015fkan Pekyat\u0131rmac\u0131, Ramazan boyunca geleneksel Teravih Bulu\u015fmalar\u0131 ile farkl\u0131 mahallerde bu ay\u0131n manevi co\u015fkusunu vatanda\u015flarla payla\u015facak.<\/p>\n<p><b>Ba\u015fkan Pekyat\u0131rmac\u0131: \u201cBizleri Ramazan\u2019\u0131 \u015eerif\u2019e ula\u015ft\u0131ran Rabbimize hamd olsun\u201d<\/b><\/p>\n<p>Ba\u015f\u0131 rahmet, ortas\u0131 ma\u011ffiret, sonu ise cehennem azab\u0131ndan kurtulu\u015f olan m\u00fcbarek Ramazan ay\u0131na kavu\u015fman\u0131n huzur ve mutlulu\u011funu ya\u015fad\u0131klar\u0131n\u0131 ifade eden Sel\u00e7uklu Belediye Ba\u015fkan\u0131 Ahmet Pekyat\u0131rmac\u0131, \u201cBu y\u0131l ilk teravih heyecan\u0131n\u0131 Kibrit Camii\u2019nde hem\u015fehrilerimizle birlikte ya\u015fad\u0131k. Ayn\u0131 safta bulu\u015farak Ramazan\u2019\u0131n manevi iklimini hep birlikte teneff\u00fcs ettik. Bizleri Ramazan\u2019\u0131 \u015eerif\u2019e ula\u015ft\u0131ran Rabbimize hamd olsun. Bu m\u00fcstesna ay\u0131n; bolluk, bereket, sa\u011fl\u0131k ve esenlik i\u00e7inde ge\u00e7mesini temenni ediyorum. Birlik ve beraberli\u011fimizi g\u00fc\u00e7lendiren, payla\u015fma ve dayan\u0131\u015fma duygular\u0131m\u0131z\u0131 art\u0131ran bu m\u00fcbarek ay\u0131n \u00fclkemize, \u0130slam \u00e2lemine ve t\u00fcm insanl\u0131\u011fa hay\u0131rlar getirmesini diliyorum. Rabbim bizleri birlik ve beraberlik i\u00e7erisinde Kadir Gecesi\u2019ne ve Ramazan Bayram\u0131\u2019na da ula\u015ft\u0131rs\u0131n\u201d dedi.<\/p>\n<p>\u00a0<\/p>\n<p>\u00a0<\/p>\n<p>Kaynak: (BYZHA) Beyaz Haber Ajans\u0131<\/p>\n","protected":false},"excerpt":{"rendered":"<p>Sel\u00e7uklu\u2019da Ramazan bereketi ilk Teravih Bulu\u015fmas\u0131yla ba\u015flad\u0131. Sel\u00e7uklu Belediye Ba\u015fkan\u0131 Ahmet Pekyat\u0131rmac\u0131, K\u0131l\u0131n\u00e7arslan Mahallesi Kibrit Camii\u2019nde k\u0131l\u0131nan namaz\u0131n ard\u0131ndan vatanda\u015flarla bir araya geldi.<\/p>\n","protected":false},"author":1,"featured_media":40418,"comment_status":"open","ping_status":"open","sticky":false,"template":"","format":"standard","meta":{"footnotes":""},"categories":[4],"tags":[808,516,2714,1077],"class_list":["post-40417","post","type-post","status-publish","format-standard","has-post-thumbnail","hentry","category-gundem","tag-ayin","tag-baskan","tag-ramazan","tag-selcuklu"],"_links":{"self":[{"href":"https:\/\/bihavadis.com\/index.php\/wp-json\/wp\/v2\/posts\/40417","targetHints":{"allow":["GET"]}}],"collection":[{"href":"https:\/\/bihavadis.com\/index.php\/wp-json\/wp\/v2\/posts"}],"about":[{"href":"https:\/\/bihavadis.com\/index.php\/wp-json\/wp\/v2\/types\/post"}],"author":[{"embeddable":true,"href":"https:\/\/bihavadis.com\/index.php\/wp-json\/wp\/v2\/users\/1"}],"replies":[{"embeddable":true,"href":"https:\/\/bihavadis.com\/index.php\/wp-json\/wp\/v2\/comments?post=40417"}],"version-history":[{"count":1,"href":"https:\/\/bihavadis.com\/index.php\/wp-json\/wp\/v2\/posts\/40417\/revisions"}],"predecessor-version":[{"id":40419,"href":"https:\/\/bihavadis.com\/index.php\/wp-json\/wp\/v2\/posts\/40417\/revisions\/40419"}],"wp:featuredmedia":[{"embeddable":true,"href":"https:\/\/bihavadis.com\/index.php\/wp-json\/wp\/v2\/media\/40418"}],"wp:attachment":[{"href":"https:\/\/bihavadis.com\/index.php\/wp-json\/wp\/v2\/media?parent=40417"}],"wp:term":[{"taxonomy":"category","embeddable":true,"href":"https:\/\/bihavadis.com\/index.php\/wp-json\/wp\/v2\/categories?post=40417"},{"taxonomy":"post_tag","embeddable":true,"href":"https:\/\/bihavadis.com\/index.php\/wp-json\/wp\/v2\/tags?post=40417"}],"curies":[{"name":"wp","href":"https:\/\/api.w.org\/{rel}","templated":true}]}}