{"id":40509,"date":"2026-02-21T20:15:06","date_gmt":"2026-02-21T20:15:06","guid":{"rendered":"https:\/\/bihavadis.com\/?p=40509"},"modified":"2026-02-21T20:15:06","modified_gmt":"2026-02-21T20:15:06","slug":"coban-ailesi-depremden-sonra-hayata-tutundu","status":"publish","type":"post","link":"https:\/\/bihavadis.com\/index.php\/2026\/02\/21\/coban-ailesi-depremden-sonra-hayata-tutundu\/","title":{"rendered":"\u00c7oban Ailesi Depremden Sonra Hayata Tutundu"},"content":{"rendered":"<p> Kahramanmara\u015f merkezli 6 \u015eubat depremlerinde evden \u00e7\u0131kt\u0131ktan yakla\u015f\u0131k 15 saniye sonra binan\u0131n y\u0131k\u0131lmas\u0131yla \u00f6l\u00fcmden d\u00f6nen \u00c7oban ailesi, deprem sonras\u0131 K\u0131r\u0131kkale&#8217;ye yerle\u015fti. Depremde evlerini ve yak\u0131nlar\u0131n\u0131 kaybeden iki karde\u015f, ya\u015fad\u0131klar\u0131 ac\u0131n\u0131n ard\u0131ndan k\u00fc\u00e7\u00fck bir d\u00fckkan a\u00e7arak \u00e7i\u011fk\u00f6fte i\u015fiyle yeniden hayata tutundu.<\/p>\n<p>&#8220;Asr\u0131n felaketi&#8221; olarak nitelendirilen 6 \u015eubat depremleri, binlerce insan\u0131n hayat\u0131n\u0131 bir gecede de\u011fi\u015ftirdi. O felaketi ya\u015fayan biri de \u00c7oban ailesi oldu. Deprem s\u0131ras\u0131nda 6 katl\u0131 binan\u0131n zemin kat\u0131nda bulunan karde\u015fler, 15 saniyede ailesiyle birlikte d\u0131\u015far\u0131 \u00e7\u0131kmay\u0131 ba\u015fard\u0131. K\u0131sa s\u00fcre sonra kald\u0131klar\u0131 bina ise yerle bir oldu. Kahramanmara\u015f merkezli 2 b\u00fcy\u00fck depremin \u00fczerinden yakla\u015f\u0131k 3 y\u0131l ge\u00e7se de, ya\u015fanan ac\u0131lar haf\u0131zalardan silinmiyor. Evlerini, i\u015f yerlerini ve yak\u0131n akrabalar\u0131n\u0131 kaybeden aile, ya\u015fad\u0131klar\u0131 ac\u0131n\u0131n izlerini hala unutamad\u0131klar\u0131n\u0131 ifade ediyor. Deprem sonras\u0131 K\u0131r\u0131kkale&#8217;ye yerle\u015fen \u00c7oban karde\u015fler, hayata yeniden tutunmak i\u00e7in meslekleri olan \u00e7i\u011fk\u00f6fte i\u015fine y\u00f6neldi.<\/p>\n<p>2 \u00e7ocuk babas\u0131 Burhan \u00c7oban (30), \u0130HA muhabirine yapt\u0131\u011f\u0131 a\u00e7\u0131klamada, deprem an\u0131nda ya\u015fanan \u015fokun tarif edilemez oldu\u011funu belirtti. 2 depremde de evin i\u00e7inde yakaland\u0131klar\u0131n\u0131 ifade eden \u00c7oban, evden ayr\u0131ld\u0131ktan sonra binan\u0131n 15 saniye sonra y\u0131k\u0131ld\u0131\u011f\u0131n\u0131 anlatt\u0131. \u00c7i\u011fk\u00f6fte i\u015fiyle hayata yeni bir ba\u015flang\u0131\u00e7 yapt\u0131klar\u0131n\u0131 anlatan Burhan \u00c7oban, &#8220;Daha \u00f6ncesinde yapt\u0131\u011f\u0131m\u0131z bir meslek yoktu. Tarifimizi yenileyerek b\u00fct\u00fcn g\u00fcc\u00fcm\u00fcz\u00fc toplad\u0131k ve k\u00fc\u00e7\u00fck bir d\u00fckkanla bu i\u015fe ba\u015flad\u0131k. Sonras\u0131nda d\u00fckkan\u0131m\u0131z\u0131 b\u00fcy\u00fctt\u00fck&#8221; dedi.<\/p>\n<p>&#8220;15 saniye ge\u00e7 \u00e7\u0131ksayd\u0131k enkazda kalacakt\u0131k&#8221;<\/p>\n<p>\u00c7oban, &#8220;\u00dclke olarak verdi\u011fimiz bir s\u0131navd\u0131. Deprem an\u0131ndaki \u015fokla insan ne yapaca\u011f\u0131n\u0131 bilemiyor. Biz ilk depremde i\u00e7erideydik, sabahlad\u0131k. Sonra da \u00e7ocuklar oldu\u011fu i\u00e7in mecburen i\u00e7eri girdik. \u0130ki depremde de evin i\u00e7inde yakaland\u0131k. Binam\u0131zdan 15 saniyede \u00e7\u0131kt\u0131k. 15 saniye ge\u00e7 \u00e7\u0131ksayd\u0131k biz de binan\u0131n alt\u0131nda, enkazda kalacakt\u0131k&#8221; siye konu\u015ftu.<\/p>\n<p>Deprem b\u00f6lgesinde devletin \u00e7al\u0131\u015ft\u0131\u011f\u0131n\u0131 ifade eden \u00c7oban, &#8220;Ad\u0131yaman&#8217;da kuzenlerimiz vefat etti. Malatya halen toparlanma a\u015famas\u0131nda, devlet b\u00fcy\u00fcklerimiz \u00e7al\u0131\u015f\u0131yor. Allah devletimizi ba\u015f\u0131m\u0131zdan eksik etmesin, zor bir s\u0131navd\u0131&#8221; dedi.<\/p>\n<p>1 \u00e7ocuk babas\u0131 Erkan \u00c7oban (40) ise, ya\u015fad\u0131klar\u0131 ac\u0131lar\u0131n halen haf\u0131zalar\u0131nda taze oldu\u011funu s\u00f6yledi. Aradan yakla\u015f\u0131k 3 y\u0131l ge\u00e7mesine ra\u011fmen depremin etkisini unutamad\u0131klar\u0131n\u0131 belirten \u00c7oban, kendi ailelerinden kay\u0131p ya\u015famad\u0131klar\u0131n\u0131 ancak akrabalar\u0131n\u0131n vefat\u0131n\u0131n y\u00fcreklerinde derin bir iz b\u0131rakt\u0131\u011f\u0131n\u0131 dile getirdi.<\/p>\n<p>Bir gecede hayatlar\u0131n\u0131n alt\u00fcst oldu\u011funu s\u00f6yleyen \u00c7oban, evlerini ve i\u015f yerlerini kaybettiklerini, k\u00fc\u00e7\u00fck \u00e7ocuklar\u0131yla birlikte zor g\u00fcnler ge\u00e7irdiklerini aktard\u0131. Birka\u00e7 g\u00fcn Malatya&#8217;da kalmak zorunda kald\u0131klar\u0131n\u0131 anlatan \u00c7oban, daha sonra K\u0131r\u0131kkale&#8217;ye geldiklerini belirtti. K\u0131r\u0131kkale&#8217;de g\u00fcnlerinin iyi ge\u00e7ti\u011fini ifade eden \u00c7oban, \u00e7ocukluktan beri esnafl\u0131\u011f\u0131n i\u00e7inde olduklar\u0131n\u0131 ve karde\u015fiyle birlikte i\u015flerinin ba\u015f\u0131nda olduklar\u0131n\u0131 s\u00f6yledi. \u00c7oban, ilk g\u00fcnden bu yana kendilerine destek olan K\u0131r\u0131kkale halk\u0131na te\u015fekk\u00fcr etti. &#8211; KIRIKKALE<\/p>\n","protected":false},"excerpt":{"rendered":"<p>Kahramanmara\u015f depremlerinden kurtulan \u00c7oban ailesi, K\u0131r\u0131kkale&#8217;de \u00e7i\u011fk\u00f6fte d\u00fckkan\u0131 a\u00e7arak yeni bir hayat kurdu.<\/p>\n","protected":false},"author":1,"featured_media":40510,"comment_status":"open","ping_status":"open","sticky":false,"template":"","format":"standard","meta":{"footnotes":""},"categories":[8],"tags":[1656,4366,60,395,5665],"class_list":["post-40509","post","type-post","status-publish","format-standard","has-post-thumbnail","hentry","category-ekonomi","tag-bina","tag-coban","tag-deprem","tag-is","tag-kirikkale"],"_links":{"self":[{"href":"https:\/\/bihavadis.com\/index.php\/wp-json\/wp\/v2\/posts\/40509","targetHints":{"allow":["GET"]}}],"collection":[{"href":"https:\/\/bihavadis.com\/index.php\/wp-json\/wp\/v2\/posts"}],"about":[{"href":"https:\/\/bihavadis.com\/index.php\/wp-json\/wp\/v2\/types\/post"}],"author":[{"embeddable":true,"href":"https:\/\/bihavadis.com\/index.php\/wp-json\/wp\/v2\/users\/1"}],"replies":[{"embeddable":true,"href":"https:\/\/bihavadis.com\/index.php\/wp-json\/wp\/v2\/comments?post=40509"}],"version-history":[{"count":1,"href":"https:\/\/bihavadis.com\/index.php\/wp-json\/wp\/v2\/posts\/40509\/revisions"}],"predecessor-version":[{"id":40511,"href":"https:\/\/bihavadis.com\/index.php\/wp-json\/wp\/v2\/posts\/40509\/revisions\/40511"}],"wp:featuredmedia":[{"embeddable":true,"href":"https:\/\/bihavadis.com\/index.php\/wp-json\/wp\/v2\/media\/40510"}],"wp:attachment":[{"href":"https:\/\/bihavadis.com\/index.php\/wp-json\/wp\/v2\/media?parent=40509"}],"wp:term":[{"taxonomy":"category","embeddable":true,"href":"https:\/\/bihavadis.com\/index.php\/wp-json\/wp\/v2\/categories?post=40509"},{"taxonomy":"post_tag","embeddable":true,"href":"https:\/\/bihavadis.com\/index.php\/wp-json\/wp\/v2\/tags?post=40509"}],"curies":[{"name":"wp","href":"https:\/\/api.w.org\/{rel}","templated":true}]}}