{"id":40638,"date":"2026-02-21T22:00:37","date_gmt":"2026-02-21T22:00:37","guid":{"rendered":"https:\/\/bihavadis.com\/?p=40638"},"modified":"2026-02-21T22:00:37","modified_gmt":"2026-02-21T22:00:37","slug":"hatay-orkestrasi-avrupa-turlarinda","status":"publish","type":"post","link":"https:\/\/bihavadis.com\/index.php\/2026\/02\/21\/hatay-orkestrasi-avrupa-turlarinda\/","title":{"rendered":"Hatay Orkestras\u0131 Avrupa Turlar\u0131nda"},"content":{"rendered":"<p> Hatay Akademi Senfoni Orkestras\u0131, Hatay&#8217;\u0131n ve Anadolu&#8217;nun binlerce y\u0131ll\u0131k k\u00fclt\u00fcrel miras\u0131n\u0131 Avrupa sahnelerine ta\u015f\u0131yarak uluslararas\u0131 \u00f6l\u00e7ekte konserler verdi.<\/p>\n<p>Orkestradan yap\u0131lan a\u00e7\u0131klamaya g\u00f6re, Hatay&#8217;da kurulan ilk senfoni orkestras\u0131 olan topluluk, 2019&#8217;dan bu yana y\u00fcr\u00fctt\u00fc\u011f\u00fc \u00e7al\u0131\u015fmalar kapsam\u0131nda 24-28 Ocak aras\u0131nda Almanya ve Fransa&#8217;y\u0131 kapsayan Avrupa turnesinde sahne ald\u0131.<\/p>\n<p> Antakya&#8217;n\u0131n tarihsel birikimi ve \u00e7ok k\u00fclt\u00fcrl\u00fc yap\u0131s\u0131n\u0131 yans\u0131tan eserlerin seslendirildi\u011fi turnenin ilk konseri, 24 Ocak&#8217;ta Aalen&#8217;de ger\u00e7ekle\u015ftirildi.<\/p>\n<p>Mesnet Derne\u011fi organizasyonundaki gecede, Aalen Belediye Ba\u015fkan\u0131 Frederick Br\u00fctting&#8217;in deste\u011fiyle d\u00fczenlenen programda, \u015eef Ali U\u011fur y\u00f6netimindeki orkestra, Antakya&#8217;n\u0131n k\u00fclt\u00fcrel mozai\u011fini dinleyiciyle bulu\u015fturdu.<\/p>\n<p>Stuttgart&#8217;ta 25 Ocak&#8217;ta d\u00fczenlenen &#8220;Sehra: Antakya&#8217;dan Bir Ak\u015fam&#8221; etkinli\u011finde, m\u00fczi\u011fin yan\u0131 s\u0131ra Antakya&#8217;n\u0131n k\u00fclt\u00fcrel kimli\u011fi ve dayan\u0131\u015fma temal\u0131 bir s\u00f6yle\u015fi yap\u0131ld\u0131.<\/p>\n<p>Gecenin sonunda uluslararas\u0131 korolar, \u015eef Ali U\u011fur y\u00f6netiminde &#8220;Bint il \u015eelebiya&#8221; eserini seslendirdi.<\/p>\n<p>Turnenin kapan\u0131\u015f\u0131, 28 Ocak&#8217;ta Paris&#8217;te &#8220;Les Enfants de la Terre d&#8217;Antioche-Helen Derne\u011fi&#8221; organizasyonuyla yap\u0131ld\u0131. Konserde, Antakya&#8217;n\u0131n tarihi miras\u0131 ve k\u00fclt\u00fcrel \u00e7e\u015fitlili\u011fini yans\u0131tan eserler, Avrupa&#8217;daki dinleyicilere sunuldu.<\/p>\n","protected":false},"excerpt":{"rendered":"<p>Hatay Akademi Senfoni Orkestras\u0131, Antakya&#8217;n\u0131n k\u00fclt\u00fcrel miras\u0131n\u0131 Avrupa&#8217;da tan\u0131tt\u0131.<\/p>\n","protected":false},"author":1,"featured_media":40639,"comment_status":"open","ping_status":"open","sticky":false,"template":"","format":"standard","meta":{"footnotes":""},"categories":[9,4,13],"tags":[],"class_list":["post-40638","post","type-post","status-publish","format-standard","has-post-thumbnail","hentry","category-genel","category-gundem","category-son-dakika"],"_links":{"self":[{"href":"https:\/\/bihavadis.com\/index.php\/wp-json\/wp\/v2\/posts\/40638","targetHints":{"allow":["GET"]}}],"collection":[{"href":"https:\/\/bihavadis.com\/index.php\/wp-json\/wp\/v2\/posts"}],"about":[{"href":"https:\/\/bihavadis.com\/index.php\/wp-json\/wp\/v2\/types\/post"}],"author":[{"embeddable":true,"href":"https:\/\/bihavadis.com\/index.php\/wp-json\/wp\/v2\/users\/1"}],"replies":[{"embeddable":true,"href":"https:\/\/bihavadis.com\/index.php\/wp-json\/wp\/v2\/comments?post=40638"}],"version-history":[{"count":1,"href":"https:\/\/bihavadis.com\/index.php\/wp-json\/wp\/v2\/posts\/40638\/revisions"}],"predecessor-version":[{"id":40640,"href":"https:\/\/bihavadis.com\/index.php\/wp-json\/wp\/v2\/posts\/40638\/revisions\/40640"}],"wp:featuredmedia":[{"embeddable":true,"href":"https:\/\/bihavadis.com\/index.php\/wp-json\/wp\/v2\/media\/40639"}],"wp:attachment":[{"href":"https:\/\/bihavadis.com\/index.php\/wp-json\/wp\/v2\/media?parent=40638"}],"wp:term":[{"taxonomy":"category","embeddable":true,"href":"https:\/\/bihavadis.com\/index.php\/wp-json\/wp\/v2\/categories?post=40638"},{"taxonomy":"post_tag","embeddable":true,"href":"https:\/\/bihavadis.com\/index.php\/wp-json\/wp\/v2\/tags?post=40638"}],"curies":[{"name":"wp","href":"https:\/\/api.w.org\/{rel}","templated":true}]}}