{"id":40641,"date":"2026-02-21T22:03:09","date_gmt":"2026-02-21T22:03:09","guid":{"rendered":"https:\/\/bihavadis.com\/?p=40641"},"modified":"2026-02-21T22:03:09","modified_gmt":"2026-02-21T22:03:09","slug":"hurriyetci-saglik-sen-1-olagan-kongresini-yapti","status":"publish","type":"post","link":"https:\/\/bihavadis.com\/index.php\/2026\/02\/21\/hurriyetci-saglik-sen-1-olagan-kongresini-yapti\/","title":{"rendered":"H\u00fcrriyet\u00e7i Sa\u011fl\u0131k-Sen 1. Ola\u011fan Kongresini Yapt\u0131"},"content":{"rendered":"<p><span>H\u00fcrriyet\u00e7i Sa\u011fl\u0131k \u2013 Sen, 1. Ola\u011fan Genel Kurulunu ger\u00e7ekle\u015ftirerek <\/span><span>Kocaeli\u2019de<\/span><span> \u015e<\/span><span>ubesini resmen kurdu. <\/span><span>M\u00dcS\u0130AD\u2019da<\/span><span> yap\u0131lan G<\/span><span>enel kurula yo\u011fun ilgi vard\u0131.<\/span><span> Divan Ba\u015fkanl\u0131\u011f\u0131na <\/span><span>Hasan \u00a0T\u00fcrkmen<\/span><span> Divan katipliklerine ise Zekai Dumlup\u0131nar ve <\/span><span>Turuncan<\/span><span> \u00c7eker Oy birli\u011fi ile se\u00e7ildi. <\/span><span>Genel Ba\u015fkan\u0131 Muhammet Birinci, Kocaeli \u015eube Ba\u015fkan\u0131 Serkan <\/span><span>K\u00f6kduman<\/span><span> ve \u00e7ok say\u0131da sendika \u00fcyesi kat\u0131ld\u0131. <\/span><span>Co\u015fkulu<\/span><span> kalabal\u0131\u011f\u0131n kat\u0131ld\u0131\u011f\u0131 genel kurulda secime tek liste ile gidildi. 14 \u015eubat\u2019ta ger\u00e7ekle\u015ftirilen 1. Ola\u011fan Genel Kurul\u2019da Serkan <\/span><span>K\u00f6kduman<\/span><span>, delegelerin oylar\u0131yla \u015eube Ba\u015fkanl\u0131\u011fa se\u00e7ildi.<\/span><\/p>\n<p><b>\u201cHaks\u0131zl\u0131klara Kar\u015f\u0131 \u00d6zg\u00fcrce M\u00fccadele Etmek\u201d<\/b><\/p>\n<p><span>A\u00e7\u0131l\u0131\u015f konu\u015fmas\u0131n\u0131 yapan \u015eube Ba\u015fkan\u0131 Serkan <\/span><span>K\u00f6kduman<\/span><span>: \u201chi\u00e7bir g\u00fcc\u00fcn g\u00f6lgesinde kalmadan, hi\u00e7bir siyasi ya da ideolojik yap\u0131ya yaslanmadan; yaln\u0131zca eme\u011fin, al\u0131n terinin ve onurlu m\u00fccadelenin temsilcisi olan sendikam\u0131z\u0131n 1. Ola\u011fan genel kurulunda bir araya gelmi\u015f olman\u0131n mutlulu\u011funu ve sevincini birlikte ya\u015f\u0131yoruz. \u00a0H\u00fcrriyet\u00e7i Sa\u011fl\u0131k Sen \u00e7at\u0131s\u0131 alt\u0131nda ba\u011f\u0131ms\u0131z sendikal m\u00fccadele anlay\u0131\u015f\u0131m\u0131z\u0131 s\u00fcrd\u00fcrmek, \u00fcyelerimizin sesi olmak ve haks\u0131zl\u0131klara kar\u015f\u0131 \u00f6zg\u00fcrce m\u00fccadele etmek amac\u0131yla \u00e7\u0131kt\u0131\u011f\u0131m\u0131z bu yolda sizlerin deste\u011fi bizlere g\u00fc\u00e7 vermektedir.<\/span><\/p>\n<p><b>\u201cG\u00fc\u00e7l\u00fcden De\u011fil, Hakl\u0131dan Yana Olaca\u011f\u0131z\u201d<\/b><\/p>\n<p><span>Bizler bu g\u00fcne kadar oldu\u011fu gibi, bundan b\u00f6yle de emekten ve \u00e7al\u0131\u015fandan yana, g\u00fc\u00e7l\u00fcden de\u011fil, hakl\u0131dan yana olaca\u011f\u0131z. Sendikac\u0131l\u0131\u011f\u0131 bir kariyer alan\u0131 de\u011fil, bir sorumluluk ve m\u00fccadele alan\u0131 olarak g\u00f6rece\u011fiz. \u00c7\u00fcnk\u00fc biliyoruz ki ger\u00e7ek sendikac\u0131l\u0131k; fikri, vicdan\u0131 ve irfan\u0131 h\u00fcr olan H\u00fcrriyet\u00e7i Sa\u011fl\u0131k Sende m\u00fcmk\u00fcnd\u00fcr.<\/span><span> Bizler, ilimizde g\u00f6rev yapan sa\u011fl\u0131k ve sosyal hizmet \u00e7al\u0131\u015fanlar\u0131m\u0131z\u0131n sorunlar\u0131na vak\u0131f\u0131z. \u00c7al\u0131\u015fma \u015fartlar\u0131ndaki zorluklar\u0131, liyakat sorunlar\u0131n\u0131 ve adaletsizlikleri yak\u0131ndan biliyoruz. Sizlerden ald\u0131\u011f\u0131m\u0131z g\u00fc\u00e7 ve destekle \u00fcyelerimizin yan\u0131nda olmaya, haklar\u0131n\u0131 koruyup geli\u015ftirmeye, haks\u0131zl\u0131klarla m\u00fccadele etmeye kararl\u0131y\u0131z\u201d dedi. <\/span><\/p>\n<p><b>Pusulam\u0131z \u00dcyeleri<img decoding=\"async\" src=\"https:\/\/bihavadis.com\/wp-content\/uploads\/2026\/02\/hurriyetci-saglik-sen-1-olagan-kongresini-yapti-0-spfP5BXJ.jpeg\"\/>mizdir<\/b><\/p>\n<p><span>Serkan <\/span><span>K\u00f6kduman\u2019\u0131n<\/span><span> ard\u0131ndan s\u00f6z alan Genel Ba\u015fkan Muhammet Birinci konu\u015fmas\u0131nda \u015fu ifadeleri kulland\u0131: \u201c \u00a0Genel kurulumuzun; \u00fclkemiz, sendikam\u0131z, sa\u011fl\u0131k ve sosyal hizmet \u00e7al\u0131\u015fanlar\u0131m\u0131z i\u00e7in hay\u0131rlara vesile olmas\u0131n\u0131 Y\u00fcce Allah\u2019tan niyaz ediyorum. Kocaeli \u015eubemizin 1. Ola\u011fan Genel Kurulu\u2019na ho\u015f geldiniz, \u015feref verdiniz. Bug\u00fcn burada yaln\u0131zca bir genel kurulu ger\u00e7ekle\u015ftirmek i\u00e7in de\u011fil, bir duru\u015fu, bir anlay\u0131\u015f\u0131 ve bir sendikal vicdan\u0131 yeniden ilan etmek i\u00e7in bir araday\u0131z. H\u00fcrriyet\u00e7i <\/span><span>Sa\u011fl\u0131k-Sen<\/span><span>, kurulu\u015fundan itibaren \u015funu net ve y\u00fcksek sesle s\u00f6ylemektedir: Bizim sendikac\u0131l\u0131\u011f\u0131m\u0131z siyasetsizdir, ba\u011f\u0131ms\u0131zd\u0131r ve yaln\u0131zca \u00fcyeden yanad\u0131r. Siyasetsiz sendikac\u0131l\u0131k apolitik olmak de\u011fildir; siyasi partilerin g\u00f6lgesinde kalmamakt\u0131r, siyasete teslim olmamakt\u0131r. Bizim i\u00e7in sendika; iktidar\u0131n ya da herhangi bir siyasi partinin arka bah\u00e7esi, muhalefetin basamak tahtas\u0131, b\u00fcrokrasinin koltuk de\u011fne\u011fi, makam ve mevki pazarl\u0131\u011f\u0131n\u0131n adresi de\u011fildir. Ba\u011f\u0131ms\u0131z sendikac\u0131l\u0131k bir s\u00f6ylem de\u011fil; adanm\u0131\u015fl\u0131k, dava, <\/span><span>misyon<\/span><span> ve \u00fclk\u00fcd\u00fcr. Siyasi ba\u011f\u0131ms\u0131zl\u0131\u011f\u0131m\u0131z kadar idari ve \u00f6rg\u00fctsel ba\u011f\u0131ms\u0131zl\u0131\u011f\u0131m\u0131za da m\u00fcdahaleyi reddediyoruz. B\u00fcrokrasinin ve i\u015fverenin sendikal faaliyetlerimizi y\u00f6nlendirmesine asla m\u00fcsamaha g\u00f6stermeyiz. Pusulam\u0131z talimatlar de\u011fil, \u00fcyelerimizin iradesidir.\u201d<\/span><\/p>\n<p><b>\u201cBiz G\u00fcc\u00fcm\u00fcz\u00fc \u00dcyeden, Bu Salondaki \u0130radeden Al\u0131yoruz\u201d<\/b><\/p>\n<p><span>Ama \u015funu herkes \u00e7ok iyi bilsin: Biz korkmuyoruz! Biz susmuyoruz! Biz geri ad\u0131m <\/span><span>atm\u0131yoruz!\u00c7\u00fcnk\u00fc<\/span><span> biz hakl\u0131y\u0131z! \u00c7\u00fcnk\u00fc biz eme\u011fin yan\u0131nday\u0131z! \u00c7\u00fcnk\u00fc biz \u00fclkemiz ve kamu \u00e7al\u0131\u015fanlar\u0131n\u0131n \u00e7\u0131kar\u0131 i\u00e7in sessiz bir devrimin \u00f6nc\u00fcleriyiz. \u00c7\u00fcnk\u00fc biz <\/span><span>H\u00fcrriyet\u00e7i <\/span><span>Sa\u011fl\u0131k-Sen<\/span><span> \u00e7at\u0131s\u0131 alt\u0131nda \u00f6zg\u00fcr irademizle bir araday\u0131z! H\u00fcrriyet\u00e7i Sa\u011fl\u0131k Sen\u2019i tercih etmek sadece bir \u00fcyelikten ibaret de\u011fildir. Bu bir duru\u015ftur! Bu bir meydan okumad\u0131r! Bu, \u201cBen var\u0131m, eme\u011fime sahip \u00e7\u0131k\u0131yorum\u201d deme cesaretidir! Birlikte oldu\u011fumuz s\u00fcrece, omuz omuza durdu\u011fumuz s\u00fcrece hi\u00e7bir bask\u0131 bizi y\u0131ld\u0131ramaz, hi\u00e7bir g\u00fc\u00e7 yolumuzdan d\u00f6nd\u00fcremez! Ve buradan a\u00e7\u0131k\u00e7a ilan ediyorum: <\/span><span>Arkam\u0131zda siz olduktan sonra, kar\u015f\u0131m\u0131zda kimin oldu\u011funun hi\u00e7bir \u00f6nemi yoktur! <\/span><span>\u00c7\u00fcnk\u00fc <\/span><span>biz g\u00fcc\u00fcm\u00fcz\u00fc ne koltuklardan al\u0131yoruz, ne siyasetten, ne de b\u00fcrokrasiden. Biz g\u00fcc\u00fcm\u00fcz\u00fc <\/span><span>sizlerden, bu salondaki iradeden, al\u0131n terinden, emekten <\/span><span>al\u0131yoruz!<\/span><span>\u0130yi<\/span><span> ki vars\u0131n\u0131z!<\/span> <span>\u0130yi ki birlikteyiz! \u0130yi ki bu onurlu m\u00fccadelede yan yanay\u0131z!<\/span><\/p>\n<p><b>\u201cSendikac\u0131l\u0131\u011f\u0131n Gere\u011fi Neyse Onu Yapar\u0131z\u201d<\/b><\/p>\n<p><span>\u201cAnayasal ve yasal haklar\u0131m\u0131z\u0131n yan\u0131nda uluslararas\u0131 s\u00f6zle\u015fmelerden do\u011fan sendikal haklar\u0131m\u0131z\u0131 \u00f6zg\u00fcrce kullanmay\u0131 evrensel bir hak olarak g\u00f6r\u00fcyoruz. Sorumlu sendikac\u0131l\u0131k anlay\u0131\u015f\u0131m\u0131z gere\u011fi; toplumun \u00e7\u0131karlar\u0131n\u0131 ve kamu d\u00fczenini g\u00f6zeten, hukuki zeminde diyalo\u011fu esas alan, uzla\u015fmadan yana bir <\/span><span>vizyonla<\/span><span> hareket ediyoruz. H\u00fcrriyet\u00e7i <\/span><span>Sa\u011fl\u0131k-Sen<\/span><span> bir kadro hareketidir; bizi biz yapan de\u011ferler ulvi ve kutsald\u0131r. H\u00fcrriyet\u00e7i <\/span><span>Sa\u011fl\u0131k-Sen<\/span><span> hareketi; vatan\u0131n\u0131, milletini, devletini seven bir harekettir. \u0130ktidar\u0131 da muhalefeti de gerekti\u011finde ele\u015ftiriyor olabiliriz; ayk\u0131r\u0131 ses olarak g\u00f6r\u00fclebiliriz. Ancak bilinmelidir ki bu duru\u015f yap\u0131c\u0131d\u0131r, hi\u00e7bir siyasi amaca hizmet etmez. Sendikac\u0131l\u0131\u011f\u0131n gere\u011fi neyse onu yapar\u0131z. \u00c7al\u0131\u015fanlar\u0131n yan\u0131nda yer ald\u0131\u011f\u0131m\u0131z i\u00e7in sessiz de\u011filiz; \u00e7al\u0131\u015fanlar\u0131n kabul etti\u011fini kabul eder, reddetti\u011fini reddederiz. Bunun d\u0131\u015f\u0131nda gizli bir ajandam\u0131z, ba\u015fka bir hedefimiz yoktur.\u201d<\/span><\/p>\n<p><b>\u201cH\u00fcr Sendikac\u0131l\u0131\u011f\u0131 Savunaca\u011f\u0131z\u201d<\/b><\/p>\n<p><span>\u201cH\u00fcrriyet\u00e7i <\/span><span>Sa\u011fl\u0131k-Sen<\/span><span>; bu vatana, bu devlete, bu millete faydal\u0131 bir harekettir. Ba\u011f\u0131ms\u0131z sendikac\u0131l\u0131k hareketinin \u00f6n\u00fcn\u00fc kesmek; vatana, millete ve \u00e7al\u0131\u015fanlara ihanettir. Biz bu ihanete raz\u0131 olmayaca\u011f\u0131z. Onurlu, ba\u011f\u0131ms\u0131z ve h\u00fcr sendikac\u0131l\u0131\u011f\u0131 sonuna kadar savunaca\u011f\u0131z. S\u00f6zlerimi tamamlarken Mustafa Kemal Atat\u00fcrk\u2019\u00fcn \u015fu s\u00f6z\u00fcn\u00fc hat\u0131rlatmak isterim: \u201cBa\u011f\u0131ms\u0131zl\u0131k benim karakterimdir.\u201d Biz de diyoruz ki; ba\u011f\u0131ms\u0131z sendikac\u0131l\u0131k bizim karakterimizdir. Bu yolda eme\u011fi olan t\u00fcm dava ve yol arkada\u015flar\u0131ma te\u015fekk\u00fcr ediyor, genel kurulumuzun sendikam\u0131za ve t\u00fcm sa\u011fl\u0131k \u00e7al\u0131\u015fanlar\u0131na hay\u0131rl\u0131 olmas\u0131n\u0131 diliyorum.\u201d<\/span><span> Diyerek s\u00f6zlerini sonland\u0131rd\u0131. (BSHA \u2013 Bilim ve Sa\u011fl\u0131k Haber Ajans\u0131)\u00a0<\/span><\/p>\n<p><span>Y\u00f6netim Kurulu (Asil)<\/span> <span>\u00a0 \u00a0 \u00a0 \u00a0 \u00a0 \u00a0 \u00a0 \u00a0 \u00a0 \u00a0 \u00a0 \u00a0 \u00a0 \u00a0 \u00a0 \u00a0 \u00a0 \u00a0 \u00a0 \u00a0 \u00a0 \u00a0 <\/span><\/p>\n<p><span>\u015eube Ba\u015fkan\u0131: Serkan <\/span><span>K\u00f6kduman<\/span> <span>\u00a0 \u00a0 \u00a0 \u00a0 \u00a0 \u00a0 \u00a0 \u00a0 \u00a0 \u00a0 \u00a0 \u00a0 \u00a0 \u00a0 \u00a0 \u00a0 \u00a0 \u00a0 \u00a0 <\/span><span><br \/> <\/span><span>\u0130dari: Osman Aya\u015f<\/span><span> \u00a0 \u00a0 \u00a0 \u00a0 \u00a0 \u00a0 \u00a0 \u00a0 \u00a0 \u00a0 \u00a0 \u00a0 \u00a0 \u00a0 \u00a0 \u00a0 \u00a0 \u00a0 \u00a0 \u00a0 \u00a0 \u00a0 \u00a0 \u00a0 \u00a0 \u00a0 \u00a0 \u00a0 \u00a0 \u00a0 \u00a0 \u00a0 \u00a0 \u00a0 \u00a0 <\/span><span><br \/> <\/span><span>Mevzuat ve Toplu S\u00f6zle\u015fme: Necip Sa\u011flam<\/span><span> \u00a0 \u00a0 \u00a0 \u00a0 \u00a0 \u00a0 \u00a0 \u00a0 \u00a0 \u00a0 \u00a0 \u00a0 \u00a0 \u00a0 \u00a0 <\/span><span><br \/> <\/span><span>Te\u015fkilat: H\u00fcseyin Ozan Y\u00fcz\u00fcak<\/span><span> \u00a0 \u00a0 \u00a0 \u00a0 \u00a0 \u00a0 \u00a0 \u00a0 \u00a0 \u00a0 \u00a0 \u00a0 \u00a0 \u00a0 \u00a0 \u00a0 \u00a0 \u00a0 \u00a0 \u00a0 \u00a0 \u00a0 \u00a0 \u00a0 \u00a0 \u00a0<\/span><span><br \/> <\/span><span>Mali \u0130\u015fler: Umut Birol<\/span><span> \u00a0 \u00a0 \u00a0 \u00a0 \u00a0 \u00a0 \u00a0 \u00a0 \u00a0 \u00a0 \u00a0 \u00a0 \u00a0 \u00a0 \u00a0 \u00a0 \u00a0 \u00a0 \u00a0 \u00a0 \u00a0 \u00a0 \u00a0 \u00a0 \u00a0 \u00a0 \u00a0 \u00a0 \u00a0 \u00a0 \u00a0 \u00a0 \u00a0 <\/span><span><br \/> <\/span><span>E\u011fitim ve Sosyal \u0130\u015fler: Serap Ko\u00e7hisar<\/span><span> \u00a0 \u00a0 \u00a0 \u00a0 \u00a0 \u00a0 \u00a0 \u00a0 \u00a0 \u00a0 \u00a0 \u00a0 \u00a0 \u00a0 \u00a0 \u00a0 \u00a0 \u00a0 \u00a0 \u00a0<\/span><span><br \/> <\/span><span>D\u0131\u015f \u0130li\u015fkiler ve Bas\u0131n: Yavuz Din\u00e7<\/span><span> \u00a0 \u00a0 \u00a0 \u00a0 \u00a0 \u00a0 \u00a0 \u00a0 \u00a0 \u00a0 \u00a0 \u00a0 \u00a0 \u00a0 \u00a0 \u00a0 \u00a0 \u00a0 \u00a0 \u00a0 \u00a0 \u00a0 \u00a0 <\/span><span><br \/> <\/span><\/p>\n<p><span>Denetleme Kurulu (Yedek)<\/span><span><br \/> <\/span><span>Erg\u00fcl Nuray, Ahmet Ka\u011fan Y\u0131ld\u0131z, Muhammed Furkan Do\u011fan<\/span><span><br \/> <\/span><span>Disiplin Kurulu (Asil)<\/span><span> \u00a0 \u00a0 \u00a0 \u00a0 \u00a0 \u00a0 \u00a0 \u00a0 \u00a0 \u00a0 \u00a0 \u00a0 \u00a0 \u00a0 \u00a0 \u00a0 \u00a0 \u00a0 \u00a0 \u00a0 \u00a0 \u00a0 \u00a0 \u00a0 \u00a0 \u00a0 \u00a0 \u00a0 \u00a0 \u00a0 \u00a0 \u00a0<\/span><span><br \/> <\/span><span>Burhan Danac\u0131, B\u00fclent Aydo\u011fdu, T\u00fclay Ayd\u0131n<\/span><span> \u00a0 \u00a0 <\/span><\/p>\n<p>\n","protected":false},"excerpt":{"rendered":"<p>Sa\u011fl\u0131k alan\u0131nda \u00f6nemli bir ivme yakalayan H\u00fcrriyet\u00e7i Sa\u011fl\u0131k-Sen, 1. Ola\u011fan Genel Kurulu&#8217;nu ger\u00e7ekle\u015ftirdi.<\/p>\n","protected":false},"author":1,"featured_media":40642,"comment_status":"open","ping_status":"open","sticky":false,"template":"","format":"standard","meta":{"footnotes":""},"categories":[11],"tags":[2460,516,1693,1928,5682],"class_list":["post-40641","post","type-post","status-publish","format-standard","has-post-thumbnail","hentry","category-saglik","tag-bagimsiz","tag-baskan","tag-hak","tag-sen","tag-sendika"],"_links":{"self":[{"href":"https:\/\/bihavadis.com\/index.php\/wp-json\/wp\/v2\/posts\/40641","targetHints":{"allow":["GET"]}}],"collection":[{"href":"https:\/\/bihavadis.com\/index.php\/wp-json\/wp\/v2\/posts"}],"about":[{"href":"https:\/\/bihavadis.com\/index.php\/wp-json\/wp\/v2\/types\/post"}],"author":[{"embeddable":true,"href":"https:\/\/bihavadis.com\/index.php\/wp-json\/wp\/v2\/users\/1"}],"replies":[{"embeddable":true,"href":"https:\/\/bihavadis.com\/index.php\/wp-json\/wp\/v2\/comments?post=40641"}],"version-history":[{"count":1,"href":"https:\/\/bihavadis.com\/index.php\/wp-json\/wp\/v2\/posts\/40641\/revisions"}],"predecessor-version":[{"id":40644,"href":"https:\/\/bihavadis.com\/index.php\/wp-json\/wp\/v2\/posts\/40641\/revisions\/40644"}],"wp:featuredmedia":[{"embeddable":true,"href":"https:\/\/bihavadis.com\/index.php\/wp-json\/wp\/v2\/media\/40642"}],"wp:attachment":[{"href":"https:\/\/bihavadis.com\/index.php\/wp-json\/wp\/v2\/media?parent=40641"}],"wp:term":[{"taxonomy":"category","embeddable":true,"href":"https:\/\/bihavadis.com\/index.php\/wp-json\/wp\/v2\/categories?post=40641"},{"taxonomy":"post_tag","embeddable":true,"href":"https:\/\/bihavadis.com\/index.php\/wp-json\/wp\/v2\/tags?post=40641"}],"curies":[{"name":"wp","href":"https:\/\/api.w.org\/{rel}","templated":true}]}}