{"id":40656,"date":"2026-02-21T22:09:37","date_gmt":"2026-02-21T22:09:37","guid":{"rendered":"https:\/\/bihavadis.com\/?p=40656"},"modified":"2026-02-21T22:09:37","modified_gmt":"2026-02-21T22:09:37","slug":"sagmanin-yilin-kareleri-oylamasi","status":"publish","type":"post","link":"https:\/\/bihavadis.com\/index.php\/2026\/02\/21\/sagmanin-yilin-kareleri-oylamasi\/","title":{"rendered":"Sa\u011fman&#8217;\u0131n Y\u0131l\u0131n Kareleri Oylamas\u0131"},"content":{"rendered":"<p>T\u00fcrkiye&#8217;nin Dakar B\u00fcy\u00fckel\u00e7isi Nur Sa\u011fman, Anadolu Ajans\u0131n\u0131n (AA) g\u00f6z\u00fcnden 2025&#8217;e damga vuran olaylara ait foto\u011fraflar\u0131n yer ald\u0131\u011f\u0131 &#8220;Y\u0131l\u0131n Kareleri&#8221; oylamas\u0131na kat\u0131ld\u0131.<\/p>\n<p>Sa\u011fman, AJet, lifebox ve ROKETSAN sponsorlu\u011funda d\u00fczenlenen yar\u0131\u015fmada, AA foto muhabirleri ve muhabirlerinin 2025 y\u0131l\u0131nda T\u00fcrkiye ile d\u00fcnya g\u00fcndeminde yank\u0131 bulan 6 kategorideki 112 foto\u011fraf\u0131n\u0131 inceledi.<\/p>\n<p>&#8220;Haber&#8221; kategorisinde Mahmut Serdar Alaku\u015f&#8217;un &#8220;Ayn\u0131 \u015femsiyenin alt\u0131nda&#8221; ba\u015fl\u0131kl\u0131 foto\u011fraf\u0131na oy veren Sa\u011fman, &#8220;Spor&#8221; kategorisinde Cem Genco&#8217;nun &#8220;\u00c7amur rugbisi&#8221; foto\u011fraf\u0131n\u0131 oylad\u0131.<\/p>\n<p>Sa\u011fman, &#8220;Do\u011fal Ya\u015fam ve \u00c7evre&#8221; kategorisinde \u00d6zkan Bilgin&#8217;in &#8220;Dolunaya inat&#8221; ve &#8220;G\u00fcnl\u00fck Hayat&#8221; kategorisinde de Cem \u00d6zdel&#8217;in &#8220;G\u00f6zalan&#8221; foto\u011fraflar\u0131n\u0131 se\u00e7ti.<\/p>\n<p>&#8220;Gazze: A\u00e7l\u0131k&#8221; kategorisindeki foto\u011fraflar\u0131 incelerken g\u00f6zya\u015flar\u0131na bo\u011fulan Sa\u011fman, Ali Jadallah&#8217;\u0131n &#8220;Gazze&#8217;de a\u00e7l\u0131kla m\u00fccadele eden Filistinlilere yemek da\u011f\u0131t\u0131ld\u0131&#8221; ba\u015fl\u0131kl\u0131 foto\u011fraf\u0131na oy verdi.<\/p>\n<p>Sa\u011fman, &#8220;Her bir kare birbirinden etkileyici, her bir kare y\u00fcz\u00fcm\u00fcze tokat gibi \u00e7arp\u0131yor. Bakmaya bile y\u00fcre\u011fim dayanmad\u0131 bir de orada bu ac\u0131lar\u0131 \u00e7eken masum insanlar\u0131, \u00e7ocuklar\u0131 d\u00fc\u015f\u00fcn\u00fcnce isyan etmemek elde de\u011fil.&#8221; dedi.<\/p>\n<p>B\u00fcy\u00fckel\u00e7i Sa\u011fman, &#8220;Portre&#8221; kategorisinde de tercihini Ahmet Serdar Eser&#8217;in &#8220;Kendi portresi&#8221; ba\u015fl\u0131kl\u0131 foto\u011fraf\u0131ndan yana kulland\u0131.<\/p>\n<p>&#8220;Anadolu Ajans\u0131n\u0131n kareleri bize her sene bir hayat dersi veriyor&#8221;<\/p>\n<p>Oylama sonras\u0131 AA muhabirine de\u011ferlendirmelerde bulunan Sa\u011fman, &#8220;Gazze: A\u00e7l\u0131k&#8221; \u00f6zel kategorisindeki foto\u011fraflardan \u00e7ok etkilendi\u011fini s\u00f6yledi.<\/p>\n<p>Sa\u011fman, &#8220;Bu kareleri \u00f6nce kendi g\u00fcndemimize sonra da d\u00fcnya g\u00fcndemine getirmek o kadar \u00f6nemli ki g\u00fcnl\u00fck hayatta bazen unutuyoruz. Foto\u011fraflara bakarken su\u00e7luluk hissettim. Elimizden geleni yap\u0131yoruz ama hala orada tarifi m\u00fcmk\u00fcn olmayan ac\u0131lar ya\u015fan\u0131yor. Bu karelerin \u00e7ok \u00f6nemli bir g\u00f6rev \u00fcstlendi\u011fini d\u00fc\u015f\u00fcn\u00fcyorum, bize nas\u0131l bir d\u00fcnyada ya\u015fad\u0131\u011f\u0131m\u0131z\u0131 hat\u0131rlat\u0131yor. \u00c7eken k\u0131ymetli foto muhabirlerine \u00e7ok te\u015fekk\u00fcr ediyorum.&#8221; diye konu\u015ftu.<\/p>\n<p>&#8220;Portre&#8221; kategorisinde albinizmli bir bireye ait &#8220;Kendi Portresi&#8221; ba\u015fl\u0131kl\u0131 foto\u011fraftan da \u00e7ok etkilendi\u011fini kaydeden Sa\u011fman, Dakar B\u00fcy\u00fckel\u00e7ili\u011fi ve T\u00fcrk \u0130\u015fbirli\u011fi ve Kordinasyon Ajans\u0131 Ba\u015fkanl\u0131\u011f\u0131 (T\u0130KA) i\u015fbirli\u011finde Senegal&#8217;deki albinizmli bireylerle ilgili \u00e7e\u015fitli fark\u0131ndal\u0131k faaliyetlerinde bulunduklar\u0131n\u0131 dile getirdi.<\/p>\n<p>Sa\u011fman, oylamada yer alan her karenin \u00e7ok de\u011ferli oldu\u011funu belirterek, &#8220;Anadolu Ajans\u0131m\u0131z\u0131n her sene sundu\u011fu bu kareler bize insan oldu\u011fumuzu hat\u0131rlat\u0131yor. Bir yandan \u00e7ok estetik, muazzam foto\u011fraflar var, bir yandan ac\u0131y\u0131 resmeden, fark\u0131ndal\u0131k ama\u00e7layan kareler var. Anadolu Ajans\u0131n\u0131n kareleri bize her sene bir hayat dersi veriyor.&#8221; ifadesini kulland\u0131.<\/p>\n<p>Oylama<\/p>\n<p>AA&#8217;n\u0131n 2012 y\u0131l\u0131ndan bu yana d\u00fczenledi\u011fi yar\u0131\u015fmada, bu y\u0131l &#8220;Haber&#8221;, &#8220;Do\u011fal Ya\u015fam ve \u00c7evre&#8221;, &#8220;Spor&#8221; ve &#8220;G\u00fcnl\u00fck Hayat&#8221; olmak \u00fczere 4 ana kategorinin yan\u0131 s\u0131ra &#8220;Gazze: A\u00e7l\u0131k&#8221; ve &#8220;Portre&#8221; ba\u015fl\u0131kl\u0131 2 \u00f6zel kategori de yer al\u0131yor.<\/p>\n<p>T\u00fcrk\u00e7e ve \u0130ngilizce alt yaz\u0131yla d\u00fcnya genelinde yap\u0131lan oylamaya kat\u0131lanlar, istedikleri say\u0131da foto\u011frafa oy verebiliyor.<\/p>\n<p>Oylama &#8220;yilinkareleri.aa.com.tr&#8221; internet sitesinden 15 \u015eubat Pazar g\u00fcn\u00fc, saat 17.00&#8217;ye kadar devam edecek.<\/p>\n","protected":false},"excerpt":{"rendered":"<p>Dakar B\u00fcy\u00fckel\u00e7isi Sa\u011fman, AA&#8217;n\u0131n 2025 Y\u0131l\u0131n Kareleri oylamas\u0131na kat\u0131ld\u0131 ve etkileyici foto\u011fraflar\u0131 inceledi.<\/p>\n","protected":false},"author":1,"featured_media":40657,"comment_status":"open","ping_status":"open","sticky":false,"template":"","format":"standard","meta":{"footnotes":""},"categories":[9,4,13],"tags":[311,2664,312,1830,5683],"class_list":["post-40656","post","type-post","status-publish","format-standard","has-post-thumbnail","hentry","category-genel","category-gundem","category-son-dakika","tag-foto","tag-kare","tag-kategorisinde","tag-oylama","tag-sagman"],"_links":{"self":[{"href":"https:\/\/bihavadis.com\/index.php\/wp-json\/wp\/v2\/posts\/40656","targetHints":{"allow":["GET"]}}],"collection":[{"href":"https:\/\/bihavadis.com\/index.php\/wp-json\/wp\/v2\/posts"}],"about":[{"href":"https:\/\/bihavadis.com\/index.php\/wp-json\/wp\/v2\/types\/post"}],"author":[{"embeddable":true,"href":"https:\/\/bihavadis.com\/index.php\/wp-json\/wp\/v2\/users\/1"}],"replies":[{"embeddable":true,"href":"https:\/\/bihavadis.com\/index.php\/wp-json\/wp\/v2\/comments?post=40656"}],"version-history":[{"count":1,"href":"https:\/\/bihavadis.com\/index.php\/wp-json\/wp\/v2\/posts\/40656\/revisions"}],"predecessor-version":[{"id":40658,"href":"https:\/\/bihavadis.com\/index.php\/wp-json\/wp\/v2\/posts\/40656\/revisions\/40658"}],"wp:featuredmedia":[{"embeddable":true,"href":"https:\/\/bihavadis.com\/index.php\/wp-json\/wp\/v2\/media\/40657"}],"wp:attachment":[{"href":"https:\/\/bihavadis.com\/index.php\/wp-json\/wp\/v2\/media?parent=40656"}],"wp:term":[{"taxonomy":"category","embeddable":true,"href":"https:\/\/bihavadis.com\/index.php\/wp-json\/wp\/v2\/categories?post=40656"},{"taxonomy":"post_tag","embeddable":true,"href":"https:\/\/bihavadis.com\/index.php\/wp-json\/wp\/v2\/tags?post=40656"}],"curies":[{"name":"wp","href":"https:\/\/api.w.org\/{rel}","templated":true}]}}