{"id":40700,"date":"2026-02-21T22:45:06","date_gmt":"2026-02-21T22:45:06","guid":{"rendered":"https:\/\/bihavadis.com\/?p=40700"},"modified":"2026-02-21T22:45:06","modified_gmt":"2026-02-21T22:45:06","slug":"altin-ve-gumus-fiyatlarinda-keskin-dalgalanmalar","status":"publish","type":"post","link":"https:\/\/bihavadis.com\/index.php\/2026\/02\/21\/altin-ve-gumus-fiyatlarinda-keskin-dalgalanmalar\/","title":{"rendered":"Alt\u0131n ve G\u00fcm\u00fc\u015f Fiyatlar\u0131nda Keskin Dalgalanmalar"},"content":{"rendered":"<p>Son g\u00fcnlerde alt\u0131n ve g\u00fcm\u00fc\u015fte ya\u015fanan fiyat hareketleriyle ilgili olarak keskin art\u0131\u015flar\u0131n keskin d\u00fc\u015f\u00fc\u015fler getirebilece\u011fini s\u00f6yleyen Prof. Dr. \u0130brahim \u00dcnalm\u0131\u015f, de\u011ferli madenler i\u00e7in talep olu\u015fturan \u015fartlar\u0131n devam etti\u011fini belirtti. \u00dcnalm\u0131\u015f, alt\u0131ndaki art\u0131\u015f\u0131n \u00f6zellikle gayrimenkul, otomobil ve beyaz e\u015fya sat\u0131\u015flar\u0131na etki yapt\u0131\u011f\u0131na dair ara\u015ft\u0131rmalar oldu\u011funu dile getirdi.<\/p>\n<p>Alt\u0131n ve g\u00fcm\u00fc\u015f fiyatlar\u0131nda son g\u00fcnlerde ya\u015fanan fiyat dalgalanmalar\u0131 g\u00fcndemdeki yerini koruyor. Alt\u0131n\u0131n gram fiyat\u0131, 29 Ocak&#8217;ta, 8 bin 58 lira ile zirve yaparken 2 \u015eubat&#8217;ta y\u00fczde 14 de\u011fer kayb\u0131yla 6 bin 939 liraya kadar geriledi. G\u00fcm\u00fc\u015f\u00fcn kilogram fiyat\u0131 ise 29 Ocak&#8217;ta, 187 bin liray\u0131 g\u00f6r\u00fcrken, 2 \u015eubat&#8217;ta, 28.8 de\u011fer kayb\u0131yla 133 bin 442 liraya kadar geriledi. De\u011ferli madenlerdeki h\u0131zl\u0131 y\u00fckseli\u015f ve ard\u0131ndan gelen d\u00fc\u015f\u00fc\u015f dikkat \u00e7ekerken, 3 \u015eubat itibariyle alt\u0131n ve de\u011ferli madenler yeniden y\u00fckseli\u015fe ge\u00e7ti. Alt\u0131n ve de\u011ferli madenlerdeki h\u0131zl\u0131 y\u00fckseli\u015f ve d\u00fc\u015f\u00fc\u015flerle ilgili Bah\u00e7e\u015fehir \u00dcniversitesi \u0130ktisat \u0130dari ve Sosyal Bilimler Fak\u00fcltesi Ekonomi ve Finans B\u00f6l\u00fcm\u00fc \u00d6\u011fretim \u00dcyesi Prof. Dr. \u0130brahim \u00dcnalm\u0131\u015f, de\u011ferlendirmelerde bulundu.<\/p>\n<p>Dolardan ka\u00e7an alt\u0131n ve g\u00fcm\u00fc\u015fe y\u00f6neldi<\/p>\n<p>Prof. Dr. \u0130brahim \u00dcnalm\u0131\u015f, alt\u0131ndaki y\u00fckseli\u015fin \u00fc\u00e7 temel sebebi oldu\u011funu belirterek, &#8220;Donald Trump&#8217;\u0131n, ABD&#8217;nin daha rekabet\u00e7i olabilmesi i\u00e7in dolar\u0131n zay\u0131flamas\u0131na y\u00f6nelik gev\u015fek para politikas\u0131 ve faizi d\u00fc\u015f\u00fcrme giri\u015fiminin yat\u0131r\u0131mc\u0131larda dolardan ka\u00e7\u0131\u015f\u0131 h\u0131zland\u0131rd\u0131. Dolardan yat\u0131r\u0131mlar\u0131n\u0131 azaltan yat\u0131r\u0131mc\u0131lar, alt\u0131n ve g\u00fcm\u00fc\u015f gibi de\u011ferli madenlere y\u00f6neldi. Di\u011fer bir sebep ise k\u00fcresel riskler. Devam eden Ukrayna Sava\u015f\u0131, Venezuela&#8217;da ya\u015fananlar, ABD&#8217;nin Gr\u00f6nland&#8217;\u0131 istemesi, \u0130ran&#8217;daki sava\u015f ihtimali, ABD &#8211; \u00c7in rekabeti k\u00fcresel riskleri art\u0131r\u0131yor. Yat\u0131r\u0131m yapan sermaye sahipleri ise alt\u0131n ve de\u011ferli madenleri g\u00fcvenli liman olarak g\u00f6rd\u00fc\u011f\u00fc i\u00e7in bu alana y\u00f6neliyor. Bir di\u011fer fakt\u00f6r ise alt\u0131n ve de\u011ferli madenlerden kar etme amac\u0131 g\u00fcden ki\u015filerin bu alan y\u00f6nelmesi yani &#8216;s\u00fcr\u00fc psikolojisi&#8217; diyebiliriz&#8221; dedi.<\/p>\n<p>Merkez bankalar\u0131n\u0131n al\u0131mlar\u0131 3 bin 500 dolar a\u015f\u0131l\u0131nca azald\u0131<\/p>\n<p>Alt\u0131n\u0131n ONS fiyat\u0131n\u0131n 29 Ocak&#8217;ta 5 bin 600 dolarla zirve yapt\u0131ran s\u00fcre\u00e7te merkez bankalar\u0131 d\u0131\u015f\u0131ndaki al\u0131mlar\u0131n daha etkili oldu\u011funu belirten \u00dcnalm\u0131\u015f, merkez bankalar\u0131n\u0131n al\u0131m yo\u011funlu\u011funun, alt\u0131n\u0131n ONS fiyat\u0131n\u0131n 3 bin 500 dolar seviyesini a\u015fmas\u0131n\u0131n ard\u0131ndan azald\u0131\u011f\u0131na dikkat \u00e7ekti. \u00dclkemizde de Merkez Bankas\u0131n\u0131n 31 Ekim&#8217;de ald\u0131\u011f\u0131 kararla, T\u00fcrkiye&#8217;de \u00e7\u0131kar\u0131lan alt\u0131n madenini \u00f6ncelikli al\u0131m hakk\u0131n\u0131 ask\u0131ya alm\u0131\u015ft\u0131.<\/p>\n<p>FED ba\u015fkan\u0131 aday\u0131 d\u00fc\u015f\u00fc\u015fte etkili oldu<\/p>\n<p>Alt\u0131n\u0131n ONS fiyat\u0131n\u0131n, 2 \u015eubat&#8217;ta, 4 bin 506 dolara kadar gerilemesini de de\u011ferlendiren Prof. Dr. \u0130brahim \u00dcnalm\u0131\u015f, fiyat d\u00fc\u015f\u00fc\u015f\u00fcnde Trump&#8217;\u0131n FED Ba\u015fkan\u0131 olarak Kevin Warsh&#8217;\u0131 aday g\u00f6stermesinin etkili oldu\u011funu belirtti. \u00dcnalm\u0131\u015f, &#8220;ABD&#8217;de FED&#8217;in ba\u015f\u0131na Kevin Warsh&#8217;\u0131n aday g\u00f6sterilmesi dolar \u00fczerinde olumlu bir etki yapt\u0131. Warsh&#8217;\u0131n dolar\u0131n de\u011ferini d\u00fc\u015f\u00fcrecek politikalar yerine dolar\u0131 g\u00fc\u00e7l\u00fc tutaca\u011f\u0131 beklentisi alt\u0131n ve de\u011feri madenlerde d\u00fc\u015f\u00fc\u015f getirdi&#8221; diye konu\u015ftu.<\/p>\n<p>Bug\u00fcn ger\u00e7ekle\u015fen y\u00fckseli\u015f trendiyle alt\u0131n ONS fiyat\u0131 5 bin dolara yakla\u015f\u0131rken, art\u0131\u015f\u0131 da de\u011ferlendiren Prof. Dr. \u0130brahim \u00dcnalm\u0131\u015f, sert geri \u00e7ekilme sonras\u0131 fiyatlarda toparlanma hareketi ya\u015fand\u0131\u011f\u0131n\u0131, de\u011ferli metallere talep olu\u015fturan \u015fartlar\u0131n hala ge\u00e7erli oldu\u011funu vurgulad\u0131.<\/p>\n<p>Alt\u0131n fiyat\u0131ndaki art\u0131\u015f ev, arsa, otomobil, beyaz e\u015fya sat\u0131\u015flar\u0131na yans\u0131yor<\/p>\n<p>Alt\u0131n ve g\u00fcm\u00fc\u015f gibi de\u011ferli madenlerdeki y\u00fckseli\u015fin farkl\u0131 sekt\u00f6rlere olan etkisini de de\u011ferlendiren \u00dcnalm\u0131\u015f, &#8220;Yap\u0131lan ara\u015ft\u0131rmalarda, alt\u0131n fiyatlar\u0131n\u0131n zirve yapt\u0131\u011f\u0131 d\u00f6nemlerde ev, arsa gibi gayrimenkuller, otomobil ve beyaz e\u015fya sat\u0131\u015flar\u0131nda art\u0131\u015f oldu\u011fu g\u00f6zlemleniyor. Ancak di\u011fer sekt\u00f6rlerde ciddi bir yans\u0131ma g\u00f6zlemlenmiyor&#8221; \u015feklinde konu\u015ftu.<\/p>\n<p>Enerji ihtiyac\u0131 g\u00fcm\u00fc\u015f ve bak\u0131r fiyatlar\u0131n\u0131 etkiliyor<\/p>\n<p>Alt\u0131n ve g\u00fcm\u00fc\u015f fiyatlar\u0131ndaki art\u0131\u015f\u0131n \u00fcr\u00fcn baz\u0131nda da etkisi bulundu\u011funu s\u00f6yleyen Prof. Dr. \u0130brahim \u00dcnalm\u0131\u015f, bak\u0131r fiyatlar\u0131ndaki y\u00fckseli\u015fe de de\u011findi. \u00dcnalm\u0131\u015f, &#8220;\u00d6zellikle yapay zekan\u0131n geli\u015fmesi enerji ihtiyac\u0131n\u0131 ortaya \u00e7\u0131kard\u0131. Bu enerjinin sa\u011flanabilmesi i\u00e7in temiz enerji ve mini n\u00fckleer santrallerin yap\u0131lmas\u0131 planlan\u0131yor. Enerji sistemlerine \u00f6zellikle bak\u0131r ve g\u00fcm\u00fc\u015fe ihtiya\u00e7 duyuluyor. Mesela g\u00fcne\u015f panellerinin yap\u0131lmas\u0131nda g\u00fcm\u00fc\u015fe ihtiya\u00e7 var. Bu g\u00fcm\u00fc\u015f talebini ve fiyat\u0131 art\u0131r\u0131yor. Ancak g\u00fcm\u00fc\u015f fiyatlar\u0131n\u0131n artmas\u0131 g\u00fcne\u015f panellerinin art\u0131\u015f\u0131na da etki ediyor. G\u00fcm\u00fc\u015f fiyatlar\u0131ndaki h\u0131zl\u0131 y\u00fckseli\u015fin, g\u00fcne\u015f enerjisi sistemlerindeki fiyatlara etki etti\u011fini g\u00f6rebiliyoruz. Yakla\u015f\u0131k 2 metre kare bir g\u00fcne\u015f panelinde 20 gram kadar g\u00fcm\u00fc\u015f kullanabilirken, enerji naklinde bak\u0131r ihtiyac\u0131 \u00f6n plana \u00e7\u0131k\u0131yor&#8221; dedi.<\/p>\n<p>\u00dcnalm\u0131\u015f, enerji ihtiyac\u0131ndaki art\u0131\u015f\u0131n bak\u0131r fiyatlar\u0131na yans\u0131yaca\u011f\u0131 d\u00fc\u015f\u00fcncesinin bu madene yat\u0131r\u0131m yap\u0131lmas\u0131na sebep oldu\u011funu da dile getirerek, son g\u00fcnlerde talep olu\u015fan &#8220;k\u00fcl\u00e7e bak\u0131r&#8221; sat\u0131\u015flar\u0131n\u0131n da art\u0131\u015f beklentisiyle ilgili oldu\u011funu ifade etti. \u00dcnalm\u0131\u015f, bu durumun olumlu ve olumsuz etkilerinin bulundu\u011funu belirterek, &#8220;Fiyat h\u0131zl\u0131 y\u00fckselirse o kadar h\u0131zl\u0131 d\u00fc\u015febilir&#8221; s\u00f6z\u00fcn\u00fcn ekonomideki genel bir de\u011ferlendirme oldu\u011funu s\u00f6yledi. Prof. Dr. \u00dcnalm\u0131\u015f, keskin art\u0131\u015f ve d\u00fc\u015f\u00fc\u015flerin devam edebilece\u011fini de s\u00f6zlerine ekledi. &#8211; \u0130STANBUL<\/p>\n","protected":false},"excerpt":{"rendered":"<p>Prof. Dr. \u00dcnalm\u0131\u015f, fiyat art\u0131\u015flar\u0131n\u0131n yat\u0131r\u0131m davran\u0131\u015f\u0131n\u0131 etkiledi\u011fini vurgulad\u0131.<\/p>\n","protected":false},"author":1,"featured_media":40701,"comment_status":"open","ping_status":"open","sticky":false,"template":"","format":"standard","meta":{"footnotes":""},"categories":[8],"tags":[387,797,590,244,412],"class_list":["post-40700","post","type-post","status-publish","format-standard","has-post-thumbnail","hentry","category-ekonomi","tag-altin","tag-dolar","tag-enerji","tag-etki","tag-fiyat"],"_links":{"self":[{"href":"https:\/\/bihavadis.com\/index.php\/wp-json\/wp\/v2\/posts\/40700","targetHints":{"allow":["GET"]}}],"collection":[{"href":"https:\/\/bihavadis.com\/index.php\/wp-json\/wp\/v2\/posts"}],"about":[{"href":"https:\/\/bihavadis.com\/index.php\/wp-json\/wp\/v2\/types\/post"}],"author":[{"embeddable":true,"href":"https:\/\/bihavadis.com\/index.php\/wp-json\/wp\/v2\/users\/1"}],"replies":[{"embeddable":true,"href":"https:\/\/bihavadis.com\/index.php\/wp-json\/wp\/v2\/comments?post=40700"}],"version-history":[{"count":1,"href":"https:\/\/bihavadis.com\/index.php\/wp-json\/wp\/v2\/posts\/40700\/revisions"}],"predecessor-version":[{"id":40702,"href":"https:\/\/bihavadis.com\/index.php\/wp-json\/wp\/v2\/posts\/40700\/revisions\/40702"}],"wp:featuredmedia":[{"embeddable":true,"href":"https:\/\/bihavadis.com\/index.php\/wp-json\/wp\/v2\/media\/40701"}],"wp:attachment":[{"href":"https:\/\/bihavadis.com\/index.php\/wp-json\/wp\/v2\/media?parent=40700"}],"wp:term":[{"taxonomy":"category","embeddable":true,"href":"https:\/\/bihavadis.com\/index.php\/wp-json\/wp\/v2\/categories?post=40700"},{"taxonomy":"post_tag","embeddable":true,"href":"https:\/\/bihavadis.com\/index.php\/wp-json\/wp\/v2\/tags?post=40700"}],"curies":[{"name":"wp","href":"https:\/\/api.w.org\/{rel}","templated":true}]}}