{"id":40722,"date":"2026-02-21T23:03:35","date_gmt":"2026-02-21T23:03:35","guid":{"rendered":"https:\/\/bihavadis.com\/?p=40722"},"modified":"2026-02-21T23:03:35","modified_gmt":"2026-02-21T23:03:35","slug":"fenerbahceden-kante-transferinin-neden-iptal-oldugunu-acikladi","status":"publish","type":"post","link":"https:\/\/bihavadis.com\/index.php\/2026\/02\/21\/fenerbahceden-kante-transferinin-neden-iptal-oldugunu-acikladi\/","title":{"rendered":"Fenerbah\u00e7e&#8217;den Kante transferinin neden iptal oldu\u011funu a\u00e7\u0131klad\u0131"},"content":{"rendered":"<p>Fenerbah\u00e7e&#8217;de N&#8217;Golo Kante transferinde ya\u015fanan geli\u015fmeler kamuoyunda geni\u015f yank\u0131 uyand\u0131r\u0131rken, sar\u0131-lacivertli kul\u00fcp s\u00fcrece ili\u015fkin resmi bir a\u00e7\u0131klama yapt\u0131. Suudi Arabistan&#8217;a giderek transferi sonu\u00e7land\u0131rmas\u0131 beklenen y\u00f6netici Ertan Toruno\u011fullar\u0131&#8217;n\u0131n g\u00f6r\u00fc\u015fmeleri sonras\u0131 anla\u015fmaya var\u0131ld\u0131\u011f\u0131 y\u00f6n\u00fcndeki haberler, taraftarda b\u00fcy\u00fck heyecan yaratm\u0131\u015ft\u0131. Ancak Arabistan&#8217;dan gelen son bilgilerle birlikte transferin iptal oldu\u011fu \u00f6\u011frenildi.<\/p>\n<p><b>KUL\u00dcPTEN DETAYLI A\u00c7IKLAMA GELD\u0130<\/b><\/p>\n<p>Fenerbah\u00e7e, resmi internet sitesinden yapt\u0131\u011f\u0131 a\u00e7\u0131klamada N&#8217;Golo Kant\u00e9 ve Youssef En-Nesyri&#8217;yi kapsayan transfer s\u00fcrecinin kul\u00fcp taraf\u0131ndan planland\u0131\u011f\u0131 \u015fekilde ve titizlikle y\u00fcr\u00fct\u00fcld\u00fc\u011f\u00fcn\u00fc belirtti. A\u00e7\u0131klamada, teknik heyetin talebi do\u011frultusunda oyuncularla anla\u015fmaya var\u0131ld\u0131\u011f\u0131, sa\u011fl\u0131k kontrollerinin tamamland\u0131\u011f\u0131, gerekli onaylar\u0131n al\u0131nd\u0131\u011f\u0131 ve kul\u00fcb\u00fcn t\u00fcm y\u00fck\u00fcml\u00fcl\u00fcklerini s\u00fcresi i\u00e7inde eksiksiz yerine getirdi\u011fi vurguland\u0131. Transfer tesciline ili\u015fkin evraklar\u0131n da zaman\u0131nda ve do\u011fru \u015fekilde sisteme y\u00fcklendi\u011fi ifade edildi.<\/p>\n<p><b>&#8220;AL ITTIHAT&#8217;TAN KAYNAKLANAN SORUN NEDEN\u0130YLE TRANSFER TAMAMLANAMADI&#8221;<\/b><\/p>\n<p>Ancak Fenerbah\u00e7e, s\u00fcrecin kar\u015f\u0131 kul\u00fcpten kaynaklanan bir sorun nedeniyle tamamlanamad\u0131\u011f\u0131n\u0131 duyurdu. A\u00e7\u0131klamaya g\u00f6re, Al Ittihad Kul\u00fcb\u00fc&#8217;n\u00fcn TMS bilgilerini hatal\u0131 girmesi nedeniyle i\u015flemler transfer tescil s\u00fcresi i\u00e7inde sonu\u00e7land\u0131r\u0131lamad\u0131. Sar\u0131-lacivertli kul\u00fcb\u00fcn ek s\u00fcre talep etti\u011fi, FIFA nezdinde giri\u015fimlerde bulundu\u011fu ve s\u00fcrecin \u00e7\u00f6z\u00fcm\u00fc i\u00e7in t\u00fcm ad\u0131mlar\u0131 att\u0131\u011f\u0131 belirtilirken, buna ra\u011fmen kar\u015f\u0131 kul\u00fcb\u00fcn herhangi bir gerek\u00e7e sunmadan i\u015flemleri tamamlamad\u0131\u011f\u0131 kaydedildi.<\/p>\n<p><b>&#8220;HAYAL KIRIKLI\u011eINI PAYLA\u015eIYORUZ&#8221;<\/b><\/p>\n<p>Ya\u015fanan geli\u015fmelerin ard\u0131ndan transfer s\u00fcrecinin sonu\u00e7land\u0131r\u0131lamad\u0131\u011f\u0131 belirtilen a\u00e7\u0131klamada, &#8220;Bu s\u00fcrecin camiam\u0131zda yaratt\u0131\u011f\u0131 hayal k\u0131r\u0131kl\u0131\u011f\u0131n\u0131 anl\u0131yor ve payla\u015f\u0131yoruz&#8221; ifadelerine yer verildi. Fenerbah\u00e7e y\u00f6netimi, sportif hedefler do\u011frultusunda kadro yap\u0131lanmas\u0131na ayn\u0131 kararl\u0131l\u0131k ve disiplinle devam edilece\u011fini vurgulad\u0131.<\/p>\n<div>\n<figure><img decoding=\"async\" src=\"https:\/\/bihavadis.com\/wp-content\/uploads\/2026\/02\/fenerbahceden-kante-transferinin-neden-iptal-oldugunu-acikladi-0-Ad5xIsIe.jpg\"\/><\/figure>\n<\/div>\n<p><strong>Fenerbah\u00e7e&#8217;den konuya ili\u015fkin yap\u0131lan a\u00e7\u0131klamada \u015fu ifadelere yer verildi:<\/strong><\/p>\n<p>&#8220;Al Ittihad Kul\u00fcb\u00fc ile N&#8217;Golo Kant\u00e9 ve Youssef En-Nesyri&#8217;yi kapsayan transfer s\u00fcreci, kul\u00fcb\u00fcm\u00fcz taraf\u0131ndan planland\u0131\u011f\u0131 \u015fekilde ve t\u00fcm y\u00f6nleriyle titizlikle y\u00fcr\u00fct\u00fclm\u00fc\u015ft\u00fcr.<\/p>\n<p>Teknik heyetimizin talebi do\u011frultusunda ilerleyen bu s\u00fcre\u00e7te oyuncularla anla\u015fma sa\u011flanm\u0131\u015f; transfer edilecek oyuncunun sa\u011fl\u0131k kontrolleri tamamlanm\u0131\u015f, gerekli onaylar al\u0131nm\u0131\u015f ve kul\u00fcb\u00fcm\u00fcz \u00fczerine d\u00fc\u015fen t\u00fcm y\u00fck\u00fcml\u00fcl\u00fckleri s\u00fcresi i\u00e7inde eksiksiz olarak yerine getirmi\u015ftir. Transfer tesciline ili\u015fkin evraklar, belirlenen s\u00fcre i\u00e7erisinde do\u011fru ve tam \u015fekilde sisteme y\u00fcklenmi\u015ftir.<\/p>\n<p>Ancak kar\u015f\u0131 kul\u00fcp taraf\u0131ndan ilgili TMS bilgilerinin hatal\u0131 girilmesi nedeniyle, kul\u00fcb\u00fcm\u00fczden ba\u011f\u0131ms\u0131z \u015fekilde i\u015flemler transfer tescil s\u00fcresi i\u00e7erisinde tamamlanamam\u0131\u015ft\u0131r. Bu do\u011frultuda ek s\u00fcre talep edilmi\u015f, FIFA nezdinde gerekli g\u00f6r\u00fc\u015fmeler kul\u00fcb\u00fcm\u00fczce ger\u00e7ekle\u015ftirilmi\u015f ve s\u00fcrecin \u00e7\u00f6z\u00fcme kavu\u015fmas\u0131 ad\u0131na t\u00fcm ad\u0131mlar at\u0131lm\u0131\u015ft\u0131r. Buna ra\u011fmen devam eden s\u00fcre\u00e7te, taraf\u0131m\u0131za herhangi bir gerek\u00e7e sunulmaks\u0131z\u0131n kar\u015f\u0131 kul\u00fcp taraf\u0131ndan i\u015flemler tamamlanmam\u0131\u015ft\u0131r.<\/p>\n<p>Ya\u015fanan bu geli\u015fmeler sonucunda s\u00f6z konusu transfer s\u00fcreci ne yaz\u0131k ki sonu\u00e7land\u0131r\u0131lamam\u0131\u015ft\u0131r.<\/p>\n<p>Bu s\u00fcrecin camiam\u0131zda yaratt\u0131\u011f\u0131 hayal k\u0131r\u0131kl\u0131\u011f\u0131n\u0131 anl\u0131yor ve payla\u015f\u0131yoruz.<\/p>\n<p>Kul\u00fcb\u00fcm\u00fcz, sportif hedefleri do\u011frultusunda kadro yap\u0131lanmas\u0131na ayn\u0131 kararl\u0131l\u0131k ve disiplinle devam etmektedir.&#8221;<\/p>\n","protected":false},"excerpt":{"rendered":"<p>Fenerbah\u00e7e, N&#8217;Golo Kante transferinin kar\u015f\u0131 kul\u00fcb\u00fcn i\u015flemleri tamamlamamas\u0131 nedeniyle iptal oldu\u011funu duyurdu.<\/p>\n","protected":false},"author":1,"featured_media":40723,"comment_status":"open","ping_status":"open","sticky":false,"template":"","format":"standard","meta":{"footnotes":""},"categories":[14],"tags":[1807,1858,544,3504,404],"class_list":["post-40722","post","type-post","status-publish","format-standard","has-post-thumbnail","hentry","category-spor","tag-dogru","tag-fenerbahce","tag-sure","tag-surecin","tag-transfer"],"_links":{"self":[{"href":"https:\/\/bihavadis.com\/index.php\/wp-json\/wp\/v2\/posts\/40722","targetHints":{"allow":["GET"]}}],"collection":[{"href":"https:\/\/bihavadis.com\/index.php\/wp-json\/wp\/v2\/posts"}],"about":[{"href":"https:\/\/bihavadis.com\/index.php\/wp-json\/wp\/v2\/types\/post"}],"author":[{"embeddable":true,"href":"https:\/\/bihavadis.com\/index.php\/wp-json\/wp\/v2\/users\/1"}],"replies":[{"embeddable":true,"href":"https:\/\/bihavadis.com\/index.php\/wp-json\/wp\/v2\/comments?post=40722"}],"version-history":[{"count":1,"href":"https:\/\/bihavadis.com\/index.php\/wp-json\/wp\/v2\/posts\/40722\/revisions"}],"predecessor-version":[{"id":40725,"href":"https:\/\/bihavadis.com\/index.php\/wp-json\/wp\/v2\/posts\/40722\/revisions\/40725"}],"wp:featuredmedia":[{"embeddable":true,"href":"https:\/\/bihavadis.com\/index.php\/wp-json\/wp\/v2\/media\/40723"}],"wp:attachment":[{"href":"https:\/\/bihavadis.com\/index.php\/wp-json\/wp\/v2\/media?parent=40722"}],"wp:term":[{"taxonomy":"category","embeddable":true,"href":"https:\/\/bihavadis.com\/index.php\/wp-json\/wp\/v2\/categories?post=40722"},{"taxonomy":"post_tag","embeddable":true,"href":"https:\/\/bihavadis.com\/index.php\/wp-json\/wp\/v2\/tags?post=40722"}],"curies":[{"name":"wp","href":"https:\/\/api.w.org\/{rel}","templated":true}]}}