{"id":40772,"date":"2026-02-21T23:48:07","date_gmt":"2026-02-21T23:48:07","guid":{"rendered":"https:\/\/bihavadis.com\/?p=40772"},"modified":"2026-02-21T23:48:07","modified_gmt":"2026-02-21T23:48:07","slug":"baskan-devreye-girdi-canli-hayvan-pazari-yeniden-acildi","status":"publish","type":"post","link":"https:\/\/bihavadis.com\/index.php\/2026\/02\/21\/baskan-devreye-girdi-canli-hayvan-pazari-yeniden-acildi\/","title":{"rendered":"Ba\u015fkan devreye girdi, canl\u0131 hayvan pazar\u0131 yeniden a\u00e7\u0131ld\u0131"},"content":{"rendered":"<p>Yeni\u015fehir Belediye Ba\u015fkan\u0131 Ercan \u00d6zel, yakla\u015f\u0131k 9 ayd\u0131r \u015fap hastal\u0131\u011f\u0131 sebebiyle kapal\u0131 olan Canl\u0131 Hayvan Pazar\u0131&#8217;n\u0131n a\u00e7\u0131ld\u0131\u011f\u0131n\u0131 a\u00e7\u0131klad\u0131.<\/p>\n<p>\u015eap hastal\u0131\u011f\u0131 sebebiyle yakla\u015f\u0131k 9 ayd\u0131r kapal\u0131 olan Yeni\u015fehir Belediyesi Canl\u0131 Hayvan Pazar\u0131, bug\u00fcn itibar\u0131yla kap\u0131lar\u0131n\u0131 yeniden a\u00e7t\u0131. Bursa genelinde k\u0131s\u0131tlamalar\u0131n devam etti\u011fi bu s\u00fcre\u00e7te Yeni\u015fehir, gerekli sa\u011fl\u0131k \u015fartlar\u0131n\u0131 tamamlayarak pazar\u0131 faaliyete ge\u00e7iren ilk il\u00e7e olma \u00f6zelli\u011fini ta\u015f\u0131yor. \u0130l\u00e7e hayvanc\u0131l\u0131k ekonomisinin can damar\u0131 olan pazar\u0131n a\u00e7\u0131l\u0131\u015f\u0131, s\u0131k\u0131 denetim ve hijyen \u00f6nlemleri alt\u0131nda &#8220;kontroll\u00fc&#8221; olarak ger\u00e7ekle\u015ftirildi. \u0130l\u00e7e Tar\u0131m M\u00fcd\u00fcr\u00fc Mehmet Ak\u0131n ile birlikte Yeni\u015fehir Canl\u0131 Hayvan Pazar\u0131&#8217;nda incelemelerde bulunan Belediye Ba\u015fkan\u0131 Ercan \u00d6zel, &#8220;Uzun s\u00fcredir kapal\u0131 olan ve ma\u011fduriyetler ya\u015fanan canl\u0131 hayvan pazar\u0131m\u0131z\u0131n yeniden a\u00e7\u0131lmas\u0131 i\u00e7in t\u00fcm s\u00fcre\u00e7leri titizlikle y\u00fcr\u00fctt\u00fck. Halk sa\u011fl\u0131\u011f\u0131n\u0131 korumak ve pazar\u0131n s\u00fcreklili\u011fini sa\u011flamak ad\u0131na dezenfeksiyon \u00e7al\u0131\u015fmalar\u0131n\u0131 en \u00fcst seviyeye \u00e7\u0131kard\u0131k. Bursa&#8217;da \u015fap hastal\u0131\u011f\u0131 riskini geride b\u0131rakarak Canl\u0131 Hayvan Pazar\u0131&#8217;n\u0131 faaliyete ge\u00e7iren ilk belediye olman\u0131n gururunu ya\u015f\u0131yoruz. Celeplerimize hay\u0131rl\u0131 olsun&#8221; dedi.<\/p>\n<p>Yeni\u015fehir Belediye Ba\u015fkan\u0131 Ercan \u00d6zel, konuyla ilgili yapt\u0131\u011f\u0131 a\u00e7\u0131klamada, pazar\u0131n bereketli g\u00fcnlerine d\u00f6nmesi i\u00e7in Celeplere \u00f6nemli bir uyar\u0131da bulundu. Ba\u015fkan \u00d6zel, &#8220;Eme\u011finizi, pazar\u0131n\u0131z\u0131 korumak ve bir daha ayn\u0131 \u015feylerin ya\u015fanmamas\u0131 i\u00e7in sa\u011fl\u0131k raporu ve k\u00fcpesi olmayan hayvanlar\u0131 l\u00fctfen pazara getirmeyelim. Kurallara uyal\u0131m ki pazar\u0131m\u0131z\u0131n kap\u0131lar\u0131 bir daha hi\u00e7 kapanmas\u0131n&#8221; dedi. &#8211; BURSA<\/p>\n","protected":false},"excerpt":{"rendered":"<p>Yeni\u015fehir Belediye Ba\u015fkan\u0131 Ercan \u00d6zel, 9 ayd\u0131r kapal\u0131 olan Canl\u0131 Hayvan Pazar\u0131&#8217;n\u0131n gerekli sa\u011fl\u0131k ko\u015fullar\u0131 sa\u011flanarak yeniden a\u00e7\u0131ld\u0131\u011f\u0131n\u0131 duyurdu. Pazarda s\u0131k\u0131 denetimler ve hijyen \u00f6nlemleri al\u0131narak kontroll\u00fc bir \u015fekilde i\u015flem yap\u0131laca\u011f\u0131 belirtildi.<\/p>\n","protected":false},"author":1,"featured_media":40773,"comment_status":"open","ping_status":"open","sticky":false,"template":"","format":"standard","meta":{"footnotes":""},"categories":[8],"tags":[372,5694,5693,1941],"class_list":["post-40772","post","type-post","status-publish","format-standard","has-post-thumbnail","hentry","category-ekonomi","tag-belediye","tag-canli-hayvan","tag-pazari","tag-yenisehir"],"_links":{"self":[{"href":"https:\/\/bihavadis.com\/index.php\/wp-json\/wp\/v2\/posts\/40772","targetHints":{"allow":["GET"]}}],"collection":[{"href":"https:\/\/bihavadis.com\/index.php\/wp-json\/wp\/v2\/posts"}],"about":[{"href":"https:\/\/bihavadis.com\/index.php\/wp-json\/wp\/v2\/types\/post"}],"author":[{"embeddable":true,"href":"https:\/\/bihavadis.com\/index.php\/wp-json\/wp\/v2\/users\/1"}],"replies":[{"embeddable":true,"href":"https:\/\/bihavadis.com\/index.php\/wp-json\/wp\/v2\/comments?post=40772"}],"version-history":[{"count":1,"href":"https:\/\/bihavadis.com\/index.php\/wp-json\/wp\/v2\/posts\/40772\/revisions"}],"predecessor-version":[{"id":40774,"href":"https:\/\/bihavadis.com\/index.php\/wp-json\/wp\/v2\/posts\/40772\/revisions\/40774"}],"wp:featuredmedia":[{"embeddable":true,"href":"https:\/\/bihavadis.com\/index.php\/wp-json\/wp\/v2\/media\/40773"}],"wp:attachment":[{"href":"https:\/\/bihavadis.com\/index.php\/wp-json\/wp\/v2\/media?parent=40772"}],"wp:term":[{"taxonomy":"category","embeddable":true,"href":"https:\/\/bihavadis.com\/index.php\/wp-json\/wp\/v2\/categories?post=40772"},{"taxonomy":"post_tag","embeddable":true,"href":"https:\/\/bihavadis.com\/index.php\/wp-json\/wp\/v2\/tags?post=40772"}],"curies":[{"name":"wp","href":"https:\/\/api.w.org\/{rel}","templated":true}]}}