{"id":40781,"date":"2026-02-21T23:57:08","date_gmt":"2026-02-21T23:57:08","guid":{"rendered":"https:\/\/bihavadis.com\/?p=40781"},"modified":"2026-02-21T23:57:08","modified_gmt":"2026-02-21T23:57:08","slug":"tim-kadinlarimiz-uretimde-ve-ihracatta-turkiyenin-gelecegini-insa-ediyor","status":"publish","type":"post","link":"https:\/\/bihavadis.com\/index.php\/2026\/02\/21\/tim-kadinlarimiz-uretimde-ve-ihracatta-turkiyenin-gelecegini-insa-ediyor\/","title":{"rendered":"T\u0130M: Kad\u0131nlar\u0131m\u0131z \u00fcretimde ve ihracatta T\u00fcrkiye\u2019nin gelece\u011fini in\u015fa ediyor"},"content":{"rendered":"<p>T\u00fcrkiye \u0130hracat\u00e7\u0131lar Meclisi (T\u0130M) Ba\u015fkan\u0131 Mustafa G\u00fcltepe, kad\u0131nlar\u0131n \u00fclkenin ekonomik kalk\u0131nmas\u0131nda \u00e7ok \u00f6nemli roller \u00fcstlendi\u011fini s\u00f6yledi. G\u00fcltepe, \u00fcretimde ve ihracatta T\u00fcrkiye\u2019nin gelece\u011fini in\u015fa eden kad\u0131nlar\u0131 daha fazla oyuna dahil etmek istediklerini belirtti.<\/p>\n<p>T\u0130M ve <span>Uluslararas\u0131 Ticarette Kad\u0131n Organizasyonu Derne\u011fi (UKODER)<\/span> taraf\u0131ndan y\u00fcr\u00fct\u00fclecek Kad\u0131n G\u00fcc\u00fc ile Kalk\u0131nma Projesi\u2019nin tan\u0131t\u0131m toplant\u0131s\u0131nda konu\u015fan G\u00fcltepe, \u00fcretim ve ihracat\u0131 \u00fclke ekonomisinin lokomotifi olarak g\u00f6rd\u00fcklerinin alt\u0131n\u0131 \u00e7izdi. Ekonomik b\u00fcy\u00fcmenin en az yar\u0131s\u0131n\u0131n ihracattan gelmesi gerekti\u011fini vurgulayan G\u00fcltepe, \u015f\u00f6yle devam etti:<\/p>\n<p>T\u00fcrkiye\u2019nin ihracat potansiyelinden maksimum d\u00fczeyde yararlanmak i\u00e7in bir\u00e7ok \u00e7al\u0131\u015fma y\u00fcr\u00fct\u00fcyoruz. Elbette bu s\u00fcre\u00e7te kad\u0131nlar\u0131m\u0131z\u0131n rol\u00fc \u00e7ok \u00f6nemli. Kad\u0131nlar\u0131m\u0131z bug\u00fcn \u00fcretimde, ihracatta, giri\u015fimcilikte ve liderlikte T\u00fcrkiye\u2019nin gelece\u011fini in\u015fa ediyor. T\u0130M olarak biz de daha fazla kad\u0131n\u0131m\u0131z\u0131 daha g\u00fc\u00e7l\u00fc \u015fekilde oyuna dahil etmek istiyoruz. Bu bilin\u00e7le yakla\u015f\u0131k bir y\u0131l \u00f6nce kad\u0131n giri\u015fimcilerimize ilave avantajlar sa\u011flayan T\u0130M WINGS projemizi ba\u015flatt\u0131k. Proje kapsam\u0131nda T\u00fcrk Standartlar\u0131 Enstit\u00fcs\u00fc (TSE) ile \u00f6nemli bir i\u015f birli\u011fine imza att\u0131k ve \u2018Kad\u0131n Giri\u015fimci Belgelendirme Kriteri\u2019ni olu\u015fturduk. Belge, y\u00f6netimi ve m\u00fclkiyeti kad\u0131n giri\u015fimcilerde olan i\u015fletmelere veriliyor.<\/p>\n<p><img decoding=\"async\" src=\"https:\/\/bihavadis.com\/wp-content\/uploads\/2026\/02\/tim-kadinlarimiz-uretimde-ve-ihracatta-turkiyenin-gelecegini-insa-ediyor-0-jjX1ktrU.jpg\"\/><\/p>\n<p><strong>&#8220;100 F\u0130RMAMIZ BELGEY\u0130 ALMAYA HAK KAZANDI&#8221;<\/strong><\/p>\n<p>30 Ocak 2026 itibar\u0131yla yakla\u015f\u0131k 100 firmam\u0131z belgeyi almaya hak kazand\u0131; 44 firmam\u0131z ise aktif olarak kullan\u0131yor. Belgeye sahip firmalar\u0131m\u0131z, Eximbank ve \u0130GE A.\u015e. i\u015f birli\u011fiyle sa\u011flanan \u00f6zel finansman ve teminat imk\u00e2nlar\u0131na eri\u015febiliyor. Ayr\u0131ca Ticaret Bakanl\u0131\u011f\u0131\u2019n\u0131n yurt d\u0131\u015f\u0131 pazar ara\u015ft\u0131rmas\u0131 desteklerinde ilave avantajlardan yararlanabiliyorlar.<\/p>\n<p>Bug\u00fcn de kad\u0131nlar\u0131m\u0131z i\u00e7in yeni bir projeyi ba\u015flatmak \u00fczere bir araday\u0131z. UKODER ile y\u00fcr\u00fctece\u011fimiz ve bir y\u0131l s\u00fcrecek proje kapsam\u0131nda yedi b\u00f6lgemizde belirlenen yedi ilde, d\u0131\u015f ticaret yapan ya da d\u0131\u015f ticareti \u00f6\u011frenmek isteyen kad\u0131nlara e\u011fitim ve dan\u0131\u015fmanl\u0131k hizmeti sunaca\u011f\u0131z. Alt\u0131 ay s\u00fcrecek bu programla teorik bilgiyi sahada yeni ba\u015far\u0131lara d\u00f6n\u00fc\u015ft\u00fcrmeyi hedefliyoruz.<\/p>\n<p>G\u00fcltepe, kad\u0131nlar\u0131n katk\u0131s\u0131yla ihracatta orta ve uzun vadeli hedeflere daha g\u00fc\u00e7l\u00fc \u015fekilde y\u00fcr\u00fcyeceklerini s\u00f6zlerine ekledi.<\/p>\n<p><img decoding=\"async\" src=\"https:\/\/bihavadis.com\/wp-content\/uploads\/2026\/02\/tim-kadinlarimiz-uretimde-ve-ihracatta-turkiyenin-gelecegini-insa-ediyor-1-TGVaiRvZ.jpg\"\/><\/p>\n<p><strong>KILI\u00c7KAYA: BU YIL 45 M\u0130LYAR L\u0130RALIK DESTEK KULLANDIRACA\u011eIZ<\/strong><\/p>\n<p>Mehmet Ali K\u0131l\u0131\u00e7kaya da konu\u015fmas\u0131nda, Ticaret Bakanl\u0131\u011f\u0131 olarak ihracat\u0131 s\u00fcrd\u00fcr\u00fclebilir \u015fekilde art\u0131rmak istediklerini s\u00f6yledi. Bakanl\u0131\u011f\u0131n ihracat\u00e7\u0131lara sundu\u011fu destekler hakk\u0131nda bilgi veren K\u0131l\u0131\u00e7kaya, \u015funlar\u0131 kaydetti:<\/p>\n<p>Bakanl\u0131k olarak ihracat\u0131 her a\u015famas\u0131nda destekleyen bir mekanizma kurduk. Fuar desteklerinden tasar\u0131ma, pazar ara\u015ft\u0131rmas\u0131ndan markala\u015fmaya kadar ihracat\u0131n her a\u015famas\u0131nda destek veriyoruz. 2025\u2019te bu kapsamda 25 bin ihracat\u00e7\u0131m\u0131za yakla\u015f\u0131k 33 milyar liral\u0131k destek kulland\u0131rd\u0131k. Bu y\u0131l sadece mal ihracat\u0131 i\u00e7in kulland\u0131raca\u011f\u0131m\u0131z destek miktar\u0131n\u0131 45 milyar liraya \u00e7\u0131kard\u0131k.<\/p>\n<p><img decoding=\"async\" src=\"https:\/\/bihavadis.com\/wp-content\/uploads\/2026\/02\/tim-kadinlarimiz-uretimde-ve-ihracatta-turkiyenin-gelecegini-insa-ediyor-2-FC7hdQHm.jpg\"\/><\/p>\n<p><strong>PROJE \u00dc\u00c7 A\u015eAMADA HAYATA GE\u00c7\u0130R\u0130LECEK<\/strong><\/p>\n<p>\u00c7i\u011fdem A\u011fda\u011f da Kad\u0131n G\u00fcc\u00fc ile Kalk\u0131nma Projesi hakk\u0131nda bilgi verdi. \u00dc\u00e7 a\u015famal\u0131 plan\u0131n Tekirda\u011f, Ayd\u0131n, Trabzon, Gaziantep, Erzurum, Konya ve Mersin\u2019de uygulanaca\u011f\u0131n\u0131 belirten A\u011fda\u011f, \u015f\u00f6yle konu\u015ftu:<\/p>\n<p>Birinci a\u015famada giri\u015fimci kad\u0131nlar ve kad\u0131n profesyoneller i\u00e7in fiziki e\u011fitim programlar\u0131 ger\u00e7ekle\u015ftirece\u011fiz. \u0130kinci a\u015famada bu programlar\u0131 online e\u011fitimlerle destekleyece\u011fiz. Online e\u011fitimler, alan\u0131nda uzman akademisyenler, sekt\u00f6r profesyonelleri ve uygulay\u0131c\u0131 uzmanlar taraf\u0131ndan verilecek. \u00dc\u00e7\u00fcnc\u00fc a\u015famada ise e\u011fitim verdi\u011fimiz kad\u0131nlar\u0131 g\u00f6n\u00fcll\u00fc kad\u0131n g\u00fcmr\u00fck m\u00fc\u015favirleri ile e\u015fle\u015ftirerek alt\u0131 ayl\u0131k \u00fccretsiz bir ment\u00f6rl\u00fck s\u00fcreci ba\u015flataca\u011f\u0131z. 40 kad\u0131n g\u00fcmr\u00fck m\u00fc\u015favirimiz bu s\u00fcrecin i\u00e7inde yer alacak.<\/p>\n<p>Bir y\u0131l s\u00fcrecek projenin ortaklar\u0131 aras\u0131nda T\u0130M ve UKODER\u2019in yan\u0131 s\u0131ra Ticaret Bakanl\u0131\u011f\u0131, \u0130\u00e7i\u015fleri Bakanl\u0131\u011f\u0131 ve \u0130stanbul Medipol \u00dcniversitesi de yer al\u0131yor.<\/p>\n<p><img decoding=\"async\" src=\"https:\/\/bihavadis.com\/wp-content\/uploads\/2026\/02\/tim-kadinlarimiz-uretimde-ve-ihracatta-turkiyenin-gelecegini-insa-ediyor-3-7Dg3M2Kd.jpg\"\/><\/p>\n","protected":false},"excerpt":{"rendered":"<p>Kad\u0131n G\u00fcc\u00fc ile Kalk\u0131nma Projesi\u2019nin tan\u0131t\u0131m toplant\u0131s\u0131nda konu\u015fan Mustafa G\u00fcltepe, &#8220;Kad\u0131nlar\u0131m\u0131z\u0131 daha g\u00fc\u00e7l\u00fc \u015fekilde oyuna dahil etmek istiyoruz&#8221; diyerek gelecek projeleri anlatt\u0131.<\/p>\n","protected":false},"author":1,"featured_media":40782,"comment_status":"open","ping_status":"open","sticky":false,"template":"","format":"standard","meta":{"footnotes":""},"categories":[8],"tags":[498,396,380,5695,237],"class_list":["post-40781","post","type-post","status-publish","format-standard","has-post-thumbnail","hentry","category-ekonomi","tag-destek","tag-ihracat","tag-kadin","tag-kadinlari","tag-proje"],"_links":{"self":[{"href":"https:\/\/bihavadis.com\/index.php\/wp-json\/wp\/v2\/posts\/40781","targetHints":{"allow":["GET"]}}],"collection":[{"href":"https:\/\/bihavadis.com\/index.php\/wp-json\/wp\/v2\/posts"}],"about":[{"href":"https:\/\/bihavadis.com\/index.php\/wp-json\/wp\/v2\/types\/post"}],"author":[{"embeddable":true,"href":"https:\/\/bihavadis.com\/index.php\/wp-json\/wp\/v2\/users\/1"}],"replies":[{"embeddable":true,"href":"https:\/\/bihavadis.com\/index.php\/wp-json\/wp\/v2\/comments?post=40781"}],"version-history":[{"count":1,"href":"https:\/\/bihavadis.com\/index.php\/wp-json\/wp\/v2\/posts\/40781\/revisions"}],"predecessor-version":[{"id":40787,"href":"https:\/\/bihavadis.com\/index.php\/wp-json\/wp\/v2\/posts\/40781\/revisions\/40787"}],"wp:featuredmedia":[{"embeddable":true,"href":"https:\/\/bihavadis.com\/index.php\/wp-json\/wp\/v2\/media\/40782"}],"wp:attachment":[{"href":"https:\/\/bihavadis.com\/index.php\/wp-json\/wp\/v2\/media?parent=40781"}],"wp:term":[{"taxonomy":"category","embeddable":true,"href":"https:\/\/bihavadis.com\/index.php\/wp-json\/wp\/v2\/categories?post=40781"},{"taxonomy":"post_tag","embeddable":true,"href":"https:\/\/bihavadis.com\/index.php\/wp-json\/wp\/v2\/tags?post=40781"}],"curies":[{"name":"wp","href":"https:\/\/api.w.org\/{rel}","templated":true}]}}