{"id":40806,"date":"2026-02-22T00:15:07","date_gmt":"2026-02-22T00:15:07","guid":{"rendered":"https:\/\/bihavadis.com\/?p=40806"},"modified":"2026-02-22T00:15:07","modified_gmt":"2026-02-22T00:15:07","slug":"gaziantepte-deprem-yil-donumunde-egitime-ara","status":"publish","type":"post","link":"https:\/\/bihavadis.com\/index.php\/2026\/02\/22\/gaziantepte-deprem-yil-donumunde-egitime-ara\/","title":{"rendered":"Gaziantep&#8217;te Deprem Y\u0131l D\u00f6n\u00fcm\u00fcnde E\u011fitime Ara"},"content":{"rendered":"<p>\n<p>GAZ\u0130ANTEP&#8217;te 6 \u015eubat depremlerinin 3&#8217;\u00fcnc\u00fc y\u0131l d\u00f6n\u00fcm\u00fc nedeniyle e\u011fitim-\u00f6\u011fretime 1 g\u00fcn s\u00fcreyle ara verildi.<\/p>\n<p> Gaziantep Valili\u011fi taraf\u0131ndan yap\u0131lan a\u00e7\u0131klamada kabir ziyaretleri ve di\u011fer etkinlikler gere\u011fi 1 g\u00fcn e\u011fitim ve \u00f6\u011fretime ara verildi\u011fi ifade edilerek, &#8220;6 \u015eubat 2023 tarihinde ilimizde meydana gelen deprem felaketinin y\u0131l d\u00f6n\u00fcm\u00fc olmas\u0131 m\u00fcnasebetiyle kabir ziyareti ve di\u011fer etkinliklere kat\u0131l\u0131m\u0131 kolayla\u015ft\u0131rmak amac\u0131yla 6 \u015eubat 2016 Cuma g\u00fcn\u00fc e\u011fitim ve \u00f6\u011fretime ilimiz genelinde 1 g\u00fcn s\u00fcre ile ara verilmi\u015ftir. Ayr\u0131ca; kurum y\u00f6neticileri taraf\u0131ndan gerekli tedbirlerin al\u0131narak hizmetlerin aksamamas\u0131 ve zorunlu hizmetlerin y\u00fcr\u00fct\u00fclmesi i\u00e7in asgari d\u00fczeyde personel bulundurulmas\u0131 kayd\u0131yla, anma program\u0131na kat\u0131lacak, kabristan ziyareti yapacak kamu kurum ve kurulu\u015flardaki \u00e7al\u0131\u015fanlar da 6 \u015eubat 2016 Cuma g\u00fcn\u00fc 1 g\u00fcn idari izinli say\u0131lacakt\u0131r&#8221; denildi. <\/p>\n","protected":false},"excerpt":{"rendered":"<p>GAZ\u0130ANTEP&#8217;te 6 \u015eubat depremlerinin y\u0131l d\u00f6n\u00fcm\u00fc dolay\u0131s\u0131yla e\u011fitim-\u00f6\u011fretime 1 g\u00fcn ara verildi.<\/p>\n","protected":false},"author":1,"featured_media":40807,"comment_status":"open","ping_status":"open","sticky":false,"template":"","format":"standard","meta":{"footnotes":""},"categories":[9,4,13],"tags":[236],"class_list":["post-40806","post","type-post","status-publish","format-standard","has-post-thumbnail","hentry","category-genel","category-gundem","category-son-dakika","tag-gun"],"_links":{"self":[{"href":"https:\/\/bihavadis.com\/index.php\/wp-json\/wp\/v2\/posts\/40806","targetHints":{"allow":["GET"]}}],"collection":[{"href":"https:\/\/bihavadis.com\/index.php\/wp-json\/wp\/v2\/posts"}],"about":[{"href":"https:\/\/bihavadis.com\/index.php\/wp-json\/wp\/v2\/types\/post"}],"author":[{"embeddable":true,"href":"https:\/\/bihavadis.com\/index.php\/wp-json\/wp\/v2\/users\/1"}],"replies":[{"embeddable":true,"href":"https:\/\/bihavadis.com\/index.php\/wp-json\/wp\/v2\/comments?post=40806"}],"version-history":[{"count":1,"href":"https:\/\/bihavadis.com\/index.php\/wp-json\/wp\/v2\/posts\/40806\/revisions"}],"predecessor-version":[{"id":40808,"href":"https:\/\/bihavadis.com\/index.php\/wp-json\/wp\/v2\/posts\/40806\/revisions\/40808"}],"wp:featuredmedia":[{"embeddable":true,"href":"https:\/\/bihavadis.com\/index.php\/wp-json\/wp\/v2\/media\/40807"}],"wp:attachment":[{"href":"https:\/\/bihavadis.com\/index.php\/wp-json\/wp\/v2\/media?parent=40806"}],"wp:term":[{"taxonomy":"category","embeddable":true,"href":"https:\/\/bihavadis.com\/index.php\/wp-json\/wp\/v2\/categories?post=40806"},{"taxonomy":"post_tag","embeddable":true,"href":"https:\/\/bihavadis.com\/index.php\/wp-json\/wp\/v2\/tags?post=40806"}],"curies":[{"name":"wp","href":"https:\/\/api.w.org\/{rel}","templated":true}]}}