{"id":40809,"date":"2026-02-22T00:18:04","date_gmt":"2026-02-22T00:18:04","guid":{"rendered":"https:\/\/bihavadis.com\/?p=40809"},"modified":"2026-02-22T00:18:04","modified_gmt":"2026-02-22T00:18:04","slug":"erisilebilir-istihdam-icin-hayati-destek","status":"publish","type":"post","link":"https:\/\/bihavadis.com\/index.php\/2026\/02\/22\/erisilebilir-istihdam-icin-hayati-destek\/","title":{"rendered":"Eri\u015filebilir istihdam i\u00e7in hayati destek"},"content":{"rendered":"<p>\u0130zmir B\u00fcy\u00fck\u015fehir Belediyesi Destekli \u0130stihdam Ofisi ve Kar\u015f\u0131yaka Akademi Zihinsel Engelliler Derne\u011fi (KAZED) sponsorlu\u011funda y\u00fcr\u00fct\u00fclen, zihinsel engelli bireylerin sosyal ve ekonomik hayata kat\u0131l\u0131m\u0131n\u0131 hedefleyen IDEA-VET projesinin \u201cEri\u015filebilir \u0130stihdam\u201d adl\u0131 kapan\u0131\u015f konferans\u0131 yap\u0131ld\u0131. \u0130zmir B\u00fcy\u00fck\u015fehir Belediye Ba\u015fkan\u0131 Dr. Cemil Tugay, istihdam\u0131n engelliler i\u00e7in sa\u011flanacak en hayati destek oldu\u011funu ifade ederek projeye katk\u0131 vermekten onur duydu\u011funu belirtti.<\/p>\n<p>\u0130talya Ulusal Ajans\u0131 taraf\u0131ndan kabul edilerek, zihinsel engelli bireylerin sosyal hayata ve i\u015f hayat\u0131na haz\u0131rlanmas\u0131 i\u00e7in geli\u015ftirilen ve Mutfak Becerileri Mod\u00fcl\u00fc\u2019n\u00fc temel alan IDEA-VET Erasmus + projesinin \u201cEri\u015filebilir \u0130stihdam\u201d adl\u0131 kapan\u0131\u015f konferans\u0131 Ahmed Adnan Saygun Sanat Merkezi K\u00fc\u00e7\u00fck Salon&#8217;da yap\u0131ld\u0131. \u0130zmir B\u00fcy\u00fck\u015fehir Belediye Ba\u015fkan\u0131 Dr. Cemil Tugay\u2019\u0131n Kar\u015f\u0131yaka Belediye Ba\u015fkanl\u0131\u011f\u0131 d\u00f6neminde sundu\u011fu destek mektubu ile hayat bulan IDEA-VET projesi, \u0130zmir B\u00fcy\u00fck\u015fehir Belediyesi Sosyal Hizmetler Dairesi Ba\u015fkanl\u0131\u011f\u0131 Engelli \u00c7al\u0131\u015fmalar\u0131 \u015eube M\u00fcd\u00fcrl\u00fc\u011f\u00fc Destekli \u0130stihdam Ofisi ile kurumsal bir yap\u0131ya d\u00f6n\u00fc\u015ft\u00fc. Projenin T\u00fcrkiye aya\u011f\u0131nda Kar\u015f\u0131yaka Akademi Zihinsel Engelliler Derne\u011fi (KAZED)\u00a0 ve Ege \u00dcniversitesi yer ald\u0131. Zihinsel engelli bireylerin \u00fcretim s\u00fcre\u00e7lerine kat\u0131l\u0131mlar\u0131n\u0131 g\u00fc\u00e7lendiren, onlar\u0131 i\u015f ya\u015fam\u0131n\u0131n aktif ve g\u00f6r\u00fcn\u00fcr bir par\u00e7as\u0131 haline getirmeyi hedefleyen projenin kapan\u0131\u015f konferans\u0131na \u0130zmir B\u00fcy\u00fck\u015fehir Belediye Ba\u015fkan\u0131 Dr. Cemil Tugay, KAZED Ba\u015fkan\u0131 T\u00fclin Topuzo\u011flu, IDEA-VET Proje Koordinat\u00f6r\u00fc Giuseppe Scarabello, Ege \u00dcniversitesi Hem\u015firelik Fak\u00fcltesi Dekan Vekili Prof. Dr. Fatma Orgun ve projedeki zihinsel engelli bireyler ile aileleri kat\u0131ld\u0131. Konferansta mutfak e\u011fitimlerini tamamlayan 10 gen\u00e7 sertifikalar\u0131n\u0131 ald\u0131. Destekli \u0130stihdam Ofisi taraf\u0131ndan geli\u015ftirilen \u201cMutfak Becerileri Mod\u00fcl\u00fc\u201d, Meslek Fabrikas\u0131 arac\u0131l\u0131\u011f\u0131yla kal\u0131c\u0131 ve uygulanabilir bir yap\u0131ya d\u00f6n\u00fc\u015ft\u00fcr\u00fclecek.<\/p>\n<p><strong>\u201cYeter ki desteklensinler\u201d<\/strong><\/p>\n<p>T\u00f6rende konu\u015fan Ba\u015fkan Dr. Cemil Tugay Tugay, \u201cD\u00fcnya Sa\u011fl\u0131k \u00d6rg\u00fct\u00fc, d\u00fcnya n\u00fcfusunun y\u00fczde 16\u2019s\u0131n\u0131n ciddi d\u00fczeyde engellilik ile ya\u015fam\u0131na devam etti\u011fini belirtiyor. Bu da 1,3 milyar insan engelli demek. T\u00fcrkiye\u2019de 5,5 milyon ila 11 milyon aras\u0131nda engellinin ya\u015fad\u0131\u011f\u0131 s\u00f6yleniyor. \u0130yi bir e\u011fitimle, iyi bir destekle topluma katk\u0131 verecek bir\u00e7ok engelli yurtta\u015f\u0131m\u0131z var. Yeter ki desteklensinler. Bunun yollar\u0131n\u0131n oldu\u011funa inan\u0131yoruz ve farkl\u0131 \u00e7al\u0131\u015fmalar yap\u0131yoruz. Pek \u00e7ok merkezimizde engelli yurtta\u015flar i\u00e7in e\u011fitim, dan\u0131\u015fmanl\u0131k hizmeti ve destek hizmetleri sunuyoruz. Engellilik Eylem Plan\u0131m\u0131z var. Bir yol haritas\u0131 olu\u015fturduk ve a\u015fama a\u015fama \u00e7al\u0131\u015f\u0131yoruz\u201d diyerek engellilik alan\u0131ndaki \u00e7al\u0131\u015fmalardan bahsetti.<\/p>\n<p><strong>\u201cElimizden geleni yapmaya devam edece\u011fiz\u201d<\/strong><\/p>\n<p>\u0130stihdam konusunun engelliler i\u00e7in sa\u011flanacak en \u00f6nemli ve en hayati destek oldu\u011funu belirten Ba\u015fkan Tugay, \u201cBunun i\u00e7in Destekli \u0130stihdam Ofisi\u2019ni T\u00fcrkiye\u2019de ilk kez hayata ge\u00e7irdik. Bu \u00e7al\u0131\u015fma \u0130zmir B\u00fcy\u00fck\u015fehir Belediyesi\u2019nin gurur duydu\u011fu \u00e7al\u0131\u015fmalardan biridir. Biz burada sadece engelli bireylerin meslek edinmesi i\u00e7in onlara e\u011fitim vermekten ya da onlar\u0131n i\u015fe yerle\u015ftirmekten de\u011fil, \u00e7al\u0131\u015fmaya ba\u015flad\u0131ktan sonra da onlara destek vermeye devam etmekten bahsediyoruz. IDEA-VET de \u00e7ok g\u00fczel bir proje. Bu tablonun par\u00e7as\u0131 olmaktan \u00e7ok mutluyum. \u0130lham verici bir proje oldu\u011funa inan\u0131yorum. Benzer projelerin yap\u0131lmaya devam etmesini dilerim. Proje \u00e7\u0131kt\u0131lar\u0131ndan yola \u00e7\u0131karak Meslek Fabrikas\u0131 \u015eube M\u00fcd\u00fcrl\u00fc\u011f\u00fc de baz\u0131 \u00e7al\u0131\u015fma ba\u015fl\u0131klar\u0131 a\u00e7acak ve elimizden geleni yapmaya devam edece\u011fiz\u201d diye konu\u015ftu.<\/p>\n<p><strong>\u201cBa\u015fkan Tugay\u2019a m\u00fcte\u015fekkirim\u201d<\/strong><\/p>\n<p>KAZED Ba\u015fkan\u0131 T\u00fclin Topuzo\u011flu da \u201cBug\u00fcn \u00e7ok heyecanl\u0131y\u0131z. \u00c7ok \u00e7al\u0131\u015ft\u0131k, \u00e7abalad\u0131k ve bu ana ula\u015ft\u0131k. \u0130stihdam konusunu benimsedik ve bu konuda \u00e7al\u0131\u015f\u0131yoruz. Dernek olarak gen\u00e7lerimizin i\u015fe eri\u015fimleri i\u00e7in gayret g\u00f6steriyoruz. Meslek edindirme kurslar\u0131 d\u00fczenledik, onlar\u0131 istihdama ula\u015ft\u0131rman\u0131n \u00e7arelerini arad\u0131k ve bunu sa\u011flad\u0131k. 50\u2019ye yak\u0131n gencin i\u015fe ula\u015fmas\u0131n\u0131 sa\u011flad\u0131k. Bu kurslar\u0131 d\u00fczenlerken el yordam\u0131yla \u00e7al\u0131\u015ft\u0131k. \u0130\u015fverenlere, insan kaynaklar\u0131na ula\u015famad\u0131k. Gen\u00e7leri i\u015fe yerle\u015ftirince de onlar\u0131n hali nedir diye sorma iznimiz yoktu. Ancak \u00f6yle bir g\u00fcn geldi ki bu konuda Ba\u015fkan\u0131m\u0131z Dr. Cemil Tugay\u2019a m\u00fcte\u015fekkirim. Destekli \u0130stihdam Ofisi gen\u00e7leri i\u015fe yerle\u015ftirmek konusunda bamba\u015fka bir y\u00f6ntem izliyor. \u0130\u015f analizi, i\u015fyeri analizi yap\u0131yorlar. Gen\u00e7leri i\u015fverenlerle bulu\u015fturup s\u00fcreci takip ediyorlar. Bu olanaklarla i\u015fe yerle\u015ftirme konusunda b\u00fcy\u00fck geli\u015fme kaydedildi ve i\u015fe kabul h\u0131z\u0131 b\u00fcy\u00fck oranda artt\u0131. Destek olan, yol g\u00f6steren i\u015f ko\u00e7lar\u0131na te\u015fekk\u00fcr ediyoruz. D\u0131\u015far\u0131da kal\u0131p yapamad\u0131\u011f\u0131m\u0131z her \u015feyi do\u011fru y\u00f6ntemlerle yapmaya ba\u015flad\u0131lar. Ba\u015fkan\u0131m\u0131z\u0131n destek mektubuyla ba\u015flayan IDEA-VET \u00e7al\u0131\u015fmalar\u0131, kendisinin varl\u0131\u011f\u0131yla tamamlanm\u0131\u015f oldu. Ba\u015fkan\u0131n ilgisini hep yan\u0131m\u0131zda hissettik\u201d dedi.<\/p>\n<p><strong>\u201cBu bir toplum projesi\u201d<\/strong><\/p>\n<p>IDEA-VET Proje Koordinat\u00f6r\u00fc Giuseppe Scarabello, \u201cProje ile \u00e7ok iyi sonu\u00e7lar ald\u0131k. Erasmus + taraf\u0131ndan fonlanan bu proje, farkl\u0131 \u00fclkelerdeki ortak ihtiya\u00e7lar\u0131 olan bireylerin bir araya gelmesine olanak sa\u011flad\u0131. Ge\u00e7mi\u015fte zihinsel engeli olan insanlar \u00e7ok fazla topluma dahil olam\u0131yordu. Evde kal\u0131yorlard\u0131, sosyal hayata \u00e7ok fazla kar\u0131\u015fam\u0131yorlard\u0131 ve bu konuda \u00f6nyarg\u0131 vard\u0131. Ancak projemiz okyanusta bir damla oldu. Zihinsel engellilerin sosyal hayata ve i\u015f ya\u015fam\u0131na kat\u0131lmalar\u0131na olanak sa\u011flad\u0131. Zihinsel engellilerin mesleki e\u011fitim almas\u0131n\u0131, istihdam edilmelerini ve k\u00fclt\u00fcrel bir de\u011fi\u015fim yaratmay\u0131 ama\u00e7l\u0131yoruz. Bu konuda fark\u0131ndal\u0131k yarat\u0131lmas\u0131 gerekiyor. Bu bir toplum projesi. Toplumda \u00e7e\u015fitlilik \u00e7ok \u00f6nemli bir de\u011fer. Farkl\u0131l\u0131klar\u0131 hediye olarak kabul etti\u011fimizde zihinsel engelliler i\u00e7in \u00e7ok fazla katk\u0131 sunabiliriz\u201d ifadelerini kulland\u0131.<\/p>\n<p><strong>Sertifikalar\u0131 takdim edildi<\/strong><\/p>\n<p>Ege \u00dcniversitesi Hem\u015firelik Fak\u00fcltesi Dekan Vekili Prof. Dr. Fatma Orgun da proje kapsam\u0131nda yap\u0131lan \u00e7al\u0131\u015fmalar\u0131 aktararak projeyi bir son olarak de\u011fil, daha kapsay\u0131c\u0131 uygulamalar\u0131n ba\u015flang\u0131c\u0131 olarak g\u00f6rmek gerekti\u011fini s\u00f6zlerine ekledi. Konu\u015fmalar\u0131n ard\u0131ndan Ba\u015fkan Tugay taraf\u0131ndan projeye kat\u0131lan zihinsel engelli bireylere sertifikalar\u0131 takdim edilirken, projeye destek sunanlara da plaket takdim edildi. T\u00f6ren, sunum ve oturumlarla devam etti.<\/p>\n<p>\u00a0<\/p>\n<p>\u00a0<\/p>\n<p>Kaynak: (BYZHA) Beyaz Haber Ajans\u0131<\/p>\n","protected":false},"excerpt":{"rendered":"<p>\u0130zmir B\u00fcy\u00fck\u015fehir Belediyesi Destekli \u0130stihdam Ofisi ve Kar\u015f\u0131yaka Akademi Zihinsel Engelliler Derne\u011fi (KAZED) sponsorlu\u011funda y\u00fcr\u00fct\u00fclen, zihinsel engelli bireylerin sosyal ve ekonomik hayata kat\u0131l\u0131m\u0131n\u0131 hedefleyen IDEA-VET projesinin \u201cEri\u015filebilir \u0130stihdam\u201d adl\u0131 kapan\u0131\u015f konferans\u0131 yap\u0131ld\u0131.<\/p>\n","protected":false},"author":1,"featured_media":40810,"comment_status":"open","ping_status":"open","sticky":false,"template":"","format":"standard","meta":{"footnotes":""},"categories":[4],"tags":[986,498,648,395,237],"class_list":["post-40809","post","type-post","status-publish","format-standard","has-post-thumbnail","hentry","category-gundem","tag-baskani","tag-destek","tag-engelli","tag-is","tag-proje"],"_links":{"self":[{"href":"https:\/\/bihavadis.com\/index.php\/wp-json\/wp\/v2\/posts\/40809","targetHints":{"allow":["GET"]}}],"collection":[{"href":"https:\/\/bihavadis.com\/index.php\/wp-json\/wp\/v2\/posts"}],"about":[{"href":"https:\/\/bihavadis.com\/index.php\/wp-json\/wp\/v2\/types\/post"}],"author":[{"embeddable":true,"href":"https:\/\/bihavadis.com\/index.php\/wp-json\/wp\/v2\/users\/1"}],"replies":[{"embeddable":true,"href":"https:\/\/bihavadis.com\/index.php\/wp-json\/wp\/v2\/comments?post=40809"}],"version-history":[{"count":1,"href":"https:\/\/bihavadis.com\/index.php\/wp-json\/wp\/v2\/posts\/40809\/revisions"}],"predecessor-version":[{"id":40811,"href":"https:\/\/bihavadis.com\/index.php\/wp-json\/wp\/v2\/posts\/40809\/revisions\/40811"}],"wp:featuredmedia":[{"embeddable":true,"href":"https:\/\/bihavadis.com\/index.php\/wp-json\/wp\/v2\/media\/40810"}],"wp:attachment":[{"href":"https:\/\/bihavadis.com\/index.php\/wp-json\/wp\/v2\/media?parent=40809"}],"wp:term":[{"taxonomy":"category","embeddable":true,"href":"https:\/\/bihavadis.com\/index.php\/wp-json\/wp\/v2\/categories?post=40809"},{"taxonomy":"post_tag","embeddable":true,"href":"https:\/\/bihavadis.com\/index.php\/wp-json\/wp\/v2\/tags?post=40809"}],"curies":[{"name":"wp","href":"https:\/\/api.w.org\/{rel}","templated":true}]}}