{"id":40877,"date":"2026-02-22T01:12:07","date_gmt":"2026-02-22T01:12:07","guid":{"rendered":"https:\/\/bihavadis.com\/?p=40877"},"modified":"2026-02-22T01:12:07","modified_gmt":"2026-02-22T01:12:07","slug":"usaf-20-uluslararasi-kongre-ve-sergisi-antalyada-basladi","status":"publish","type":"post","link":"https:\/\/bihavadis.com\/index.php\/2026\/02\/22\/usaf-20-uluslararasi-kongre-ve-sergisi-antalyada-basladi\/","title":{"rendered":"USAF &#8217;20. Uluslararas\u0131 Kongre ve Sergisi&#8217; Antalya&#8217;da ba\u015flad\u0131"},"content":{"rendered":"<p>T\u00fcrkiye Un Sanayicileri Federasyonu (TUSAF) 20&#8217;nci Uluslararas\u0131 Kongre ve Sergisi, un sekt\u00f6r\u00fcnden yerli ve yabanc\u0131 1400&#8217;den fazla kat\u0131l\u0131mc\u0131yla, 12-15 \u015eubat tarihlerinde Antalya&#8217;da d\u00fczenliyor.<\/p>\n<p>Antalya&#8217;n\u0131n Serik il\u00e7esi Belek Turizm Merkezi&#8217;nde <b><em>&#8220;\u0130klim Dayan\u0131kl\u0131l\u0131\u011f\u0131 ve Ticaretin Gelece\u011fi&#8221;<\/em><\/b> ana temas\u0131yla d\u00fczenlenen <b><em>&#8220;TUSAF\u00a020&#8217;nci Uluslararas\u0131 Kongre ve Sergisi&#8221;<\/em><\/b> ba\u015flad\u0131.\u00a0<\/p>\n<p>TUSAF\u00a0Y\u00f6netim Kurulu Ba\u015fkan\u0131 Mesut \u00c7akmak, a\u00e7\u0131l\u0131\u015fta konu\u015fma yapt\u0131.<\/p>\n<p><strong>&#8220;T\u00dcRK UN SANAY\u0130S\u0130 SON 11 YILDIR D\u00dcNYADA \u0130HRACATTA L\u0130DERL\u0130\u011e\u0130N\u0130 S\u00dcRD\u00dcRD\u00dc&#8221;<\/strong><\/p>\n<p>TUSAF Y\u00f6netim Kurulu Ba\u015fkan\u0131\u00a0\u00c7akmak, T\u00fcrk un sanayisinin son 11 y\u0131ld\u0131r d\u00fcnyada ihracatta liderli\u011fini s\u00fcrd\u00fcrerek k\u00fcresel bir ba\u015far\u0131ya imza att\u0131\u011f\u0131n\u0131 s\u00f6yledi.<\/p>\n<p><strong>&#8220;2025&#8217;TE 2,5 M\u0130LYON TONLUK \u0130HRACAT YAPILDI&#8221;<\/strong><\/p>\n<p>Ge\u00e7en y\u0131l\u0131 2,5 milyon tonluk ihracatla kapatarak bu liderli\u011fi peki\u015ftirdiklerini dile getiren\u00a0\u00c7akmak, \u015fu ifadeleri kulland\u0131:<\/p>\n<p>Her y\u0131l b\u00fcy\u00fcyen kongremize bu y\u0131l da ulusal ve uluslararas\u0131 ilgi \u00e7ok b\u00fcy\u00fck. 1.400&#8217;\u00fc a\u015fk\u0131n kat\u0131l\u0131mc\u0131y\u0131, 500&#8217;den fazla firmay\u0131 ve 40&#8217;\u0131 a\u015fk\u0131n sergi alan\u0131n\u0131 Antalya&#8217;da bulu\u015fturuyoruz. Un, makarna ve yem sanayicileri ba\u015fta olmak \u00fczere t\u00fcm sekt\u00f6r payda\u015flar\u0131n\u0131n yer alan etkinli\u011fimizde, de\u011fi\u015fen hububat piyasalar\u0131, k\u00fcresel kurakl\u0131k, enerji maliyetleri ve yeni ticaret dinamikleri gibi hayati konular\u0131 sekt\u00f6r\u00fcn liderleriyle de\u011ferlendirece\u011fiz.<\/p>\n<p><img decoding=\"async\" src=\"https:\/\/bihavadis.com\/wp-content\/uploads\/2026\/02\/usaf-20-uluslararasi-kongre-ve-sergisi-antalyada-basladi-0-lG4qhlW7.jpg\"\/><\/p>\n<p><strong>BU\u011eDAY REKOLTES\u0130<\/strong><\/p>\n<p>T\u00fcrkiye Un Sanayicileri Federasyonu Ba\u015fkan\u0131 Mesut \u00c7akmak, 2025\u2019te bu\u011fday rekoltesinin y\u00fczde 10 d\u00fc\u015ft\u00fc\u011f\u00fcn\u00fc, ancak 2026\u2019da \u00fcretimin ihtiyac\u0131 kar\u015f\u0131layacak seviyede olmas\u0131n\u0131n beklendi\u011fini a\u00e7\u0131klad\u0131.<\/p>\n<p>A\u00e7\u0131l\u0131\u015fta konu\u015fan \u00c7akmak, T\u00fcrkiye\u2019nin d\u00fcnyan\u0131n \u00f6nemli un tedarik\u00e7ilerinden biri oldu\u011funu vurgulayarak, yaln\u0131zca T\u00fcrkiye\u2019nin de\u011fil d\u00fc\u015f\u00fck gelirli \u00fclkelerin de g\u0131da g\u00fcvencesine katk\u0131 sunduklar\u0131n\u0131 ifade etti.<\/p>\n<p>Y\u00fcksek finansman maliyetleri, k\u00fcresel korumac\u0131l\u0131k ve ekonomik dalgalanmalara ra\u011fmen arz g\u00fcvenli\u011fini s\u00fcrd\u00fcrd\u00fcklerini belirten \u00c7akmak, baz\u0131 ambargolar nedeniyle \u00f6nemli pazarlar\u0131n kaybedildi\u011fini s\u00f6yledi.<\/p>\n<p><strong>\u201cHER FABR\u0130KA B\u0130R KALED\u0130R\u201d<\/strong><\/p>\n<p>Mustafa Kemal Atat\u00fcrk\u2019\u00fcn <b><em>\u201cHer fabrika bir kaledir\u201d<\/em><\/b> s\u00f6z\u00fcn\u00fc hat\u0131rlatan \u00c7akmak, bu anlay\u0131\u015fla \u00fcretime devam ettiklerini dile getirdi.<\/p>\n<p><strong>&#8220;F\u0130YATLARA ZAM YAPILMADI&#8221;<\/strong><\/p>\n","protected":false},"excerpt":{"rendered":"<p>Antalya&#8217;n\u0131n Serik il\u00e7esi Belek Turizm Merkezi&#8217;nde &#8220;\u0130klim Dayan\u0131kl\u0131l\u0131\u011f\u0131 ve Ticaretin Gelece\u011fi&#8221; ana temas\u0131yla d\u00fczenlenen &#8220;TUSAF 20&#8217;nci Uluslararas\u0131 Kongre ve Sergisi&#8221; ba\u015flad\u0131.<\/p>\n","protected":false},"author":1,"featured_media":40878,"comment_status":"open","ping_status":"open","sticky":false,"template":"","format":"standard","meta":{"footnotes":""},"categories":[8],"tags":[5710,517],"class_list":["post-40877","post","type-post","status-publish","format-standard","has-post-thumbnail","hentry","category-ekonomi","tag-cakmak","tag-turk"],"_links":{"self":[{"href":"https:\/\/bihavadis.com\/index.php\/wp-json\/wp\/v2\/posts\/40877","targetHints":{"allow":["GET"]}}],"collection":[{"href":"https:\/\/bihavadis.com\/index.php\/wp-json\/wp\/v2\/posts"}],"about":[{"href":"https:\/\/bihavadis.com\/index.php\/wp-json\/wp\/v2\/types\/post"}],"author":[{"embeddable":true,"href":"https:\/\/bihavadis.com\/index.php\/wp-json\/wp\/v2\/users\/1"}],"replies":[{"embeddable":true,"href":"https:\/\/bihavadis.com\/index.php\/wp-json\/wp\/v2\/comments?post=40877"}],"version-history":[{"count":1,"href":"https:\/\/bihavadis.com\/index.php\/wp-json\/wp\/v2\/posts\/40877\/revisions"}],"predecessor-version":[{"id":40880,"href":"https:\/\/bihavadis.com\/index.php\/wp-json\/wp\/v2\/posts\/40877\/revisions\/40880"}],"wp:featuredmedia":[{"embeddable":true,"href":"https:\/\/bihavadis.com\/index.php\/wp-json\/wp\/v2\/media\/40878"}],"wp:attachment":[{"href":"https:\/\/bihavadis.com\/index.php\/wp-json\/wp\/v2\/media?parent=40877"}],"wp:term":[{"taxonomy":"category","embeddable":true,"href":"https:\/\/bihavadis.com\/index.php\/wp-json\/wp\/v2\/categories?post=40877"},{"taxonomy":"post_tag","embeddable":true,"href":"https:\/\/bihavadis.com\/index.php\/wp-json\/wp\/v2\/tags?post=40877"}],"curies":[{"name":"wp","href":"https:\/\/api.w.org\/{rel}","templated":true}]}}