{"id":40923,"date":"2026-02-22T01:45:05","date_gmt":"2026-02-22T01:45:05","guid":{"rendered":"https:\/\/bihavadis.com\/?p=40923"},"modified":"2026-02-22T01:45:05","modified_gmt":"2026-02-22T01:45:05","slug":"iznikten-bati-trakyaya-gonul-koprusu","status":"publish","type":"post","link":"https:\/\/bihavadis.com\/index.php\/2026\/02\/22\/iznikten-bati-trakyaya-gonul-koprusu\/","title":{"rendered":"\u0130znik&#8217;ten Bat\u0131 Trakya&#8217;ya G\u00f6n\u00fcl K\u00f6pr\u00fcs\u00fc"},"content":{"rendered":"<p>\u0130znik Belediye Ba\u015fkan\u0131\u00a0<strong>Ka\u011fan Mehmet Usta<\/strong>, Yunanistan\u2019\u0131n\u00a0<strong>Bat\u0131 Trakya<\/strong>\u00a0b\u00f6lgesine bir ziyaret ger\u00e7ekle\u015ftirerek G\u00fcm\u00fclcine ve \u0130ske\u00e7e\u2019de \u00e7e\u015fitli temaslarda bulundu. Ziyaret kapsam\u0131nda diplomatik temsilciler, sivil toplum kurulu\u015flar\u0131, yerel y\u00f6netimler ve b\u00f6lge kanaat \u00f6nderleriyle bir araya gelen Ba\u015fkan Usta, Bat\u0131 Trakya\u2019n\u0131n tarih\u00ee ve k\u00fclt\u00fcrel birikimine vurgu yaparak, \u201cBat\u0131 Trakya, ortak haf\u0131zam\u0131z\u0131n, kadim k\u00fclt\u00fcr\u00fcm\u00fcz\u00fcn ve g\u00f6n\u00fcl co\u011frafyam\u0131z\u0131n \u00e7ok k\u0131ymetli bir par\u00e7as\u0131d\u0131r. B\u00f6lgedeki soyda\u015flar\u0131m\u0131z\u0131n k\u00fclt\u00fcr\u00fcn\u00fc ya\u015fatma iradesi ve toplumsal dayan\u0131\u015fmas\u0131 bizler i\u00e7in b\u00fcy\u00fck bir de\u011fer ta\u015f\u0131maktad\u0131r.\u201d ifadelerini kulland\u0131.<\/p>\n<p><b>Diplomatik ve Kurumsal Temaslar Ger\u00e7ekle\u015fti<\/b><\/p>\n<p>Ba\u015fkan Usta, ziyaret kapsam\u0131nda\u00a0<strong>G\u00fcm\u00fclcine Ba\u015fkonsoloslu\u011fu\u2019nu<\/strong>\u00a0ziyaret ederek\u00a0<strong>Ba\u015fkonsolos Aykut \u00dcnal<\/strong>\u00a0ile bir araya geldi. G\u00f6r\u00fc\u015fmede b\u00f6lgedeki geli\u015fmeler, yerel i\u015f birlikleri ve k\u00fclt\u00fcrel ba\u011flar\u0131n g\u00fc\u00e7lendirilmesine ili\u015fkin de\u011ferlendirmelerde bulunuldu.<\/p>\n<p>Ziyaret program\u0131 \u00e7er\u00e7evesinde\u00a0<strong>G\u00fcm\u00fclcine Se\u00e7ilmi\u015f M\u00fcft\u00fcs\u00fc \u0130brahim \u015eerif<\/strong>\u00a0ve\u00a0<strong>\u0130ske\u00e7e Se\u00e7ilmi\u015f M\u00fcft\u00fcs\u00fc Mustafa Trampa<\/strong>\u2019y\u0131 da ziyaret eden Ba\u015fkan Usta, m\u00fcft\u00fclerin Bat\u0131 Trakya\u2019da y\u00fcr\u00fctt\u00fckleri hizmetlerin toplumsal birlik ve k\u00fclt\u00fcrel s\u00fcreklilik a\u00e7\u0131s\u0131ndan \u00f6nemine dikkat \u00e7ekerek, emekleri ve misafirperverlikleri i\u00e7in \u015f\u00fckranlar\u0131n\u0131 sundu.<\/p>\n<p>Bat\u0131 Trakya da k\u00fclt\u00fcr\u00fcm\u00fcz\u00fcn ya\u015fat\u0131lmas\u0131 amac\u0131yla\u00a0<strong>1928 y\u0131l\u0131nda kurulan G\u00fcm\u00fclcine T\u00fcrk Gen\u00e7ler Birli\u011fi<\/strong>\u00a0ile\u00a0<strong>1927 y\u0131l\u0131nda kurulan \u0130ske\u00e7e T\u00fcrk Birli\u011fi<\/strong>ni ziyaret ederek y\u00fcr\u00fct\u00fclen \u00e7al\u0131\u015fmalar hakk\u0131nda bilgi alan Ba\u015fkan Usta G\u00fcm\u00fclcine T\u00fcrk Gen\u00e7ler Birli\u011fi Ba\u015fkan\u0131\u00a0<strong>Sedat Hasan<\/strong>\u00a0ve \u0130ske\u00e7e T\u00fcrk Birli\u011fi Ba\u015fkan\u0131\u00a0<strong>Kerem Abdurrahimo\u011flu<\/strong>na misafirperverlikleri i\u00e7in te\u015fekk\u00fcr edildi.<\/p>\n<p>Program kapsam\u0131nda ayr\u0131ca \u0130ske\u00e7e\u2019ye ba\u011fl\u0131 Mustaf\u00e7ova (Myki) Belediye Ba\u015fkan\u0131\u00a0<strong>Av. Ahmet Kurt<\/strong>\u00a0ile makam\u0131nda bir araya gelen Ba\u015fkan Usta, g\u00f6r\u00fc\u015fmede yerel y\u00f6netimler d\u00fczeyinde ileti\u015fimin art\u0131r\u0131lmas\u0131, kar\u015f\u0131l\u0131kl\u0131 tecr\u00fcbe payla\u015f\u0131m\u0131 ve ortak \u00e7al\u0131\u015fma alanlar\u0131na ili\u015fkin toplant\u0131 ger\u00e7ekle\u015ftirdi.<\/p>\n<p>Ziyaretin \u00f6nemli ba\u015fl\u0131klar\u0131ndan biri de ekonomik ve kurumsal i\u015f birli\u011fi oldu. Ba\u015fkan Usta,\u00a0<strong>\u0130ske\u00e7e Ticaret ve Sanayi Odas\u0131 Ba\u015fkan\u0131 Marianthi Maliaroudaki<\/strong>\u00a0ile ger\u00e7ekle\u015ftirilen g\u00f6r\u00fc\u015fmede;\u00a0<strong>\u0130znik ile \u0130ske\u00e7e aras\u0131nda turizm, tar\u0131m, \u00e7ini ve el sanatlar\u0131<\/strong>\u00a0alanlar\u0131nda i\u015f birli\u011fi imk\u00e2nlar\u0131n\u0131, ayr\u0131ca\u00a0<strong>ortak Avrupa Birli\u011fi projeleri geli\u015ftirilmesini<\/strong>\u00a0ele ald\u0131.G\u00f6r\u00fc\u015fmeye ili\u015fkin de\u011ferlendirmede Ba\u015fkan Usta, \u201cKar\u015f\u0131l\u0131kl\u0131 sayg\u0131 ve iyi kom\u015fuluk anlay\u0131\u015f\u0131yla \u015fehirlerimiz aras\u0131ndaki ekonomik ve k\u00fclt\u00fcrel ba\u011flar\u0131 g\u00fc\u00e7lendirmeye devam edece\u011fiz.\u201d dedi.<\/p>\n<p>Ziyaretlerin planlanmas\u0131 ve haz\u0131rlanmas\u0131nda\u00a0<strong>\u0130ske\u00e7e Ticaret ve Sanayi Odas\u0131 Ba\u015fkan Yard\u0131mc\u0131s\u0131 Fatih T\u00fcrkmen<\/strong>\u2019in eme\u011finin \u00e7ok b\u00fcy\u00fck oldu\u011fu vurgulayan Ba\u015fkan Usta, temaslar boyunca e\u015flik eden T\u00fcrkmen\u2019e destekleri ve katk\u0131lar\u0131 nedeniyle \u00f6zellikle te\u015fekk\u00fcr etti.Ayr\u0131ca, \u0130ske\u00e7e Ticaret ve Sanayi Odas\u0131 Y\u00f6netim Kurulu \u00dcyesi, b\u00f6lgede faaliyet g\u00f6steren T\u00fcrk i\u015f insan\u0131\u00a0<strong>Hayrettin Nurettino\u011flu\u2019<\/strong>nun da ziyaret s\u00fcrecine katk\u0131 sa\u011flad\u0131\u011f\u0131n\u0131 belirtilerek kendisine te\u015fekk\u00fcr edildi.<\/p>\n<p><b>\u201cBat\u0131 Trakya ile K\u00f6pr\u00fcleri G\u00fc\u00e7lendirece\u011fiz\u201d<\/b><\/p>\n<p>\u0130znik Belediye Ba\u015fkan\u0131 Ka\u011fan Mehmet Usta, ziyaretin sonunda Bat\u0131 Trakya\u2019n\u0131n k\u00fclt\u00fcrel zenginli\u011fi ve k\u00f6kl\u00fc toplumsal yap\u0131s\u0131na dikkat \u00e7ekerek, Bat\u0131 Trakya, haritada bir s\u0131n\u0131r\u0131n \u00f6tesinde g\u00f6r\u00fcnse de g\u00f6nl\u00fcm\u00fczde daima en yak\u0131n\u0131m\u0131zda olan bir g\u00f6n\u00fcl co\u011frafyas\u0131d\u0131r; orada ya\u015fayan T\u00fcrk karde\u015flerimiz ise diline, inanc\u0131na, kimli\u011fine ve k\u00fclt\u00fcr\u00fcne y\u00fczy\u0131llard\u0131r vakarla sahip \u00e7\u0131kan, sevinciyle sevindi\u011fimiz, h\u00fczn\u00fcyle y\u00fcre\u011fimizin burkuldu\u011fu k\u0131ymetli soyda\u015flar\u0131m\u0131zd\u0131r. En b\u00fcy\u00fck temennimiz; Bat\u0131 Trakya T\u00fcrklerinin bulunduklar\u0131 topraklarda huzur i\u00e7inde, e\u015fit haklarla, sayg\u0131 ve g\u00fcven ortam\u0131nda ya\u015famalar\u0131, ana dillerini ve k\u00fclt\u00fcrel de\u011ferlerini \u00f6zg\u00fcrce ya\u015fatmalar\u0131d\u0131r; \u00e7\u00fcnk\u00fc biz inan\u0131yoruz ki bar\u0131\u015f\u0131n ve iyi kom\u015fulu\u011fun yolu, kar\u015f\u0131l\u0131kl\u0131 anlay\u0131\u015ftan, diyalogdan ve insan onurunu merkeze alan yakla\u015f\u0131mlardan ge\u00e7er. \u0130znik\u2019ten Bat\u0131 Trakya\u2019ya uzanan g\u00f6n\u00fcl k\u00f6pr\u00fclerimizi diri tutmay\u0131 bir g\u00f6rev bilerek, karde\u015fli\u011fimizi g\u00fc\u00e7lendiren her selam\u0131, her k\u00fclt\u00fcrel ba\u011f\u0131 ve her dayan\u0131\u015fma ad\u0131m\u0131n\u0131 \u00e7ok de\u011ferli g\u00f6r\u00fcyor; Bat\u0131 Trakya\u2019daki t\u00fcm karde\u015flerime sa\u011fl\u0131k, esenlik ve huzur diliyor, muhabbetle selaml\u0131yorum\u201d diye belirtti.<\/p>\n<p>\u00a0<\/p>\n<p>Kaynak: (BYZHA) Beyaz Haber Ajans\u0131<\/p>\n","protected":false},"excerpt":{"rendered":"<p>\u0130znik Belediye Ba\u015fkan\u0131\u00a0Ka\u011fan Mehmet Usta, Yunanistan\u2019\u0131n\u00a0Bat\u0131 Trakya\u00a0b\u00f6lgesine bir ziyaret ger\u00e7ekle\u015ftirerek G\u00fcm\u00fclcine ve \u0130ske\u00e7e\u2019de \u00e7e\u015fitli temaslarda bulundu.<\/p>\n","protected":false},"author":1,"featured_media":40924,"comment_status":"open","ping_status":"open","sticky":false,"template":"","format":"standard","meta":{"footnotes":""},"categories":[4],"tags":[516,2439,5713,517,319],"class_list":["post-40923","post","type-post","status-publish","format-standard","has-post-thumbnail","hentry","category-gundem","tag-baskan","tag-bati-trakya","tag-iskece","tag-turk","tag-ziyaret"],"_links":{"self":[{"href":"https:\/\/bihavadis.com\/index.php\/wp-json\/wp\/v2\/posts\/40923","targetHints":{"allow":["GET"]}}],"collection":[{"href":"https:\/\/bihavadis.com\/index.php\/wp-json\/wp\/v2\/posts"}],"about":[{"href":"https:\/\/bihavadis.com\/index.php\/wp-json\/wp\/v2\/types\/post"}],"author":[{"embeddable":true,"href":"https:\/\/bihavadis.com\/index.php\/wp-json\/wp\/v2\/users\/1"}],"replies":[{"embeddable":true,"href":"https:\/\/bihavadis.com\/index.php\/wp-json\/wp\/v2\/comments?post=40923"}],"version-history":[{"count":1,"href":"https:\/\/bihavadis.com\/index.php\/wp-json\/wp\/v2\/posts\/40923\/revisions"}],"predecessor-version":[{"id":40925,"href":"https:\/\/bihavadis.com\/index.php\/wp-json\/wp\/v2\/posts\/40923\/revisions\/40925"}],"wp:featuredmedia":[{"embeddable":true,"href":"https:\/\/bihavadis.com\/index.php\/wp-json\/wp\/v2\/media\/40924"}],"wp:attachment":[{"href":"https:\/\/bihavadis.com\/index.php\/wp-json\/wp\/v2\/media?parent=40923"}],"wp:term":[{"taxonomy":"category","embeddable":true,"href":"https:\/\/bihavadis.com\/index.php\/wp-json\/wp\/v2\/categories?post=40923"},{"taxonomy":"post_tag","embeddable":true,"href":"https:\/\/bihavadis.com\/index.php\/wp-json\/wp\/v2\/tags?post=40923"}],"curies":[{"name":"wp","href":"https:\/\/api.w.org\/{rel}","templated":true}]}}