{"id":40996,"date":"2026-02-22T02:42:10","date_gmt":"2026-02-22T02:42:10","guid":{"rendered":"https:\/\/bihavadis.com\/?p=40996"},"modified":"2026-02-22T02:42:10","modified_gmt":"2026-02-22T02:42:10","slug":"bogazici-ogrencileri-cumhurbaskani-erdogani-karanfille-karsiladi","status":"publish","type":"post","link":"https:\/\/bihavadis.com\/index.php\/2026\/02\/22\/bogazici-ogrencileri-cumhurbaskani-erdogani-karanfille-karsiladi\/","title":{"rendered":"Bo\u011fazi\u00e7i \u00f6\u011frencileri Cumhurba\u015fkan\u0131 Erdo\u011fan&#8217;\u0131 karanfille kar\u015f\u0131lad\u0131"},"content":{"rendered":"<p>Cumhurba\u015fkan\u0131 Recep Tayyip Erdo\u011fan, bug\u00fcn Bo\u011fazi\u00e7i \u00dcniversitesin&#8217;deydi.\u00a0<\/p>\n<p>Cumhurba\u015fkan\u0131 Erdo\u011fan, Bo\u011fazi\u00e7i \u00dcniversitesi Erkek ve K\u0131z Yurtlar\u0131 A\u00e7\u0131l\u0131\u015f T\u00f6reni&#8217;ne kat\u0131lmak \u00fczere \u00fcniversitenin G\u00fcney Kamp\u00fcs\u00fc&#8217;ne gitti.<\/p>\n<p><strong>&#8220;GEN\u00c7L\u0130K SEN\u0130NLE GURUR DUYUYOR&#8221;<\/strong><\/p>\n<p>Burada kalabal\u0131k \u00f6\u011frenci grubu taraf\u0131ndan kar\u015f\u0131lanan Erdo\u011fan&#8217;a baz\u0131 \u00f6\u011frenciler <em><b>&#8220;Gen\u00e7lik seninle gurur duyuyor&#8221;<\/b><\/em> slogan\u0131yla sevgi g\u00f6sterisinde bulundu.<\/p>\n<p>\u00d6\u011frencilerden baz\u0131lar\u0131 ise Cumhurba\u015fkan\u0131 Erdo\u011fan&#8217;\u0131n makam arac\u0131n\u0131n \u00fczerine karanfil b\u0131rakt\u0131.<\/p>\n<p><img decoding=\"async\" src=\"https:\/\/bihavadis.com\/wp-content\/uploads\/2026\/02\/bogazici-ogrencileri-cumhurbaskani-erdogani-karanfille-karsiladi-0-jIJTXeZP.jpg\"\/><\/p>\n<p><strong>\u00d6\u011eRENC\u0130LERLE FOTO\u011eRAF \u00c7EKT\u0130RD\u0130<\/strong><\/p>\n<p>Arac\u0131ndan inerek bir s\u00fcre \u00f6\u011frencilerle sohbet eden Erdo\u011fan, foto\u011fraf \u00e7ektirdi.<\/p>\n<p>Kar\u015f\u0131laman\u0131n ard\u0131ndan Erdo\u011fan, \u00f6\u011frenciler ve protokol \u00fcyeleri ile birlikte program\u0131n ger\u00e7ekle\u015ftirildi\u011fi salona do\u011fru y\u00fcr\u00fcd\u00fc.<\/p>\n<p><img decoding=\"async\" src=\"https:\/\/bihavadis.com\/wp-content\/uploads\/2026\/02\/bogazici-ogrencileri-cumhurbaskani-erdogani-karanfille-karsiladi-1-D7ZVQLGX.jpg\"\/><\/p>\n<p><strong>&#8220;L\u0130N\u00c7 KAMPANYASINA MARUZ KALACA\u011eIZ AMA&#8230;&#8221;<\/strong><\/p>\n<p>Bu s\u0131rada bir \u00f6\u011frenci Erdo\u011fan&#8217;a, <em><b>&#8220;Burada y\u00fczlerce \u00f6\u011frenci arkada\u015f\u0131m\u0131z var, her biri sizi kar\u015f\u0131lamak i\u00e7in burada. <\/b><\/em><\/p>\n<p><em><b>Belki yar\u0131n bir g\u00fcn lin\u00e7 kampanyas\u0131na maruz kalaca\u011f\u0131z ama onlar bir az\u0131nl\u0131k. Burada g\u00fc\u00e7l\u00fc olan biziz, bizim sesimiz \u00e7\u0131k\u0131yor.<\/b><\/em>&#8221; dedi.<\/p>\n<p><img decoding=\"async\" src=\"https:\/\/bihavadis.com\/wp-content\/uploads\/2026\/02\/bogazici-ogrencileri-cumhurbaskani-erdogani-karanfille-karsiladi-2-TOkN6T6s.jpg\"\/><\/p>\n<p><strong>&#8220;H\u0130\u00c7 TAKMA KAFANA&#8221;<\/strong><\/p>\n<p>Cumhurba\u015fkan\u0131 Erdo\u011fan ise &#8220;<em><b>Hi\u00e7 onlara kafay\u0131 takma, bak arkanda kim var?<\/b><\/em>&#8221; diyerek AK Parti \u0130stanbul \u0130l Ba\u015fkan\u0131 Abdullah \u00d6zdemir&#8217;i i\u015faret etti.<\/p>\n<p><img decoding=\"async\" src=\"https:\/\/bihavadis.com\/wp-content\/uploads\/2026\/02\/bogazici-ogrencileri-cumhurbaskani-erdogani-karanfille-karsiladi-3-gug9F4GH.jpg\"\/><\/p>\n<p><img decoding=\"async\" src=\"https:\/\/bihavadis.com\/wp-content\/uploads\/2026\/02\/bogazici-ogrencileri-cumhurbaskani-erdogani-karanfille-karsiladi-4-K4Xvm9zg.jpg\"\/><\/p>\n","protected":false},"excerpt":{"rendered":"<p>Bo\u011fazi\u00e7i \u00dcniversitesi&#8217;ne giden Cumhurba\u015fkan\u0131 Erdo\u011fan, \u00f6\u011frencilerle sohbet etti. Cumhurba\u015fkan\u0131 Erdo\u011fan&#8217;la sohbet eden bir \u00f6\u011frenci, &#8220;Belki yar\u0131n bir g\u00fcn lin\u00e7 kampanyas\u0131na maruz kalaca\u011f\u0131z ama onlar bir az\u0131nl\u0131k. Burada g\u00fc\u00e7l\u00fc olan biziz, bizim sesimiz \u00e7\u0131k\u0131yor&#8221; dedi.<\/p>\n","protected":false},"author":1,"featured_media":40997,"comment_status":"open","ping_status":"open","sticky":false,"template":"","format":"standard","meta":{"footnotes":""},"categories":[9,13],"tags":[1526,973],"class_list":["post-40996","post","type-post","status-publish","format-standard","has-post-thumbnail","hentry","category-genel","category-son-dakika","tag-erdogan","tag-ogrenci"],"_links":{"self":[{"href":"https:\/\/bihavadis.com\/index.php\/wp-json\/wp\/v2\/posts\/40996","targetHints":{"allow":["GET"]}}],"collection":[{"href":"https:\/\/bihavadis.com\/index.php\/wp-json\/wp\/v2\/posts"}],"about":[{"href":"https:\/\/bihavadis.com\/index.php\/wp-json\/wp\/v2\/types\/post"}],"author":[{"embeddable":true,"href":"https:\/\/bihavadis.com\/index.php\/wp-json\/wp\/v2\/users\/1"}],"replies":[{"embeddable":true,"href":"https:\/\/bihavadis.com\/index.php\/wp-json\/wp\/v2\/comments?post=40996"}],"version-history":[{"count":1,"href":"https:\/\/bihavadis.com\/index.php\/wp-json\/wp\/v2\/posts\/40996\/revisions"}],"predecessor-version":[{"id":41003,"href":"https:\/\/bihavadis.com\/index.php\/wp-json\/wp\/v2\/posts\/40996\/revisions\/41003"}],"wp:featuredmedia":[{"embeddable":true,"href":"https:\/\/bihavadis.com\/index.php\/wp-json\/wp\/v2\/media\/40997"}],"wp:attachment":[{"href":"https:\/\/bihavadis.com\/index.php\/wp-json\/wp\/v2\/media?parent=40996"}],"wp:term":[{"taxonomy":"category","embeddable":true,"href":"https:\/\/bihavadis.com\/index.php\/wp-json\/wp\/v2\/categories?post=40996"},{"taxonomy":"post_tag","embeddable":true,"href":"https:\/\/bihavadis.com\/index.php\/wp-json\/wp\/v2\/tags?post=40996"}],"curies":[{"name":"wp","href":"https:\/\/api.w.org\/{rel}","templated":true}]}}