{"id":41047,"date":"2026-02-22T03:21:04","date_gmt":"2026-02-22T03:21:04","guid":{"rendered":"https:\/\/bihavadis.com\/?p=41047"},"modified":"2026-02-22T03:21:04","modified_gmt":"2026-02-22T03:21:04","slug":"baskanlik-makaminda-hayat-bilgisi-mesaisi","status":"publish","type":"post","link":"https:\/\/bihavadis.com\/index.php\/2026\/02\/22\/baskanlik-makaminda-hayat-bilgisi-mesaisi\/","title":{"rendered":"Ba\u015fkanl\u0131k Makam\u0131nda Hayat Bilgisi Mesaisi"},"content":{"rendered":"<p><b><i>Narl\u0131dere Belediye Ba\u015fkan\u0131 Erman Uzun, hayat bilgisi dersi kapsam\u0131nda yerel y\u00f6netimlerin \u00e7al\u0131\u015fmalar\u0131n\u0131 yerinde \u00f6\u011frenmek isteyen Mustafa \u015e\u0131k \u0130lkokulu 2. s\u0131n\u0131f \u00f6\u011frencilerini makam\u0131nda a\u011f\u0131rlad\u0131. Ba\u015fkan Erman Uzun, renkli anlara sahne olan ziyarette \u00e7ocuklar\u0131n merak etti\u011fi sorular\u0131 i\u00e7tenlikle yan\u0131tlad\u0131<\/i><\/b><\/p>\n<p>Hayat Bilgisi dersinde \u201cYerel Y\u00f6netimler\u201d konusunu i\u015fleyen Mustafa \u015e\u0131k \u0130lkokulu 2. s\u0131n\u0131f \u00f6\u011frencileri, okul m\u00fcd\u00fcr\u00fc G\u00f6k\u00e7e G\u00f6k\u00e7en ve \u00f6\u011fretmenleri Erdal \u0130git e\u015fli\u011finde Narl\u0131dere Belediyesi\u2019ni ziyaret ederek Ba\u015fkan Erman Uzun\u2019un misafiri oldu. Yerel y\u00f6netimlerin i\u015fleyi\u015fini yerinde g\u00f6rmek ve &#8220;Belediye Ba\u015fkan\u0131 ne yapar?&#8221; sorusuna yan\u0131t aramak isteyen minik misafirler, Ba\u015fkanl\u0131k makam\u0131nda a\u011f\u0131rland\u0131.<\/p>\n<p>Ba\u015fkan Erman Uzun\u2019dan ve belediye ba\u015fkan yard\u0131mc\u0131lar\u0131ndan belediyenin g\u00f6revleri ve y\u00fcr\u00fct\u00fclen \u00e7al\u0131\u015fmalar hakk\u0131nda bilgi alan \u00f6\u011frenciler, keyifli bir g\u00fcn ge\u00e7irdi.<\/p>\n<p><b>GELECE\u011e\u0130M\u0130Z S\u0130ZLERE EMANET<\/b><\/p>\n<p>Ziyaretin en dikkat \u00e7ekici anlar\u0131 ise \u00f6\u011frencilerin haz\u0131rlad\u0131\u011f\u0131 sorular\u0131n soruldu\u011fu k\u0131s\u0131m oldu. Bir \u00f6\u011frencinin \u201cNeden burada belediye ba\u015fkan\u0131 oldunuz?\u201d sorusuna yan\u0131t veren Ba\u015fkan Erman Uzun, \u201cBurada do\u011fdum, bu sokaklarda b\u00fcy\u00fcd\u00fcm. Kendi b\u00fcy\u00fcd\u00fc\u011f\u00fcm yere, kom\u015fular\u0131m\u0131za ve en \u00e7ok da siz k\u00fc\u00e7\u00fck karde\u015flerimize hizmet etmek istedim. Ben ve t\u00fcm mesai arkada\u015flar\u0131m Narl\u0131dere\u2019de ya\u015fayan t\u00fcm kom\u015fular\u0131m\u0131za, sizlere, ailelerinize hizmet etmek i\u00e7in b\u00fct\u00fcn gayretimizle \u00e7al\u0131\u015f\u0131yoruz\u201d dedi.<\/p>\n<p>\u00d6\u011frencilerin ziyaretinden duydu\u011fu memnuniyeti dile getiren Ba\u015fkan Erman Uzun, \u201cNe\u015fenizle ve merak\u0131n\u0131zla g\u00fcn\u00fcm\u00fcz\u00fc g\u00fczelle\u015ftirdiniz. Gelece\u011fimiz sizlere emanet. Sizleri \u00e7ok seviyoruz, \u00e7ok g\u00fcveniyoruz. Derslerinizde \u00fcst\u00fcn ba\u015far\u0131lar diliyoruz\u201d diye konu\u015ftu.<\/p>\n<p>Ba\u015fkan Erman Uzun, \u00e7ocuklar\u0131n bu anlaml\u0131 g\u00fcn\u00fcn\u00fc unutulmaz k\u0131lmak ad\u0131na onlara ufak hediyeler de verdi. Ziyaret, g\u00fcn\u00fcn an\u0131s\u0131na \u00e7ekilen hat\u0131ra foto\u011fraf\u0131yla sona erdi.<\/p>\n<p>\u00a0<\/p>\n<p>\u00a0<\/p>\n<p>Kaynak: (BYZHA) Beyaz Haber Ajans\u0131<\/p>\n","protected":false},"excerpt":{"rendered":"<p>Narl\u0131dere Belediye Ba\u015fkan\u0131 Erman Uzun, hayat bilgisi dersi kapsam\u0131nda yerel y\u00f6netimlerin \u00e7al\u0131\u015fmalar\u0131n\u0131 yerinde \u00f6\u011frenmek isteyen Mustafa \u015e\u0131k \u0130lkokulu 2. s\u0131n\u0131f \u00f6\u011frencilerini makam\u0131nda a\u011f\u0131rlad\u0131.<\/p>\n","protected":false},"author":1,"featured_media":41048,"comment_status":"open","ping_status":"open","sticky":false,"template":"","format":"standard","meta":{"footnotes":""},"categories":[7],"tags":[516,372,5724],"class_list":["post-41047","post","type-post","status-publish","format-standard","has-post-thumbnail","hentry","category-egitim","tag-baskan","tag-belediye","tag-erman-uzun"],"_links":{"self":[{"href":"https:\/\/bihavadis.com\/index.php\/wp-json\/wp\/v2\/posts\/41047","targetHints":{"allow":["GET"]}}],"collection":[{"href":"https:\/\/bihavadis.com\/index.php\/wp-json\/wp\/v2\/posts"}],"about":[{"href":"https:\/\/bihavadis.com\/index.php\/wp-json\/wp\/v2\/types\/post"}],"author":[{"embeddable":true,"href":"https:\/\/bihavadis.com\/index.php\/wp-json\/wp\/v2\/users\/1"}],"replies":[{"embeddable":true,"href":"https:\/\/bihavadis.com\/index.php\/wp-json\/wp\/v2\/comments?post=41047"}],"version-history":[{"count":1,"href":"https:\/\/bihavadis.com\/index.php\/wp-json\/wp\/v2\/posts\/41047\/revisions"}],"predecessor-version":[{"id":41049,"href":"https:\/\/bihavadis.com\/index.php\/wp-json\/wp\/v2\/posts\/41047\/revisions\/41049"}],"wp:featuredmedia":[{"embeddable":true,"href":"https:\/\/bihavadis.com\/index.php\/wp-json\/wp\/v2\/media\/41048"}],"wp:attachment":[{"href":"https:\/\/bihavadis.com\/index.php\/wp-json\/wp\/v2\/media?parent=41047"}],"wp:term":[{"taxonomy":"category","embeddable":true,"href":"https:\/\/bihavadis.com\/index.php\/wp-json\/wp\/v2\/categories?post=41047"},{"taxonomy":"post_tag","embeddable":true,"href":"https:\/\/bihavadis.com\/index.php\/wp-json\/wp\/v2\/tags?post=41047"}],"curies":[{"name":"wp","href":"https:\/\/api.w.org\/{rel}","templated":true}]}}