{"id":41066,"date":"2026-02-22T03:36:07","date_gmt":"2026-02-22T03:36:07","guid":{"rendered":"https:\/\/bihavadis.com\/?p=41066"},"modified":"2026-02-22T03:36:07","modified_gmt":"2026-02-22T03:36:07","slug":"cumhurbaskani-erdogan-suudi-arabistanda-3","status":"publish","type":"post","link":"https:\/\/bihavadis.com\/index.php\/2026\/02\/22\/cumhurbaskani-erdogan-suudi-arabistanda-3\/","title":{"rendered":"Cumhurba\u015fkan\u0131 Erdo\u011fan, Suudi Arabistan&#8217;da"},"content":{"rendered":"<p>\n<p>CUMHURBA\u015eKANI Recep Tayyip Erdo\u011fan, Suudi Arabistan Veliaht Prensi Muhammed bin Selman&#8217;\u0131n daveti \u00fczerine gitti\u011fi ba\u015fkent Riyad&#8217;a ula\u015ft\u0131.<\/p>\n<p>Cumhurba\u015fkan\u0131 Recep Tayyip Erdo\u011fan&#8217;\u0131n Suudi Arabistan Veliaht Prensi Muhammed bin Selman&#8217;\u0131n daveti \u00fczerine ba\u015fkent Riyad&#8217;da ger\u00e7ekle\u015ftirece\u011fi g\u00f6r\u00fc\u015fmelerde, T\u00fcrkiye ile Suudi Arabistan aras\u0131ndaki i\u015f birli\u011finin derinle\u015ftirilmesine y\u00f6nelik ilave ad\u0131mlar ile b\u00f6lgesel ve k\u00fcresel geli\u015fmelerin ele al\u0131naca\u011f\u0131 bildirildi. <\/p>\n<p>Cumhurba\u015fkan\u0131 Erdo\u011fan&#8217;a, Suudi Arabistan ziyaretinde e\u015fi Emine Erdo\u011fan, D\u0131\u015fi\u015fleri Bakan\u0131 Hakan Fidan, Hazine ve Maliye Bakan\u0131 Mehmet \u015eim\u015fek, Aile ve Sosyal Hizmetler Bakan\u0131 Mahinur \u00d6zdemir G\u00f6kta\u015f, Enerji ve Tabii Kaynaklar Bakan\u0131 Alparslan Bayraktar, Sanayi ve Teknoloji Bakan\u0131 Mehmet Fatih Kac\u0131r, Gen\u00e7lik ve Spor Bakan\u0131 Osman A\u015fk\u0131n Bak, Milli Savunma Bakan\u0131 Ya\u015far G\u00fcler, Sa\u011fl\u0131k Bakan\u0131 Kemal Memi\u015fo\u011flu, Cumhurba\u015fkanl\u0131\u011f\u0131 \u0130leti\u015fim Ba\u015fkan\u0131 Burhanettin Duran, Cumhurba\u015fkan\u0131 D\u0131\u015f Politika ve G\u00fcvenlik Ba\u015fdan\u0131\u015fman\u0131 Akif \u00c7a\u011fatay K\u0131l\u0131\u00e7 ile baz\u0131 yetkililer de e\u015flik ediyor.<\/p>\n<p>Erdo\u011fan, Riyad ziyaretinin ard\u0131ndan yar\u0131n M\u0131s\u0131r&#8217;\u0131n ba\u015fkenti Kahire&#8217;ye gidecek.<\/p>\n<p>\n","protected":false},"excerpt":{"rendered":"<p>CUMHURBA\u015eKANI Recep Tayyip Erdo\u011fan, Suudi Arabistan Veliaht Prensi Muhammed bin Selman&#8217;\u0131n daveti \u00fczerine gitti\u011fi ba\u015fkent Riyad&#8217;a ula\u015ft\u0131.<\/p>\n","protected":false},"author":1,"featured_media":41067,"comment_status":"open","ping_status":"open","sticky":false,"template":"","format":"standard","meta":{"footnotes":""},"categories":[12],"tags":[],"class_list":["post-41066","post","type-post","status-publish","format-standard","has-post-thumbnail","hentry","category-siyaset"],"_links":{"self":[{"href":"https:\/\/bihavadis.com\/index.php\/wp-json\/wp\/v2\/posts\/41066","targetHints":{"allow":["GET"]}}],"collection":[{"href":"https:\/\/bihavadis.com\/index.php\/wp-json\/wp\/v2\/posts"}],"about":[{"href":"https:\/\/bihavadis.com\/index.php\/wp-json\/wp\/v2\/types\/post"}],"author":[{"embeddable":true,"href":"https:\/\/bihavadis.com\/index.php\/wp-json\/wp\/v2\/users\/1"}],"replies":[{"embeddable":true,"href":"https:\/\/bihavadis.com\/index.php\/wp-json\/wp\/v2\/comments?post=41066"}],"version-history":[{"count":1,"href":"https:\/\/bihavadis.com\/index.php\/wp-json\/wp\/v2\/posts\/41066\/revisions"}],"predecessor-version":[{"id":41068,"href":"https:\/\/bihavadis.com\/index.php\/wp-json\/wp\/v2\/posts\/41066\/revisions\/41068"}],"wp:featuredmedia":[{"embeddable":true,"href":"https:\/\/bihavadis.com\/index.php\/wp-json\/wp\/v2\/media\/41067"}],"wp:attachment":[{"href":"https:\/\/bihavadis.com\/index.php\/wp-json\/wp\/v2\/media?parent=41066"}],"wp:term":[{"taxonomy":"category","embeddable":true,"href":"https:\/\/bihavadis.com\/index.php\/wp-json\/wp\/v2\/categories?post=41066"},{"taxonomy":"post_tag","embeddable":true,"href":"https:\/\/bihavadis.com\/index.php\/wp-json\/wp\/v2\/tags?post=41066"}],"curies":[{"name":"wp","href":"https:\/\/api.w.org\/{rel}","templated":true}]}}