{"id":4110,"date":"2026-01-29T02:18:05","date_gmt":"2026-01-29T02:18:05","guid":{"rendered":"https:\/\/bihavadis.com\/?p=4110"},"modified":"2026-01-29T02:18:05","modified_gmt":"2026-01-29T02:18:05","slug":"kan-naklinde-yeni-adim","status":"publish","type":"post","link":"https:\/\/bihavadis.com\/index.php\/2026\/01\/29\/kan-naklinde-yeni-adim\/","title":{"rendered":"Kan naklinde yeni ad\u0131m"},"content":{"rendered":"<p>T\u00fcrkiye&#8217;de Kan Transf\u00fczyon Y\u00f6netim Sisteminin Geli\u015ftirilmesi i\u00e7in Teknik Yard\u0131m Projesi a\u00e7\u0131l\u0131\u015f toplant\u0131s\u0131 yap\u0131ld\u0131.<\/p>\n<p>Kan\u0131n kalitesini, g\u00fcvenli\u011fini ve etkinli\u011fini art\u0131rman\u0131n ama\u00e7land\u0131\u011f\u0131 proje sonucunda, Ulusal Hasta Kan Y\u00f6netimi Strateji ve Eylem Plan\u0131 haz\u0131rlanacak.<\/p>\n<p><b>KAN NAKL\u0130N\u0130N YAN ETK\u0130LER\u0130N\u0130 AZALTMAK AMA\u00c7LANIYOR<\/b><\/p>\n<p>Kan nakliyle geli\u015febilen reaksiyonlar ve olumsuz etkilerin azalt\u0131lmas\u0131n\u0131n hedeflendi\u011fi proje \u00e7er\u00e7evesinde, kan\u0131 en \u00e7ok kullanan farkl\u0131 bran\u015flardaki 2 bin 520 uzman doktora hasta kan y\u00f6netimiyle ilgili e\u011fitimler verilecek. \u00d6te yandan Sa\u011fl\u0131k Bakanl\u0131\u011f\u0131n\u0131n kan birimlerini denetleme kapasitesi, yeni bir denetleme rehberi haz\u0131rlanarak g\u00fc\u00e7lendirilecek.<\/p>\n<p><b>&#8220;KAN TRANSF\u00dcZYONU KONUSUNDA DA D\u00dcZENLEMELER YAPIYORUZ&#8221;<\/b><\/p>\n<p>A\u00e7\u0131l\u0131\u015f toplant\u0131s\u0131nda konu\u015fan Sa\u011fl\u0131k Bakan Yard\u0131mc\u0131s\u0131 Muhammet G\u00fcven, Bakanl\u0131\u011f\u0131n birinci, ikinci ve \u00fc\u00e7\u00fcnc\u00fc basamak sa\u011fl\u0131k hizmetlerinin sunumu, koruyucu sa\u011fl\u0131k hizmetleri, \u00fcst otorite olarak d\u00fczenleyici, denetleyici ve kurallar koyucu olmak \u00fczere birden fazla fonksiyonu oldu\u011funu ifade etti. Bu kapsamda Bakanl\u0131\u011f\u0131n \u00e7ok say\u0131da \u00e7al\u0131\u015fma y\u00fcr\u00fctt\u00fc\u011f\u00fcn\u00fc anlatan G\u00fcven, kan transf\u00fczyon konusunda d\u00fczenlemeler yapt\u0131klar\u0131n\u0131 belirtti. G\u00fcven, ge\u00e7mi\u015f y\u0131llarda \u00e7ok say\u0131da transf\u00fczyon denemeleri yap\u0131ld\u0131\u011f\u0131n\u0131, bir k\u0131sm\u0131n\u0131n ba\u015far\u0131l\u0131 oldu\u011funu, bir k\u0131sm\u0131n\u0131n da o d\u00f6nemlerde kan gruplar\u0131n\u0131n, doku uyumlar\u0131n\u0131n bilinememesi veya enfeksiyonlarla ilgili bilgilenme olmamas\u0131ndan dolay\u0131 kay\u0131plarla sonu\u00e7land\u0131\u011f\u0131n\u0131 ifade etti.<\/p>\n<p><b>&#8220;KAN \u00dcR\u00dcNLER\u0130N\u0130N YER\u0130NDE KULLANILMASI B\u00dcY\u00dcK \u00d6NEM TA\u015eIMAKTA&#8221;<\/b><\/p>\n<p>Son 100 y\u0131lda transf\u00fczyon konusunda \u00e7ok b\u00fcy\u00fck bir yol kat edildi\u011fini aktaran G\u00fcven, <strong>&#8220;2008 y\u0131l\u0131nda \u00e7\u0131kar\u0131lan &#8220;Kan ve Kan \u00dcr\u00fcnleri Y\u00f6netmeli\u011fi&#8221;ne g\u00f6re \u00fclkemizdeki kan birimlerinin yeniden yap\u0131land\u0131r\u0131lmas\u0131 sa\u011fland\u0131. \u00d6zellikle K\u0131z\u0131lay\u0131n kan tedarikinin d\u00fcnyadaki modern \u00f6rneklerde oldu\u011fu gibi tek elden y\u00f6netiminin sa\u011flanmas\u0131 amac\u0131yla \u00e7al\u0131\u015fmalar ger\u00e7ekle\u015ftirildi.&#8221; <\/strong>dedi.<img decoding=\"async\" src=\"https:\/\/bihavadis.com\/wp-content\/uploads\/2026\/01\/kan-naklinde-yeni-adim-0-ApPCqCb7.jpg\"\/><\/p>\n<div>\n<div>  <\/div>\n<\/div>\n","protected":false},"excerpt":{"rendered":"<p>Kan\u0131n kalitesini, g\u00fcvenli\u011fi ve etkinli\u011fini art\u0131rmak amac\u0131yla hayata ge\u00e7irilen proje kapsam\u0131nda, 2 bin 520 uzman doktor, hasta kan y\u00f6netimiyle ilgili e\u011fitim alacak.<\/p>\n","protected":false},"author":1,"featured_media":4111,"comment_status":"open","ping_status":"open","sticky":false,"template":"","format":"standard","meta":{"footnotes":""},"categories":[11],"tags":[],"class_list":["post-4110","post","type-post","status-publish","format-standard","has-post-thumbnail","hentry","category-saglik"],"_links":{"self":[{"href":"https:\/\/bihavadis.com\/index.php\/wp-json\/wp\/v2\/posts\/4110","targetHints":{"allow":["GET"]}}],"collection":[{"href":"https:\/\/bihavadis.com\/index.php\/wp-json\/wp\/v2\/posts"}],"about":[{"href":"https:\/\/bihavadis.com\/index.php\/wp-json\/wp\/v2\/types\/post"}],"author":[{"embeddable":true,"href":"https:\/\/bihavadis.com\/index.php\/wp-json\/wp\/v2\/users\/1"}],"replies":[{"embeddable":true,"href":"https:\/\/bihavadis.com\/index.php\/wp-json\/wp\/v2\/comments?post=4110"}],"version-history":[{"count":1,"href":"https:\/\/bihavadis.com\/index.php\/wp-json\/wp\/v2\/posts\/4110\/revisions"}],"predecessor-version":[{"id":4113,"href":"https:\/\/bihavadis.com\/index.php\/wp-json\/wp\/v2\/posts\/4110\/revisions\/4113"}],"wp:featuredmedia":[{"embeddable":true,"href":"https:\/\/bihavadis.com\/index.php\/wp-json\/wp\/v2\/media\/4111"}],"wp:attachment":[{"href":"https:\/\/bihavadis.com\/index.php\/wp-json\/wp\/v2\/media?parent=4110"}],"wp:term":[{"taxonomy":"category","embeddable":true,"href":"https:\/\/bihavadis.com\/index.php\/wp-json\/wp\/v2\/categories?post=4110"},{"taxonomy":"post_tag","embeddable":true,"href":"https:\/\/bihavadis.com\/index.php\/wp-json\/wp\/v2\/tags?post=4110"}],"curies":[{"name":"wp","href":"https:\/\/api.w.org\/{rel}","templated":true}]}}