{"id":41119,"date":"2026-02-22T04:21:04","date_gmt":"2026-02-22T04:21:04","guid":{"rendered":"https:\/\/bihavadis.com\/?p=41119"},"modified":"2026-02-22T04:21:04","modified_gmt":"2026-02-22T04:21:04","slug":"satoda-kamusal-mekan-soylesileri-serisi-ikinci-toplantisiyla-devam-etti","status":"publish","type":"post","link":"https:\/\/bihavadis.com\/index.php\/2026\/02\/22\/satoda-kamusal-mekan-soylesileri-serisi-ikinci-toplantisiyla-devam-etti\/","title":{"rendered":"&#8220;\u015eato&#8217;da Kamusal Mek\u00e2n S\u00f6yle\u015fileri Serisi&#8221; ikinci toplant\u0131s\u0131yla devam etti"},"content":{"rendered":"<p>\u0130zmir B\u00fcy\u00fck\u015fehir Belediye Ba\u015fkan\u0131 Dr. Cemil Tugay\u2019\u0131n ba\u015flatt\u0131\u011f\u0131 \u201cG\u00fczel \u0130zmir Hareketi\u201d kapsam\u0131nda d\u00fczenlenen \u015eato\u2019daki s\u00f6yle\u015fide kamusal alanlar masaya yat\u0131r\u0131ld\u0131. \u201cKent Konu\u015fur mu?\u201d sorusuna yan\u0131t arayan \u0130zmir, kat\u0131l\u0131mc\u0131 tasar\u0131m ve ortak ak\u0131lla \u015fehri birlikte g\u00fczelle\u015ftirme mesaj\u0131 verdi.<\/p>\n<p>\u0130zmir B\u00fcy\u00fck\u015fehir Belediye Ba\u015fkan\u0131 Dr. Cemil Tugay \u00f6nc\u00fcl\u00fc\u011f\u00fcnde ba\u015flat\u0131lan G\u00fczel \u0130zmir Hareketi kapsam\u0131nda d\u00fczenlenen Kamusal Mekan S\u00f6yle\u015fileri Serisi\u2019nin ikincisi, \u201cKent Konu\u015fur Mu? Kamusal Mekanda Kat\u0131l\u0131mc\u0131 Tasar\u0131m\u201d ba\u015fl\u0131\u011f\u0131yla \u015eato\u2019da ger\u00e7ekle\u015ftirildi. S\u00f6yle\u015fi, G\u00fczel \u0130zmir Hareketi Koordinat\u00f6r\u00fc Esra Y\u0131lmaz Keskin\u2019in moderat\u00f6rl\u00fc\u011f\u00fcnde yap\u0131ld\u0131. S\u00f6yle\u015fiye \u0130zmir B\u00fcy\u00fck\u015fehir Belediyesi Genel Sekreter Yard\u0131mc\u0131s\u0131 Hakan Uzun, \u0130zmir Ticaret Odas\u0131 Y\u00f6netim Kurulu \u00dcyesi J\u00fclide Tutan ve Mimarl\u0131k Komitesi temsilcileri, Sa\u011fl\u0131kl\u0131 Kentler Birli\u011fi Genel Sekreter Yard\u0131mc\u0131s\u0131 Dalya Hazar, \u0130zmir Kent Konseyi temsilcileri, Kent Konseyi Gen\u00e7lik Meclisi ve Kad\u0131n Meclisi temsilcileri, Gen\u00e7 \u0130zmir temsilcileri, il\u00e7e belediye temsilcileri, akademisyenler ve kent akt\u00f6rleri kat\u0131ld\u0131. Kentte nitelikli kamusal mekanlar\u0131n \u00e7o\u011falmas\u0131 i\u00e7in kat\u0131l\u0131m s\u00fcre\u00e7lerinin, \u0130zmir deneyimleri ve farkl\u0131 uygulama yakla\u015f\u0131mlar\u0131n\u0131n ele al\u0131nd\u0131\u011f\u0131 bulu\u015fmada \u00f6nemli konular masaya yat\u0131r\u0131ld\u0131.<\/p>\n<p><strong>\u201cAsl\u0131nda yapt\u0131\u011f\u0131m\u0131z \u015fey kentsel akupunktur\u201d<\/strong><\/p>\n<p>G\u00fczel \u0130zmir Hareketi Etkinlik Alan\u0131\u2019nda yap\u0131lan etkinlikte konu\u015fan G\u00fczel \u0130zmir Hareketi Koordinat\u00f6r\u00fc Esra Y\u0131lmaz Keskin, \u201c\u0130zmir\u2019i Birlikte G\u00fczelle\u015ftirelim\u201d ilkesiyle faaliyetlerini s\u00fcrd\u00fcrd\u00fcklerini belirterek \u201cG\u00fczel \u0130zmir Hareketi kapsam\u0131nda yap\u0131lan faaliyetlerimizden kat\u0131l\u0131mc\u0131l\u0131k oda\u011f\u0131nda \u00f6rnekler vermek istiyorum. Farkl\u0131 il\u00e7elerde yapt\u0131\u011f\u0131m\u0131z konsept tasar\u0131mlar\u0131m\u0131z mevcut. Yerinde yap\u0131lan uygulamalar\u0131m\u0131z da var. Daha b\u00fcy\u00fck \u00e7apl\u0131 projelerimizin de uygulama s\u00fcreci devam ediyor. \u00d6nceli\u011fimiz kentsel ya\u015fam kalitesinin art\u0131r\u0131lmas\u0131. G\u00fczel \u0130zmir Hareketi\u2019nin kente yay\u0131lmas\u0131 ad\u0131na \u00e7al\u0131\u015f\u0131yoruz. \u00d6zellikle gen\u00e7lerden geri d\u00f6n\u00fc\u015fler al\u0131yoruz. Asl\u0131nda yapt\u0131\u011f\u0131m\u0131z \u015fey kentsel akupunktur; k\u00fc\u00e7\u00fck \u00f6l\u00e7ekli alanlarda yapt\u0131\u011f\u0131m\u0131z kentsel m\u00fcdahalelerle noktasal iyile\u015ftirme sa\u011fl\u0131yoruz. G\u00fcvenli okul \u00e7evreleri temam\u0131zla ilgili \u00e7al\u0131\u015fmalar yapt\u0131k. At\u00f6lye, tasar\u0131m \u00f6\u011frencilerine a\u00e7\u0131kt\u0131. Mahalleni tasarla program\u0131 olu\u015fturduk; web sitemiz \u00fczerinden halk oylamas\u0131yla \u00f6d\u00fcl grubunu belirledik\u201d dedi. G\u00fczel \u0130zmir Hareketi olarak yerinde uygulamalar yapt\u0131klar\u0131n\u0131 s\u00f6yleyen Keskin, \u201c\u00c7al\u0131\u015fmalar\u0131m\u0131z\u0131n pe\u015fini b\u0131rakm\u0131yoruz. Sadece tasar\u0131m yap\u0131p b\u0131rakm\u0131yoruz, yerinde uygulaman\u0131n son safhas\u0131na kadar sahada kontrollere devam ediyoruz\u201d ifadelerini kulland\u0131.<\/p>\n<p><strong>\u201c\u0130\u015f birli\u011fi ortam\u0131 \u00e7ok \u00f6nemli\u201d<\/strong><\/p>\n<p>\u015eehir Planc\u0131s\u0131 Do\u00e7. Dr. Semahat \u00d6zdemir ise \u201c\u0130zmir\u2019de Kat\u0131l\u0131m S\u00fcre\u00e7leri Deneyimleri\u201d ba\u015fl\u0131\u011f\u0131 alt\u0131nda yapt\u0131\u011f\u0131 sunumda \u201cBirilerine birlikte bir \u015fey yapal\u0131m, fikrinizi s\u00f6yleyin diyorsan\u0131z herhangi bir d\u00fczlemde iyile\u015ftirme ve \u00e7\u00f6z\u00fcm vaat etmeniz laz\u0131m. Bu olmazsa g\u00fcven ortadan kalk\u0131yor. Yetki \u00e7at\u0131\u015fmas\u0131na girmeden i\u015f birli\u011fi ortam\u0131n\u0131n yarat\u0131labilmesi \u00e7ok \u00f6nemli\u201d dedi. \u00d6zdemir ayr\u0131ca yerel \u00e7al\u0131\u015fmalardan \u00f6rnekler sunarken ortak ak\u0131lla y\u00fcr\u00fct\u00fclen s\u00fcre\u00e7lere ili\u015fkin bilgiler verdi.<\/p>\n<p><strong>\u201cKat\u0131l\u0131m\u0131n en \u00f6nemli ad\u0131m\u0131 s\u00fcre\u00e7 tasar\u0131m\u0131d\u0131r\u201d<\/strong><\/p>\n<p>\u015eehir Planc\u0131s\u0131 Ali Faruk G\u00f6ksu da \u201cKat\u0131l\u0131mc\u0131 Tasar\u0131m Dinamikleri ve S\u00fcre\u00e7leri\u201d ba\u015fl\u0131kl\u0131 konu\u015fmas\u0131nda kat\u0131l\u0131mc\u0131l\u0131k s\u00fcrecinde empati yapabilmenin \u00f6nemli oldu\u011funu vurgulad\u0131. G\u00f6ksu ayr\u0131ca, \u201cTasar\u0131m kolektif bir s\u00fcre\u00e7tir. Kat\u0131l\u0131m sadece fikir vermekle de\u011fil, s\u00fcrecin i\u00e7ine girerek birlikte \u00fcretmekle olur. Hep s\u00fcre\u00e7 tasar\u0131m\u0131ndan bahsederim. Kat\u0131l\u0131m\u0131n en \u00f6nemli ad\u0131m\u0131 budur. Tasar\u0131m bir yetenek de\u011fil kat\u0131l\u0131mc\u0131 ortam meselesidir. Bu ortam\u0131 tasarlarsan\u0131z \u00e7ok farkl\u0131 i\u015fler \u00e7\u0131kar\u201d dedi.<\/p>\n<p><strong>\u0130lk oturumda d\u00fcn, bug\u00fcn, yar\u0131n konu\u015fulmu\u015ftu<\/strong><\/p>\n<p>\u0130zmir\u2019de nitelikli kamusal mekanlar\u0131n art\u0131r\u0131lmas\u0131 i\u00e7in bak\u0131\u015f a\u00e7\u0131s\u0131 sunmay\u0131 hedefleyen etkinlikler serisinin ilki\u00a0 \u201cKeyifli Sosyal Mek\u00e2nlar\u201d temas\u0131yla, 2025 y\u0131l\u0131n\u0131n kas\u0131m ay\u0131nda yap\u0131lm\u0131\u015ft\u0131. \u201c\u0130zmir\u2019de Sosyo-K\u00fclt\u00fcrel Mekanlar\u0131n D\u00fcn\u00fc, Bug\u00fcn\u00fc ve Yar\u0131n\u0131\u201d konusuna odaklan\u0131lan bulu\u015fmada \u0130zmir\u2019de sosyal mek\u00e2nlar\u0131n ge\u00e7mi\u015ften itibaren ya\u015fad\u0131\u011f\u0131 d\u00f6n\u00fc\u015f\u00fcm s\u00fcrecine ve gelecekteki potansiyeline farkl\u0131 a\u00e7\u0131lardan yakla\u015f\u0131lm\u0131\u015ft\u0131. Uzman isimlerin fikirlerini aktard\u0131\u011f\u0131 ilk oturumda \u0130zmir\u2019in ya\u015fam k\u00fclt\u00fcr\u00fc, tarihi ve mimari zenginli\u011fi ile sosyal etkile\u015fim alanlar\u0131 da masaya yat\u0131r\u0131lm\u0131\u015ft\u0131.<\/p>\n<p>\u00a0<\/p>\n<p>\u00a0<\/p>\n<p>Kaynak: (BYZHA) Beyaz Haber Ajans\u0131<\/p>\n","protected":false},"excerpt":{"rendered":"<p>\u0130zmir B\u00fcy\u00fck\u015fehir Belediye Ba\u015fkan\u0131 Dr. Cemil Tugay\u2019\u0131n ba\u015flatt\u0131\u011f\u0131 \u201cG\u00fczel \u0130zmir Hareketi\u201d kapsam\u0131nda d\u00fczenlenen \u015eato\u2019daki s\u00f6yle\u015fide kamusal alanlar masaya yat\u0131r\u0131ld\u0131.<\/p>\n","protected":false},"author":1,"featured_media":41120,"comment_status":"open","ping_status":"open","sticky":false,"template":"","format":"standard","meta":{"footnotes":""},"categories":[4],"tags":[978,1380,1191,3526,981],"class_list":["post-41119","post","type-post","status-publish","format-standard","has-post-thumbnail","hentry","category-gundem","tag-izmir","tag-kent","tag-onemli","tag-surec","tag-tasarim"],"_links":{"self":[{"href":"https:\/\/bihavadis.com\/index.php\/wp-json\/wp\/v2\/posts\/41119","targetHints":{"allow":["GET"]}}],"collection":[{"href":"https:\/\/bihavadis.com\/index.php\/wp-json\/wp\/v2\/posts"}],"about":[{"href":"https:\/\/bihavadis.com\/index.php\/wp-json\/wp\/v2\/types\/post"}],"author":[{"embeddable":true,"href":"https:\/\/bihavadis.com\/index.php\/wp-json\/wp\/v2\/users\/1"}],"replies":[{"embeddable":true,"href":"https:\/\/bihavadis.com\/index.php\/wp-json\/wp\/v2\/comments?post=41119"}],"version-history":[{"count":1,"href":"https:\/\/bihavadis.com\/index.php\/wp-json\/wp\/v2\/posts\/41119\/revisions"}],"predecessor-version":[{"id":41121,"href":"https:\/\/bihavadis.com\/index.php\/wp-json\/wp\/v2\/posts\/41119\/revisions\/41121"}],"wp:featuredmedia":[{"embeddable":true,"href":"https:\/\/bihavadis.com\/index.php\/wp-json\/wp\/v2\/media\/41120"}],"wp:attachment":[{"href":"https:\/\/bihavadis.com\/index.php\/wp-json\/wp\/v2\/media?parent=41119"}],"wp:term":[{"taxonomy":"category","embeddable":true,"href":"https:\/\/bihavadis.com\/index.php\/wp-json\/wp\/v2\/categories?post=41119"},{"taxonomy":"post_tag","embeddable":true,"href":"https:\/\/bihavadis.com\/index.php\/wp-json\/wp\/v2\/tags?post=41119"}],"curies":[{"name":"wp","href":"https:\/\/api.w.org\/{rel}","templated":true}]}}