{"id":41131,"date":"2026-02-22T04:30:04","date_gmt":"2026-02-22T04:30:04","guid":{"rendered":"https:\/\/bihavadis.com\/?p=41131"},"modified":"2026-02-22T04:30:04","modified_gmt":"2026-02-22T04:30:04","slug":"kavsaklar-sanat-eserine-donusuyor","status":"publish","type":"post","link":"https:\/\/bihavadis.com\/index.php\/2026\/02\/22\/kavsaklar-sanat-eserine-donusuyor\/","title":{"rendered":"Kav\u015faklar sanat eserine d\u00f6n\u00fc\u015f\u00fcyor"},"content":{"rendered":"<p>\u0130zmir B\u00fcy\u00fck\u015fehir Belediyesi, kav\u015fak ve ref\u00fcjler ba\u015fta olmak \u00fczere kamusal alanlar\u0131 \u00f6zg\u00fcn ve s\u00fcrd\u00fcr\u00fclebilir peyzaj tasar\u0131mlar\u0131yla yeniliyor. Trafik g\u00fcvenli\u011fi g\u00f6zetilerek haz\u0131rlanan d\u00fczenlemeler, su tasarrufu sa\u011flayan bitki se\u00e7imleriyle kente uzun \u00f6m\u00fcrl\u00fc ve estetik bir g\u00f6r\u00fcn\u00fcm kazand\u0131r\u0131yor.<\/p>\n<p>\u0130zmir B\u00fcy\u00fck\u015fehir Belediyesi, \u00f6zg\u00fcn peyzaj tasar\u0131mlar\u0131n\u0131 kentin d\u00f6rt bir yan\u0131na kazand\u0131rmay\u0131 s\u00fcrd\u00fcr\u00fcyor. Park ve Bah\u00e7eler Dairesi Ba\u015fkanl\u0131\u011f\u0131 taraf\u0131ndan y\u00fcr\u00fct\u00fclen \u00e7al\u0131\u015fmalar kapsam\u0131nda, kent merkezinden \u00e7evre il\u00e7elere kadar onlarca noktada d\u00fczenleme yap\u0131ld\u0131. B\u00fcy\u00fck\u015fehir Belediyesi m\u00fchendislerinin imzas\u0131n\u0131 ta\u015f\u0131yan tasar\u0131mlar; kav\u015faklar, ref\u00fcj ve orta alanlar, yol kenarlar\u0131 ile at\u0131l alanlarda hayata ge\u00e7irildi. \u0130zmir\u2019in \u00e7ehresini de\u011fi\u015ftiren bu uygulamalarda su tasarrufu sa\u011flayan kurak\u00e7\u0131l bitki t\u00fcrleri ve dekoratif peyzaj unsurlar\u0131 tercih edildi. Yeni nesil tasar\u0131mlar hem uzun \u00f6m\u00fcrl\u00fc oluyor hem de kentin su kaynaklar\u0131n\u0131n verimli kullan\u0131lmas\u0131na katk\u0131 sa\u011fl\u0131yor.<\/p>\n<p><strong>\u201cTasar\u0131mda \u00f6ncelik g\u00fcvenlik\u201d<\/strong><\/p>\n<p>Tasar\u0131m s\u00fcrecine ili\u015fkin bilgi veren Park ve Bah\u00e7eler Dairesi Ba\u015fkanl\u0131\u011f\u0131 Ziraat M\u00fchendisi Helin Top\u00e7u, kav\u015fak d\u00fczenlemelerinde \u00f6nceli\u011fin her zaman g\u00fcvenlik oldu\u011funu belirterek, ara\u00e7 ve yaya sirk\u00fclasyonunu do\u011fru analiz ettiklerini, s\u00fcr\u00fcc\u00fcn\u00fcn g\u00f6r\u00fc\u015f\u00fcn\u00fc engellemeyecek ve dikkatini da\u011f\u0131tmayacak tasar\u0131mlar olu\u015fturduklar\u0131n\u0131 s\u00f6yledi. Bu do\u011frultuda bitki boylar\u0131, yerle\u015fim d\u00fczeni ve sert zemin kullan\u0131m\u0131n\u0131n b\u00fcy\u00fck \u00f6nem ta\u015f\u0131d\u0131\u011f\u0131n\u0131 vurgulayan Top\u00e7u, ikinci temel ba\u015fl\u0131\u011f\u0131n ise s\u00fcrd\u00fcr\u00fclebilirlik oldu\u011funu ifade etti. Su k\u0131tl\u0131\u011f\u0131na kar\u015f\u0131 kurak\u00e7\u0131l ve \u00e7ok y\u0131ll\u0131k bitki t\u00fcrlerini tercih ederek su t\u00fcketimini azaltt\u0131klar\u0131n\u0131 ve uzun \u00f6m\u00fcrl\u00fc peyzaj alanlar\u0131 olu\u015fturduklar\u0131n\u0131 dile getiren Top\u00e7u, \u201cB\u00f6ylece hem belediye kaynaklar\u0131n\u0131 verimli kullan\u0131yoruz hem de iklim ko\u015fullar\u0131na dayan\u0131kl\u0131 alanlar tasarl\u0131yoruz. Estetik ve kent kimli\u011fi de tasar\u0131m\u0131n ayr\u0131lmaz bir par\u00e7as\u0131. B\u00f6lgenin karakterine uygun, modern ve sade \u00e7izgilere sahip, uzaktan alg\u0131lanabilir kompozisyonlar olu\u015fturuyoruz.\u00a0 Geometrik desenler, bitki dokusu kontrastlar\u0131 ve do\u011fal ta\u015f gibi malzemelerle kav\u015faklar\u0131 birer odak noktas\u0131na d\u00f6n\u00fc\u015ft\u00fcr\u00fcyoruz\u201d dedi.<\/p>\n<p><strong>Kente de\u011fer katan tasar\u0131mlar<\/strong><\/p>\n<p>\u0130zmir\u2019in her noktas\u0131n\u0131 b\u00fcy\u00fck bir heyecanla tasarlad\u0131klar\u0131n\u0131 belirten Helin Top\u00e7u, ama\u00e7lar\u0131n\u0131n yaln\u0131zca bir peyzaj uygulamas\u0131 yapmak de\u011fil, kente de\u011fer katan ve uzun y\u0131llar ya\u015fayacak mek\u00e2nlar olu\u015fturmak oldu\u011funu s\u00f6yledi. Kav\u015fak tasar\u0131mlar\u0131nda \u0130zmir halk\u0131n\u0131n be\u011fenisini kazanacak, kentin kimli\u011fine ve dokusuna uygun motifler tercih ettiklerini ifade eden Top\u00e7u, \u201cPark ve Bah\u00e7eler Dairesi Ba\u015fkanl\u0131\u011f\u0131 olarak \u0130zmir\u2019in her k\u00f6\u015fesine dokunmay\u0131 hedefliyoruz. Kenti daha da g\u00fczelle\u015ftirmek i\u00e7in \u00e7al\u0131\u015fmalar\u0131m\u0131z\u0131 s\u00fcrd\u00fcrece\u011fiz\u201d diye konu\u015ftu.<\/p>\n<p><strong>\u00c7al\u0131\u015fmalar h\u0131zla devam ediyor<\/strong><\/p>\n<p>\u00c7al\u0131\u015fmalar kapsam\u0131nda ekipler; Narl\u0131dere Kaymakaml\u0131k Metro \u0130stasyonu ve \u00c7a\u011fda\u015f Metro \u0130stasyonu \u00e7evresi, Bornova Otogar Kav\u015fa\u011f\u0131, Bay\u0131nd\u0131r Cumhuriyet Meydan\u0131, Kiraz ve Sel\u00e7uk kav\u015faklar\u0131, K\u0131n\u0131k \u015eehit Balya Caddesi kav\u015faklar\u0131, \u00d6demi\u015f Kav\u015fa\u011f\u0131 ile \u00d6demi\u015f Atat\u00fcrk Bulvar\u0131, Buca Beyaz\u0131t Aykut Park\u0131 ref\u00fcj\u00fc, \u00c7i\u011fli otoyol kav\u015faklar\u0131, G\u00fczelbah\u00e7e 75. Y\u0131l Bulvar\u0131, Alija \u0130zzetbegovi\u00e7 Caddesi, A\u015f\u0131k Veysel Rekreasyon Alan\u0131 kav\u015fa\u011f\u0131, Bayrakl\u0131 Sakarya Caddesi 100. Y\u0131l An\u0131t\u0131 \u00e7evresi, Final Fen Lisesi \u00f6n\u00fc, Bornova Top\u00e7u Tugay\u0131 Kav\u015fa\u011f\u0131, Cengizhan Caddesi 4. Sanayi Sitesi giri\u015fi, \u00c7i\u011fli Ko\u00e7ta\u015f \u00f6n\u00fc ve Harmandal\u0131 Meydan\u0131, Ege \u00dcniversitesi Hastanesi \u00f6n\u00fc, ENTO K\u00f6pr\u00fcl\u00fc Kav\u015fa\u011f\u0131, Haydar Aliyev ve Sakarya Caddesi kesi\u015fimi, Kar\u015f\u0131yaka Erdo\u011fan \u00d6zen Meydan\u0131, \u00d6rnekk\u00f6y Tenis Kortlar\u0131 \u00f6n\u00fc, \u015eemikler Kav\u015fa\u011f\u0131, \u00c7i\u011fli Katip \u00c7elebi \u00dcniversitesi \u00f6n\u00fc ve Manas Bulvar\u0131 Kav\u015fa\u011f\u0131 ba\u015fta olmak \u00fczere onlarca noktada d\u00fczenlemeleri tamamlad\u0131.<\/p>\n<p>\u00a0<\/p>\n<p>\u00a0<\/p>\n<p>Kaynak: (BYZHA) Beyaz Haber Ajans\u0131<\/p>\n","protected":false},"excerpt":{"rendered":"<p>\u0130zmir B\u00fcy\u00fck\u015fehir Belediyesi, kav\u015fak ve ref\u00fcjler ba\u015fta olmak \u00fczere kamusal alanlar\u0131 \u00f6zg\u00fcn ve s\u00fcrd\u00fcr\u00fclebilir peyzaj tasar\u0131mlar\u0131yla yeniliyor.<\/p>\n","protected":false},"author":1,"featured_media":41132,"comment_status":"open","ping_status":"open","sticky":false,"template":"","format":"standard","meta":{"footnotes":""},"categories":[4],"tags":[1980,5077,4236,1380,5732],"class_list":["post-41131","post","type-post","status-publish","format-standard","has-post-thumbnail","hentry","category-gundem","tag-caddesi","tag-kavsagi","tag-kavsak","tag-kent","tag-tasarimlar"],"_links":{"self":[{"href":"https:\/\/bihavadis.com\/index.php\/wp-json\/wp\/v2\/posts\/41131","targetHints":{"allow":["GET"]}}],"collection":[{"href":"https:\/\/bihavadis.com\/index.php\/wp-json\/wp\/v2\/posts"}],"about":[{"href":"https:\/\/bihavadis.com\/index.php\/wp-json\/wp\/v2\/types\/post"}],"author":[{"embeddable":true,"href":"https:\/\/bihavadis.com\/index.php\/wp-json\/wp\/v2\/users\/1"}],"replies":[{"embeddable":true,"href":"https:\/\/bihavadis.com\/index.php\/wp-json\/wp\/v2\/comments?post=41131"}],"version-history":[{"count":1,"href":"https:\/\/bihavadis.com\/index.php\/wp-json\/wp\/v2\/posts\/41131\/revisions"}],"predecessor-version":[{"id":41133,"href":"https:\/\/bihavadis.com\/index.php\/wp-json\/wp\/v2\/posts\/41131\/revisions\/41133"}],"wp:featuredmedia":[{"embeddable":true,"href":"https:\/\/bihavadis.com\/index.php\/wp-json\/wp\/v2\/media\/41132"}],"wp:attachment":[{"href":"https:\/\/bihavadis.com\/index.php\/wp-json\/wp\/v2\/media?parent=41131"}],"wp:term":[{"taxonomy":"category","embeddable":true,"href":"https:\/\/bihavadis.com\/index.php\/wp-json\/wp\/v2\/categories?post=41131"},{"taxonomy":"post_tag","embeddable":true,"href":"https:\/\/bihavadis.com\/index.php\/wp-json\/wp\/v2\/tags?post=41131"}],"curies":[{"name":"wp","href":"https:\/\/api.w.org\/{rel}","templated":true}]}}