{"id":41134,"date":"2026-02-22T04:33:04","date_gmt":"2026-02-22T04:33:04","guid":{"rendered":"https:\/\/bihavadis.com\/?p=41134"},"modified":"2026-02-22T04:33:04","modified_gmt":"2026-02-22T04:33:04","slug":"epstein-belgelerinde-adi-gecen-dp-worldun-ceosu-istifa-etti","status":"publish","type":"post","link":"https:\/\/bihavadis.com\/index.php\/2026\/02\/22\/epstein-belgelerinde-adi-gecen-dp-worldun-ceosu-istifa-etti\/","title":{"rendered":"Epstein belgelerinde ad\u0131 ge\u00e7en DP World&#8217;\u00fcn CEO&#8217;su istifa etti"},"content":{"rendered":"<p>Epstein skandal\u0131nda yeni geli\u015fme&#8230;<\/p>\n<p>Birle\u015fik Arap Emirlikleri (BAE) merkezli liman i\u015fletme \u015firketi DP World\u2019den yap\u0131lan yaz\u0131l\u0131 a\u00e7\u0131klamada, Sultan Ahmed bin Sulayem\u2019in CEO\u2019luk ve y\u00f6netim kurulu ba\u015fkanl\u0131\u011f\u0131 g\u00f6revlerinden istifa etti\u011fi belirtildi.<\/p>\n<p><strong>EPSTEIN \u0130LE \u00c7OK SAYIDA YAZI\u015eMASI \u00c7IKMI\u015eTI<\/strong><\/p>\n<p>Essa Kazim\u2019in y\u00f6netim kurulu ba\u015fkanl\u0131\u011f\u0131 g\u00f6revine getirildi\u011fi bilgisine yer verilen a\u00e7\u0131klamada, Yuvraj Narayan\u2019\u0131n ise \u015firketin yeni CEO&#8217;su oldu\u011fu kaydedildi.<\/p>\n<p>Dubai\u2019nin \u00f6nde gelen liman i\u015fletme \u015firketlerinden DP World\u2019de 2019\u2019dan bu yana CEO\u2019luk g\u00f6revini y\u00fcr\u00fcten Bin Sulayem\u2019in, Epstein ile \u00e7ok say\u0131da g\u00f6r\u00fc\u015fme ve yaz\u0131\u015fma ger\u00e7ekle\u015ftirdi\u011fi ortaya \u00e7\u0131km\u0131\u015ft\u0131.<\/p>\n<p><strong>YATIRIMCILAR DP WORLD&#8217;TEN \u00c7EK\u0130LD\u0130<\/strong><\/p>\n<p>S\u00f6z konusu temaslar\u0131n ortaya \u00e7\u0131kmas\u0131n\u0131n ard\u0131ndan \u0130ngiltere ve Kanada merkezli baz\u0131 kurulu\u015flar, DP World&#8217;e yeni yat\u0131r\u0131m yapmayacaklar\u0131n\u0131 duyurmu\u015ftu.<\/p>\n","protected":false},"excerpt":{"rendered":"<p>Birle\u015fik Arap Emirlikleri merkezli liman i\u015fletme \u015firketi DP World, ABD Adalet Bakanl\u0131\u011f\u0131n\u0131n yay\u0131mlad\u0131\u011f\u0131 Jeffrey Epstein belgelerinde ad\u0131 ge\u00e7en Sultan Ahmed bin Sulayem&#8217;in \u015firketin \u00fcst y\u00f6neticilik (CEO) g\u00f6revinden istifa etti\u011fini duyurdu.<\/p>\n","protected":false},"author":1,"featured_media":41135,"comment_status":"open","ping_status":"open","sticky":false,"template":"","format":"standard","meta":{"footnotes":""},"categories":[6],"tags":[],"class_list":["post-41134","post","type-post","status-publish","format-standard","has-post-thumbnail","hentry","category-dunya"],"_links":{"self":[{"href":"https:\/\/bihavadis.com\/index.php\/wp-json\/wp\/v2\/posts\/41134","targetHints":{"allow":["GET"]}}],"collection":[{"href":"https:\/\/bihavadis.com\/index.php\/wp-json\/wp\/v2\/posts"}],"about":[{"href":"https:\/\/bihavadis.com\/index.php\/wp-json\/wp\/v2\/types\/post"}],"author":[{"embeddable":true,"href":"https:\/\/bihavadis.com\/index.php\/wp-json\/wp\/v2\/users\/1"}],"replies":[{"embeddable":true,"href":"https:\/\/bihavadis.com\/index.php\/wp-json\/wp\/v2\/comments?post=41134"}],"version-history":[{"count":1,"href":"https:\/\/bihavadis.com\/index.php\/wp-json\/wp\/v2\/posts\/41134\/revisions"}],"predecessor-version":[{"id":41136,"href":"https:\/\/bihavadis.com\/index.php\/wp-json\/wp\/v2\/posts\/41134\/revisions\/41136"}],"wp:featuredmedia":[{"embeddable":true,"href":"https:\/\/bihavadis.com\/index.php\/wp-json\/wp\/v2\/media\/41135"}],"wp:attachment":[{"href":"https:\/\/bihavadis.com\/index.php\/wp-json\/wp\/v2\/media?parent=41134"}],"wp:term":[{"taxonomy":"category","embeddable":true,"href":"https:\/\/bihavadis.com\/index.php\/wp-json\/wp\/v2\/categories?post=41134"},{"taxonomy":"post_tag","embeddable":true,"href":"https:\/\/bihavadis.com\/index.php\/wp-json\/wp\/v2\/tags?post=41134"}],"curies":[{"name":"wp","href":"https:\/\/api.w.org\/{rel}","templated":true}]}}