{"id":41248,"date":"2026-02-22T06:09:06","date_gmt":"2026-02-22T06:09:06","guid":{"rendered":"https:\/\/bihavadis.com\/?p=41248"},"modified":"2026-02-22T06:09:06","modified_gmt":"2026-02-22T06:09:06","slug":"basketbol-macinda-veliden-oyuncuya-saldiri","status":"publish","type":"post","link":"https:\/\/bihavadis.com\/index.php\/2026\/02\/22\/basketbol-macinda-veliden-oyuncuya-saldiri\/","title":{"rendered":"Basketbol ma\u00e7\u0131nda veliden, oyuncuya sald\u0131r\u0131!"},"content":{"rendered":"<p>Avrupa Gen\u00e7ler Basketbol Ligi&#8217;nin (EYBL) 14 ya\u015f alt\u0131 kategorisinde, Bulgaristan&#8217;\u0131n Buba Basket tak\u0131m\u0131 ile T\u00fcrkiye&#8217;den Academy \u0130stanbul aras\u0131nda \u0130talya&#8217;da oynanan m\u00fcsabaka s\u0131ras\u0131nda, bir veli sahaya girerek gen\u00e7 T\u00fcrk basketbolcuya sald\u0131rd\u0131.<\/p>\n<p>Sosyal medyaya yeni d\u00fc\u015fen ve \u0130talyan bas\u0131n\u0131nda geni\u015f yank\u0131 uyand\u0131ran basketbol ma\u00e7\u0131ndaki sald\u0131rganl\u0131k olay\u0131, 7 \u015eubat&#8217;ta ya\u015fand\u0131.<\/p>\n<p><strong>SERT \u015eEK\u0130LDE GEN\u00c7 OYUNCUYA VURDU<\/strong><\/p>\n<p>Trib\u00fcnden \u00e7ekildi\u011fi anla\u015f\u0131lan ve sosyal medyada payla\u015f\u0131lan g\u00f6r\u00fcnt\u00fclere g\u00f6re, Roma\u2019daki Altero Felici Spor Salonu\u2019nda 7 \u015eubat\u2019ta oynanan 14 ya\u015f alt\u0131 uluslararas\u0131 m\u00fcsabaka s\u0131ras\u0131nda, Buba Basket tak\u0131m\u0131ndan bir oyuncunun velisi oldu\u011fu belirtilen beyaz kazakl\u0131 bir ki\u015fi sahaya girerek Academy \u0130stanbul tak\u0131m\u0131n\u0131n bir oyuncusunun kafas\u0131na arkadan sert bir \u015fekilde vuruyor.<\/p>\n<p>G\u00f6r\u00fcnt\u00fclerde s\u00f6z konusu sald\u0131rgana di\u011fer velilerin m\u00fcdahale etti\u011fi ve tepki g\u00f6sterdi\u011fi g\u00f6r\u00fcl\u00fcyor.<\/p>\n<p><strong>&#8220;BU T\u00dcR EYLEMLER KABUL ED\u0130LEMEZ&#8221;<\/strong><\/p>\n<p>Buba Basket tak\u0131m\u0131, olay\u0131n ard\u0131ndan ABD&#8217;li Meta \u015firketinin sosyal medya platformu Instagram hesab\u0131ndan 7 \u015eubat\u2019ta yapt\u0131\u011f\u0131 a\u00e7\u0131klamada,<em><b> &#8220;Sahada sald\u0131rganl\u0131\u011fa tolerans g\u00f6stermiyoruz. Buba Basket, tak\u0131m\u0131m\u0131z\u0131n velilerinin sahaya dahil olmas\u0131n\u0131 veya trib\u00fcnde hakaret, provokasyon veya sportmenlik d\u0131\u015f\u0131 davran\u0131\u015flar\u0131 onaylamamaktad\u0131r ve bu olayla aras\u0131na mesafe koymaktad\u0131r. Bu t\u00fcr eylemler kabul edilemez.&#8221;<\/b><\/em> ifadelerine yer verdi.<\/p>\n<p><strong>&#8220;MEN CEZASI ALDI&#8221;<\/strong><\/p>\n<p>Avrupa Gen\u00e7ler Basketbol Ligi organizasyonu da Instagram hesab\u0131ndan, olaya ili\u015fkin 10 \u015eubat\u2019ta yapt\u0131\u011f\u0131 resmi a\u00e7\u0131klamada \u015funlar\u0131 kaydetti:<\/p>\n<p>Academy \u0130stanbul ile Buba Basket Sofya aras\u0131nda Roma\u2019da oynanan 14 ya\u015f alt\u0131 ma\u00e7 s\u0131ras\u0131nda ya\u015fanan olay\u0131 takiben Avrupa Gen\u00e7ler Basketbol Ligi kendi i\u00e7 disiplin revizyonunu tamamlam\u0131\u015ft\u0131r. Buba Basket Sofya tak\u0131m\u0131 2025-2026 sezonunun geri kalan b\u00f6l\u00fcm\u00fcnden men edildi. T\u00fcrk oyuncuya vuran yeti\u015fkin seyirci de t\u00fcm EYBL etkinliklerinden men edildi. Ayr\u0131ca olay\u0131n ard\u0131ndan sahaya giren iki tak\u0131m\u0131n oyuncular\u0131ndan veliler de 1 y\u0131l boyunca EYBL ma\u00e7lar\u0131ndan men cezas\u0131 ald\u0131.<\/p>\n<p>S\u00f6z konusu olay, \u0130talyan bas\u0131n\u0131nda, <em><b>&#8220;\u015eok edici sald\u0131r\u0131&#8221;<\/b><\/em>, <em><b>&#8220;Bir veliden, gen\u00e7 oyuncuya yumruk&#8221;<\/b><\/em>, <em><b>&#8220;Saha i\u00e7inde kavga&#8221; <\/b><\/em>ve <em><b>&#8220;Bir veli sahaya girerek, 14 ya\u015f\u0131ndaki oyuncuya sald\u0131rd\u0131&#8221;<\/b><\/em> ba\u015fl\u0131klar\u0131yla haber oldu.<\/p>\n<p><img decoding=\"async\" src=\"https:\/\/bihavadis.com\/wp-content\/uploads\/2026\/02\/basketbol-macinda-veliden-oyuncuya-saldiri-0-J6ZO8hNG.jpg\"\/><\/p>\n<p><img decoding=\"async\" src=\"https:\/\/bihavadis.com\/wp-content\/uploads\/2026\/02\/basketbol-macinda-veliden-oyuncuya-saldiri-1-OKDMOyH9.jpg\"\/><\/p>\n<p><img decoding=\"async\" src=\"https:\/\/bihavadis.com\/wp-content\/uploads\/2026\/02\/basketbol-macinda-veliden-oyuncuya-saldiri-2-jky8Tv4g.jpg\"\/><\/p>\n","protected":false},"excerpt":{"rendered":"<p>\u0130talya&#8217;daki Avrupa Gen\u00e7ler Basketbol Ligi m\u00fcsabakas\u0131nda bir veli, T\u00fcrk oyuncuya sald\u0131rd\u0131.<\/p>\n","protected":false},"author":1,"featured_media":41249,"comment_status":"open","ping_status":"open","sticky":false,"template":"","format":"standard","meta":{"footnotes":""},"categories":[14],"tags":[340,300,295,2002,379],"class_list":["post-41248","post","type-post","status-publish","format-standard","has-post-thumbnail","hentry","category-spor","tag-genc","tag-takimi","tag-tur","tag-veli","tag-yas"],"_links":{"self":[{"href":"https:\/\/bihavadis.com\/index.php\/wp-json\/wp\/v2\/posts\/41248","targetHints":{"allow":["GET"]}}],"collection":[{"href":"https:\/\/bihavadis.com\/index.php\/wp-json\/wp\/v2\/posts"}],"about":[{"href":"https:\/\/bihavadis.com\/index.php\/wp-json\/wp\/v2\/types\/post"}],"author":[{"embeddable":true,"href":"https:\/\/bihavadis.com\/index.php\/wp-json\/wp\/v2\/users\/1"}],"replies":[{"embeddable":true,"href":"https:\/\/bihavadis.com\/index.php\/wp-json\/wp\/v2\/comments?post=41248"}],"version-history":[{"count":1,"href":"https:\/\/bihavadis.com\/index.php\/wp-json\/wp\/v2\/posts\/41248\/revisions"}],"predecessor-version":[{"id":41253,"href":"https:\/\/bihavadis.com\/index.php\/wp-json\/wp\/v2\/posts\/41248\/revisions\/41253"}],"wp:featuredmedia":[{"embeddable":true,"href":"https:\/\/bihavadis.com\/index.php\/wp-json\/wp\/v2\/media\/41249"}],"wp:attachment":[{"href":"https:\/\/bihavadis.com\/index.php\/wp-json\/wp\/v2\/media?parent=41248"}],"wp:term":[{"taxonomy":"category","embeddable":true,"href":"https:\/\/bihavadis.com\/index.php\/wp-json\/wp\/v2\/categories?post=41248"},{"taxonomy":"post_tag","embeddable":true,"href":"https:\/\/bihavadis.com\/index.php\/wp-json\/wp\/v2\/tags?post=41248"}],"curies":[{"name":"wp","href":"https:\/\/api.w.org\/{rel}","templated":true}]}}