{"id":41335,"date":"2026-02-22T07:12:06","date_gmt":"2026-02-22T07:12:06","guid":{"rendered":"https:\/\/bihavadis.com\/?p=41335"},"modified":"2026-02-22T07:12:06","modified_gmt":"2026-02-22T07:12:06","slug":"antalyadaki-kazada-hayatini-kaybeden-ogrenci-ugurlandi","status":"publish","type":"post","link":"https:\/\/bihavadis.com\/index.php\/2026\/02\/22\/antalyadaki-kazada-hayatini-kaybeden-ogrenci-ugurlandi\/","title":{"rendered":"Antalya&#8217;daki Kazada Hayat\u0131n\u0131 Kaybeden \u00d6\u011frenci U\u011furland\u0131"},"content":{"rendered":"<p>\n<p>ANTALYA&#8217;daki yolcu otob\u00fcs\u00fc kazas\u0131nda hayat\u0131n\u0131 kaybeden 10 ki\u015fiden biri olan Akdeniz \u00dcniversitesi \u00f6\u011frencisi Sudem \u00c7akmak (20), memleketi Bilecik&#8217;in Osmaneli il\u00e7esinde g\u00f6zya\u015flar\u0131yla son yolculu\u011funa u\u011furland\u0131.<\/p>\n<p> Antalya&#8217;n\u0131n D\u00f6\u015femealt\u0131 il\u00e7esinde \u00f6nceki g\u00fcn, 26 ABG 022 plakal\u0131 yolcu otob\u00fcs\u00fc devrildi. Kazada 10 ki\u015fi \u00f6ld\u00fc, 25 ki\u015fi ise yaraland\u0131. Kazada ya\u015fam\u0131n\u0131 yitiren Sudem \u00c7akmak&#8217;\u0131n cenazesi Adli T\u0131p Kurumu&#8217;ndaki otopsi i\u015flemlerinin ard\u0131ndan ailesi taraf\u0131ndan al\u0131n\u0131p, memleketi Bilecik&#8217;in Osmaneli il\u00e7esine getirildi. Akdeniz \u00dcniversitesi G\u00fczel Sanatlar Fak\u00fcltesi Grafik Tasar\u0131m B\u00f6l\u00fcm\u00fc \u00f6\u011frencisi olan \u00c7akmak i\u00e7in Fatih Sultan Mehmet Camisi&#8217;nde cenaze namaz\u0131 k\u0131l\u0131nd\u0131. Cenazede Sudem \u00c7akmak&#8217;\u0131n babas\u0131 Mikail \u00c7akmak ve erkek karde\u015fi Yi\u011fit Turan \u00c7akmak, taziyeleri kabul etti. Osmaneli Belediye Ba\u015fkan\u0131 Bekir Torun, \u0130l\u00e7e Kaymakam\u0131 Abd\u00fcssamet K\u0131l\u0131\u00e7, il\u00e7ede ya\u015fayanlar, yak\u0131nlar\u0131, arkada\u015flar\u0131 ve \u00e7ok say\u0131da ki\u015fi cenazeye kat\u0131ld\u0131. Sudem \u00c7akmak, cenaze namaz\u0131n\u0131n ard\u0131ndan il\u00e7e mezarl\u0131\u011f\u0131nda g\u00f6zya\u015flar\u0131yla topra\u011fa verildi. <\/p>\n","protected":false},"excerpt":{"rendered":"<p>Antalya&#8217;daki otob\u00fcs kazas\u0131nda \u00f6len Sudem \u00c7akmak, Bilecik&#8217;te g\u00f6zya\u015flar\u0131yla topra\u011fa verildi.<\/p>\n","protected":false},"author":1,"featured_media":41336,"comment_status":"open","ping_status":"open","sticky":false,"template":"","format":"standard","meta":{"footnotes":""},"categories":[9,4,13],"tags":[5710,428],"class_list":["post-41335","post","type-post","status-publish","format-standard","has-post-thumbnail","hentry","category-genel","category-gundem","category-son-dakika","tag-cakmak","tag-cenaze"],"_links":{"self":[{"href":"https:\/\/bihavadis.com\/index.php\/wp-json\/wp\/v2\/posts\/41335","targetHints":{"allow":["GET"]}}],"collection":[{"href":"https:\/\/bihavadis.com\/index.php\/wp-json\/wp\/v2\/posts"}],"about":[{"href":"https:\/\/bihavadis.com\/index.php\/wp-json\/wp\/v2\/types\/post"}],"author":[{"embeddable":true,"href":"https:\/\/bihavadis.com\/index.php\/wp-json\/wp\/v2\/users\/1"}],"replies":[{"embeddable":true,"href":"https:\/\/bihavadis.com\/index.php\/wp-json\/wp\/v2\/comments?post=41335"}],"version-history":[{"count":1,"href":"https:\/\/bihavadis.com\/index.php\/wp-json\/wp\/v2\/posts\/41335\/revisions"}],"predecessor-version":[{"id":41337,"href":"https:\/\/bihavadis.com\/index.php\/wp-json\/wp\/v2\/posts\/41335\/revisions\/41337"}],"wp:featuredmedia":[{"embeddable":true,"href":"https:\/\/bihavadis.com\/index.php\/wp-json\/wp\/v2\/media\/41336"}],"wp:attachment":[{"href":"https:\/\/bihavadis.com\/index.php\/wp-json\/wp\/v2\/media?parent=41335"}],"wp:term":[{"taxonomy":"category","embeddable":true,"href":"https:\/\/bihavadis.com\/index.php\/wp-json\/wp\/v2\/categories?post=41335"},{"taxonomy":"post_tag","embeddable":true,"href":"https:\/\/bihavadis.com\/index.php\/wp-json\/wp\/v2\/tags?post=41335"}],"curies":[{"name":"wp","href":"https:\/\/api.w.org\/{rel}","templated":true}]}}