{"id":41383,"date":"2026-02-22T07:48:06","date_gmt":"2026-02-22T07:48:06","guid":{"rendered":"https:\/\/bihavadis.com\/?p=41383"},"modified":"2026-02-22T07:48:06","modified_gmt":"2026-02-22T07:48:06","slug":"antalyadaki-otobus-kazasinda-hayatini-kaybeden-asli-cevik-defnedildi","status":"publish","type":"post","link":"https:\/\/bihavadis.com\/index.php\/2026\/02\/22\/antalyadaki-otobus-kazasinda-hayatini-kaybeden-asli-cevik-defnedildi\/","title":{"rendered":"Antalya&#8217;daki Otob\u00fcs Kazas\u0131nda Hayat\u0131n\u0131 Kaybeden Asl\u0131 \u00c7evik Defnedildi"},"content":{"rendered":"<p> Antalya&#8217;da yolcu otob\u00fcs\u00fcn\u00fcn \u015farampole devrilmesi sonucu hayat\u0131n\u0131 kaybedenlerden Asl\u0131 \u00c7evik&#8217;in (47) cenazesi, topra\u011fa verildi.<\/p>\n<p>Antalya E\u011fitim ve Ara\u015ft\u0131rma Hastanesi morgundan yak\u0131nlar\u0131 taraf\u0131ndan al\u0131nan \u00c7evik&#8217;in cenazesi memleketi Eski\u015fehir&#8217;e getirildi.<\/p>\n<p>\u00d6mera\u011fa Camisi&#8217;nde \u00f6\u011fle vakti k\u0131l\u0131nan namaz\u0131n ard\u0131ndan, Manavgat&#8217;ta bir otelde e\u011flence m\u00fcd\u00fcr\u00fc olarak g\u00f6rev yapt\u0131\u011f\u0131 \u00f6\u011frenilen \u00c7evik&#8217;in cenazesi Eski\u015fehir B\u00fcy\u00fck\u015fehir Belediyesi Asri Mezarl\u0131\u011f\u0131&#8217;nda defnedildi.<\/p>\n<p>\u00c7evik&#8217;in cenazesi, \u00f6\u011fle vakti k\u0131l\u0131nan namaz\u0131n ard\u0131ndan Eski\u015fehir B\u00fcy\u00fck\u015fehir Belediyesi Asri Mezarl\u0131\u011f\u0131&#8217;nda topra\u011fa verildi.<\/p>\n<p>Asl\u0131 \u00c7evik&#8217;in kazadan bir g\u00fcn \u00f6nce otob\u00fcs biletinin bulundu\u011fu ancak sefer saatine yeti\u015femedi\u011fi i\u00e7in yolculu\u011funu kazan\u0131n oldu\u011fu g\u00fcne erteledi\u011fi \u00f6\u011frenildi.<\/p>\n<p>Tekirda\u011f-Antalya seferini yapan Buzlu firmas\u0131na ait 26 ABG 022 plakal\u0131 yolcu otob\u00fcs\u00fc, 1 \u015eubat&#8217;ta Antalya&#8217;n\u0131n D\u00f6\u015femealt\u0131 il\u00e7esinde bariyere \u00e7arpt\u0131ktan sonra \u015farampole devrilmi\u015f, kazada 10 ki\u015fi hayat\u0131n\u0131 kaybetmi\u015f, 20 ki\u015fi yaralanm\u0131\u015ft\u0131.<\/p>\n","protected":false},"excerpt":{"rendered":"<p>Asl\u0131 \u00c7evik, Antalya&#8217;daki otob\u00fcs kazas\u0131nda hayat\u0131n\u0131 kaybetti, Eski\u015fehir&#8217;de topra\u011fa verildi.<\/p>\n","protected":false},"author":1,"featured_media":41384,"comment_status":"open","ping_status":"open","sticky":false,"template":"","format":"standard","meta":{"footnotes":""},"categories":[9,4,13],"tags":[],"class_list":["post-41383","post","type-post","status-publish","format-standard","has-post-thumbnail","hentry","category-genel","category-gundem","category-son-dakika"],"_links":{"self":[{"href":"https:\/\/bihavadis.com\/index.php\/wp-json\/wp\/v2\/posts\/41383","targetHints":{"allow":["GET"]}}],"collection":[{"href":"https:\/\/bihavadis.com\/index.php\/wp-json\/wp\/v2\/posts"}],"about":[{"href":"https:\/\/bihavadis.com\/index.php\/wp-json\/wp\/v2\/types\/post"}],"author":[{"embeddable":true,"href":"https:\/\/bihavadis.com\/index.php\/wp-json\/wp\/v2\/users\/1"}],"replies":[{"embeddable":true,"href":"https:\/\/bihavadis.com\/index.php\/wp-json\/wp\/v2\/comments?post=41383"}],"version-history":[{"count":1,"href":"https:\/\/bihavadis.com\/index.php\/wp-json\/wp\/v2\/posts\/41383\/revisions"}],"predecessor-version":[{"id":41385,"href":"https:\/\/bihavadis.com\/index.php\/wp-json\/wp\/v2\/posts\/41383\/revisions\/41385"}],"wp:featuredmedia":[{"embeddable":true,"href":"https:\/\/bihavadis.com\/index.php\/wp-json\/wp\/v2\/media\/41384"}],"wp:attachment":[{"href":"https:\/\/bihavadis.com\/index.php\/wp-json\/wp\/v2\/media?parent=41383"}],"wp:term":[{"taxonomy":"category","embeddable":true,"href":"https:\/\/bihavadis.com\/index.php\/wp-json\/wp\/v2\/categories?post=41383"},{"taxonomy":"post_tag","embeddable":true,"href":"https:\/\/bihavadis.com\/index.php\/wp-json\/wp\/v2\/tags?post=41383"}],"curies":[{"name":"wp","href":"https:\/\/api.w.org\/{rel}","templated":true}]}}