{"id":41386,"date":"2026-02-22T07:51:10","date_gmt":"2026-02-22T07:51:10","guid":{"rendered":"https:\/\/bihavadis.com\/?p=41386"},"modified":"2026-02-22T07:51:10","modified_gmt":"2026-02-22T07:51:10","slug":"fenerbahce-kafilesi-trabzonda","status":"publish","type":"post","link":"https:\/\/bihavadis.com\/index.php\/2026\/02\/22\/fenerbahce-kafilesi-trabzonda\/","title":{"rendered":"Fenerbah\u00e7e kafilesi, Trabzon&#8217;da"},"content":{"rendered":"<p>S\u00fcper Lig\u2019in 22\u2019nci haftas\u0131nda yar\u0131n Trabzonspor ile kar\u015f\u0131la\u015facak olan Fenerbah\u00e7e, saat 18.30\u2019da Trabzon Havaliman\u0131\u2019na geldi.<\/p>\n<p>D\u0131\u015f Hatlar Gelen Yolcu Salonu&#8217;ndan \u00e7\u0131k\u0131\u015f yapan Fenerbah\u00e7e kafilesi daha sonra kendilerini bekleyen otob\u00fcsle Trabzon\u2019da konaklayacaklar\u0131 otele hareket etti.<\/p>\n<p><strong>FENERBAH\u00c7E&#8217;N\u0130N KAF\u0130LES\u0130<\/strong><\/p>\n<p>Fenerbah\u00e7e kafilesinde kul\u00fcp ba\u015fkan\u0131 Sadettin Saran ve bir\u00e7ok y\u00f6netici de yer al\u0131rken 22 ki\u015filik kadroda \u015fu isimler yer ald\u0131:<\/p>\n<p>Ederson Moraes, Mert G\u00fcnok, Tar\u0131k \u00c7etin, Mert M\u00fcld\u00fcr, Nelson Semedo, Milan Skriniar, Jayden Oosterwolde, \u00c7a\u011flar S\u00f6y\u00fcnc\u00fc, Yi\u011fit Efe Demir, Levent Mercan, Kamil Efe \u00dcregen, \u0130smail Y\u00fcksek, Matteo Guendouzi, N\u2019Golo Kante, Fred Rodrigues, Marco Asensio, O\u011fuz Ayd\u0131n, Anthony Musaba, Kerem Akt\u00fcrko\u011flu, Dorgeles Nene, Anderson Talisca, Sidiki Cherif<\/p>\n<p><img decoding=\"async\" src=\"https:\/\/bihavadis.com\/wp-content\/uploads\/2026\/02\/fenerbahce-kafilesi-trabzonda-0-9l3PcJhD.jpg\"\/><\/p>\n<p><img decoding=\"async\" src=\"https:\/\/bihavadis.com\/wp-content\/uploads\/2026\/02\/fenerbahce-kafilesi-trabzonda-1-5IqwY9iY.jpg\"\/><\/p>\n<p><img decoding=\"async\" src=\"https:\/\/bihavadis.com\/wp-content\/uploads\/2026\/02\/fenerbahce-kafilesi-trabzonda-2-B5EP5K5A.jpg\"\/><\/p>\n<p><img decoding=\"async\" src=\"https:\/\/bihavadis.com\/wp-content\/uploads\/2026\/02\/fenerbahce-kafilesi-trabzonda-3-87yV9xPS.jpg\"\/><\/p>\n<p><img decoding=\"async\" src=\"https:\/\/bihavadis.com\/wp-content\/uploads\/2026\/02\/fenerbahce-kafilesi-trabzonda-4-Ln25Qz1Z.jpg\"\/><\/p>\n<p><img decoding=\"async\" src=\"https:\/\/bihavadis.com\/wp-content\/uploads\/2026\/02\/fenerbahce-kafilesi-trabzonda-5-W7grOV5N.jpg\"\/><\/p>\n","protected":false},"excerpt":{"rendered":"<p>S\u00fcper Lig&#8217;in 22&#8217;nci haftas\u0131nda deplasmanda Trabzonspor ile kar\u015f\u0131la\u015facak olan Fenerbah\u00e7e, Trabzon\u2019a geldi.<\/p>\n","protected":false},"author":1,"featured_media":41387,"comment_status":"open","ping_status":"open","sticky":false,"template":"","format":"standard","meta":{"footnotes":""},"categories":[14],"tags":[],"class_list":["post-41386","post","type-post","status-publish","format-standard","has-post-thumbnail","hentry","category-spor"],"_links":{"self":[{"href":"https:\/\/bihavadis.com\/index.php\/wp-json\/wp\/v2\/posts\/41386","targetHints":{"allow":["GET"]}}],"collection":[{"href":"https:\/\/bihavadis.com\/index.php\/wp-json\/wp\/v2\/posts"}],"about":[{"href":"https:\/\/bihavadis.com\/index.php\/wp-json\/wp\/v2\/types\/post"}],"author":[{"embeddable":true,"href":"https:\/\/bihavadis.com\/index.php\/wp-json\/wp\/v2\/users\/1"}],"replies":[{"embeddable":true,"href":"https:\/\/bihavadis.com\/index.php\/wp-json\/wp\/v2\/comments?post=41386"}],"version-history":[{"count":1,"href":"https:\/\/bihavadis.com\/index.php\/wp-json\/wp\/v2\/posts\/41386\/revisions"}],"predecessor-version":[{"id":41394,"href":"https:\/\/bihavadis.com\/index.php\/wp-json\/wp\/v2\/posts\/41386\/revisions\/41394"}],"wp:featuredmedia":[{"embeddable":true,"href":"https:\/\/bihavadis.com\/index.php\/wp-json\/wp\/v2\/media\/41387"}],"wp:attachment":[{"href":"https:\/\/bihavadis.com\/index.php\/wp-json\/wp\/v2\/media?parent=41386"}],"wp:term":[{"taxonomy":"category","embeddable":true,"href":"https:\/\/bihavadis.com\/index.php\/wp-json\/wp\/v2\/categories?post=41386"},{"taxonomy":"post_tag","embeddable":true,"href":"https:\/\/bihavadis.com\/index.php\/wp-json\/wp\/v2\/tags?post=41386"}],"curies":[{"name":"wp","href":"https:\/\/api.w.org\/{rel}","templated":true}]}}