{"id":41409,"date":"2026-02-22T08:06:05","date_gmt":"2026-02-22T08:06:05","guid":{"rendered":"https:\/\/bihavadis.com\/?p=41409"},"modified":"2026-02-22T08:06:05","modified_gmt":"2026-02-22T08:06:05","slug":"karabaglar-belediyesi-kar-kut-ile-sahada-daha-guclu","status":"publish","type":"post","link":"https:\/\/bihavadis.com\/index.php\/2026\/02\/22\/karabaglar-belediyesi-kar-kut-ile-sahada-daha-guclu\/","title":{"rendered":"Karaba\u011flar Belediyesi KAR-KUT ile Sahada Daha G\u00fc\u00e7l\u00fc"},"content":{"rendered":"<p>Karaba\u011flar Belediyesi Arama ve Kurtarma Ekibi (KAR-KUT), afetlere haz\u0131rl\u0131k \u00e7al\u0131\u015fmalar\u0131n\u0131 akreditasyon s\u00fcreci kapsam\u0131nda s\u00fcrd\u00fcr\u00fcyor. Ekip, AFAD \u0130l M\u00fcd\u00fcrl\u00fc\u011f\u00fc b\u00fcnyesinde d\u00fczenlenen e\u011fitim program\u0131na kat\u0131larak saha haz\u0131rl\u0131klar\u0131n\u0131 g\u00fc\u00e7lendirdi.<\/p>\n<p>Program kapsam\u0131nda Temel kamp\u00e7\u0131l\u0131k, haberle\u015fme, yang\u0131n, afet fark\u0131ndal\u0131k ve \u00e7ad\u0131r kurma ba\u015fl\u0131klar\u0131nda ger\u00e7ekle\u015ftirilen e\u011fitimler ba\u015far\u0131yla tamamlan\u0131rken, ekiplerin sahadaki m\u00fcdahale kapasitesini art\u0131rmaya y\u00f6nelik uygulamal\u0131 \u00e7al\u0131\u015fmalar da yap\u0131ld\u0131.<\/p>\n<p>Karaba\u011flar Belediye Ba\u015fkan\u0131 Helil K\u0131nay da e\u011fitim program\u0131n\u0131 ziyaret ederek KAR-KUT ekibi ve AFAD yetkilileriyle bir araya geldi. Arama Kurtarma Birim Amiri Demirkan Sar\u0131kaya, E\u011fitim ve Sa\u011fl\u0131k Birimi Amiri Dr. Ertu\u011frul Usta, Sivil Savunma Uzman\u0131 B\u00fclent Tatar ve E\u011fitmen \u00d6mer Sel\u00e7uk Demir\u2019den y\u00fcr\u00fct\u00fclen \u00e7al\u0131\u015fmalar hakk\u0131nda bilgi alan Ba\u015fkan K\u0131nay, sahadaki haz\u0131rl\u0131klar\u0131 yerinde inceledi.<\/p>\n<p>KAR-KUT\u2019un Karaba\u011flar i\u00e7in \u00f6nemli bir g\u00fcvence oldu\u011funu belirten Ba\u015fkan K\u0131nay \u201cAfetlere haz\u0131rl\u0131k bir tercih de\u011fil, zorunluluktur. KAR-KUT ekibimiz bilgiyle, koordinasyonla ve dayan\u0131\u015fmayla g\u00fc\u00e7leniyor. Karaba\u011flar\u2019\u0131n her mahallesinde, her soka\u011f\u0131nda vatanda\u015flar\u0131m\u0131z i\u00e7in umut ve g\u00fcven olmaya devam edece\u011fiz. E\u011fitim ve akreditasyon s\u00fcre\u00e7lerini kararl\u0131l\u0131kla s\u00fcrd\u00fcrece\u011fiz\u201d diye konu\u015ftu.<\/p>\n<p>\u00a0<\/p>\n<p>\u00a0<\/p>\n<p>Kaynak: (BYZHA) Beyaz Haber Ajans\u0131<\/p>\n","protected":false},"excerpt":{"rendered":"<p>Karaba\u011flar Belediyesi Arama ve Kurtarma Ekibi (KAR-KUT), afetlere haz\u0131rl\u0131k \u00e7al\u0131\u015fmalar\u0131n\u0131 akreditasyon s\u00fcreci kapsam\u0131nda s\u00fcrd\u00fcr\u00fcyor.<\/p>\n","protected":false},"author":1,"featured_media":41410,"comment_status":"open","ping_status":"open","sticky":false,"template":"","format":"standard","meta":{"footnotes":""},"categories":[4],"tags":[233],"class_list":["post-41409","post","type-post","status-publish","format-standard","has-post-thumbnail","hentry","category-gundem","tag-egitim"],"_links":{"self":[{"href":"https:\/\/bihavadis.com\/index.php\/wp-json\/wp\/v2\/posts\/41409","targetHints":{"allow":["GET"]}}],"collection":[{"href":"https:\/\/bihavadis.com\/index.php\/wp-json\/wp\/v2\/posts"}],"about":[{"href":"https:\/\/bihavadis.com\/index.php\/wp-json\/wp\/v2\/types\/post"}],"author":[{"embeddable":true,"href":"https:\/\/bihavadis.com\/index.php\/wp-json\/wp\/v2\/users\/1"}],"replies":[{"embeddable":true,"href":"https:\/\/bihavadis.com\/index.php\/wp-json\/wp\/v2\/comments?post=41409"}],"version-history":[{"count":1,"href":"https:\/\/bihavadis.com\/index.php\/wp-json\/wp\/v2\/posts\/41409\/revisions"}],"predecessor-version":[{"id":41411,"href":"https:\/\/bihavadis.com\/index.php\/wp-json\/wp\/v2\/posts\/41409\/revisions\/41411"}],"wp:featuredmedia":[{"embeddable":true,"href":"https:\/\/bihavadis.com\/index.php\/wp-json\/wp\/v2\/media\/41410"}],"wp:attachment":[{"href":"https:\/\/bihavadis.com\/index.php\/wp-json\/wp\/v2\/media?parent=41409"}],"wp:term":[{"taxonomy":"category","embeddable":true,"href":"https:\/\/bihavadis.com\/index.php\/wp-json\/wp\/v2\/categories?post=41409"},{"taxonomy":"post_tag","embeddable":true,"href":"https:\/\/bihavadis.com\/index.php\/wp-json\/wp\/v2\/tags?post=41409"}],"curies":[{"name":"wp","href":"https:\/\/api.w.org\/{rel}","templated":true}]}}