{"id":41430,"date":"2026-02-22T08:21:04","date_gmt":"2026-02-22T08:21:04","guid":{"rendered":"https:\/\/bihavadis.com\/?p=41430"},"modified":"2026-02-22T08:21:04","modified_gmt":"2026-02-22T08:21:04","slug":"kartepede-ramazanin-ilk-iftarinda-sehit-aileleri-ve-gazilerle-anlamli-bulusma","status":"publish","type":"post","link":"https:\/\/bihavadis.com\/index.php\/2026\/02\/22\/kartepede-ramazanin-ilk-iftarinda-sehit-aileleri-ve-gazilerle-anlamli-bulusma\/","title":{"rendered":"Kartepe&#8217;de Ramazan&#8217;\u0131n \u0130lk \u0130ftar\u0131nda \u015eehit Aileleri ve Gazilerle Anlaml\u0131 Bulu\u015fma"},"content":{"rendered":"<p><strong>Ramazan ay\u0131n\u0131n ilk iftar\u0131nda, Kartepe Kaymakam\u0131 Hasan \u00d6zt\u00fcrk ve Kartepe Belediye Ba\u015fkan\u0131 Av. Mustafa Kocaman \u015fehit aileleri, gaziler ve aileleriyle bir araya geldi. Maneviyat\u0131n ve h\u00fcrmetin \u00f6n planda oldu\u011fu bulu\u015fmada, iftar sofras\u0131n\u0131n bereketi hep birlikte payla\u015f\u0131ld\u0131.<\/strong><\/p>\n<p><strong>Kartepe Protokol\u00fc Masalar\u0131 Tek Tek Gezdi<\/strong><\/p>\n<p>Program boyunca \u015fehit yak\u0131nlar\u0131 ve gazilerle yak\u0131ndan ilgilenen Kaymakam \u00d6zt\u00fcrk ve Ba\u015fkan Kocaman, masalar\u0131 tek tek ziyaret ederek misafirlerle sohbet etti.<\/p>\n<p><strong>\u015eehit Yak\u0131nlar\u0131 ve Gazilere \u00d6zel \u0130lgi<\/strong><\/p>\n<p>Ramazan\u2019\u0131n ilk ak\u015fam\u0131nda ger\u00e7ekle\u015fen bu anlaml\u0131 bulu\u015fmada, Kartepe Kaymakam\u0131 Hasan \u00d6zt\u00fcrk ve Kartepe Belediye Ba\u015fkan\u0131 Av. M. Mustafa Kocaman, kahramanlar\u0131m\u0131z\u0131n emanetleriyle uzun s\u00fcre vakit ge\u00e7irdi. Ailelerin hal ve hat\u0131rlar\u0131n\u0131 soran, taleplerini not alan protokol \u00fcyeleri, iftar vaktine kadar s\u00fcren sohbetlerde birlik ve beraberlik mesaj\u0131 verdi.<\/p>\n<p><strong>Dualar \u015eehitlerimiz \u0130\u00e7in Edildi<\/strong><\/p>\n<p>A\u00e7\u0131lan oru\u00e7lar\u0131n ard\u0131ndan, vatan\u0131n birli\u011fi ve \u015fehitlerin ruhu i\u00e7in dualar edildi. S\u0131cak bir aile ortam\u0131nda ge\u00e7en iftar\u0131n sonunda, Kartepe Kaymakam\u0131 Hasan \u00d6zt\u00fcrk ve Kartepe Belediye Ba\u015fkan\u0131 Av. M. Mustafa Kocaman, \u015fehit aileleri ve gazilerle g\u00fcn\u00fcn an\u0131s\u0131na hat\u0131ra<strong>\u00a0<\/strong>foto\u011fraflar\u0131 \u00e7ektirdi. Davetliler, bu anlaml\u0131 organizasyon ve g\u00f6sterilen yak\u0131n ilgi dolay\u0131s\u0131yla memnuniyetlerini dile getirdi.<\/p>\n<p>\u00a0<\/p>\n<p>\u00a0<\/p>\n<p>Kaynak: (BYZHA) Beyaz Haber Ajans\u0131<\/p>\n","protected":false},"excerpt":{"rendered":"<p>Ramazan ay\u0131n\u0131n ilk iftar\u0131nda, Kartepe Kaymakam\u0131 Hasan \u00d6zt\u00fcrk ve Kartepe Belediye Ba\u015fkan\u0131 Av. Mustafa Kocaman \u015fehit aileleri, gaziler ve aileleriyle bir araya geldi.<\/p>\n","protected":false},"author":1,"featured_media":41431,"comment_status":"open","ping_status":"open","sticky":false,"template":"","format":"standard","meta":{"footnotes":""},"categories":[4],"tags":[250,2851,2903],"class_list":["post-41430","post","type-post","status-publish","format-standard","has-post-thumbnail","hentry","category-gundem","tag-aile","tag-kartepe","tag-sehit"],"_links":{"self":[{"href":"https:\/\/bihavadis.com\/index.php\/wp-json\/wp\/v2\/posts\/41430","targetHints":{"allow":["GET"]}}],"collection":[{"href":"https:\/\/bihavadis.com\/index.php\/wp-json\/wp\/v2\/posts"}],"about":[{"href":"https:\/\/bihavadis.com\/index.php\/wp-json\/wp\/v2\/types\/post"}],"author":[{"embeddable":true,"href":"https:\/\/bihavadis.com\/index.php\/wp-json\/wp\/v2\/users\/1"}],"replies":[{"embeddable":true,"href":"https:\/\/bihavadis.com\/index.php\/wp-json\/wp\/v2\/comments?post=41430"}],"version-history":[{"count":1,"href":"https:\/\/bihavadis.com\/index.php\/wp-json\/wp\/v2\/posts\/41430\/revisions"}],"predecessor-version":[{"id":41432,"href":"https:\/\/bihavadis.com\/index.php\/wp-json\/wp\/v2\/posts\/41430\/revisions\/41432"}],"wp:featuredmedia":[{"embeddable":true,"href":"https:\/\/bihavadis.com\/index.php\/wp-json\/wp\/v2\/media\/41431"}],"wp:attachment":[{"href":"https:\/\/bihavadis.com\/index.php\/wp-json\/wp\/v2\/media?parent=41430"}],"wp:term":[{"taxonomy":"category","embeddable":true,"href":"https:\/\/bihavadis.com\/index.php\/wp-json\/wp\/v2\/categories?post=41430"},{"taxonomy":"post_tag","embeddable":true,"href":"https:\/\/bihavadis.com\/index.php\/wp-json\/wp\/v2\/tags?post=41430"}],"curies":[{"name":"wp","href":"https:\/\/api.w.org\/{rel}","templated":true}]}}