{"id":41446,"date":"2026-02-22T08:33:07","date_gmt":"2026-02-22T08:33:07","guid":{"rendered":"https:\/\/bihavadis.com\/?p=41446"},"modified":"2026-02-22T08:33:07","modified_gmt":"2026-02-22T08:33:07","slug":"istanbulda-park-yeri-kavgasinda-yasli-surucu-aracindan-indirilip-darbedildi","status":"publish","type":"post","link":"https:\/\/bihavadis.com\/index.php\/2026\/02\/22\/istanbulda-park-yeri-kavgasinda-yasli-surucu-aracindan-indirilip-darbedildi\/","title":{"rendered":"\u0130stanbul&#8217;da park yeri kavgas\u0131nda ya\u015fl\u0131 s\u00fcr\u00fcc\u00fc arac\u0131ndan indirilip darbedildi"},"content":{"rendered":"<p>\u0130stanbul&#8217;un Be\u015fikta\u015f il\u00e7esinde deh\u015fet dolu g\u00f6r\u00fcnt\u00fcler&#8230;<\/p>\n<p>Edinilen bilgiye g\u00f6re iki s\u00fcr\u00fcc\u00fc aras\u0131nda park yeri anla\u015fmazl\u0131\u011f\u0131 nedeniyle tart\u0131\u015fma \u00e7\u0131kt\u0131.\u00a0<\/p>\n<p>S\u00f6zl\u00fc at\u0131\u015fmalar ile ba\u015flayan tart\u0131\u015fma k\u0131sa s\u00fcrede b\u00fcy\u00fcyerek kavgaya d\u00f6n\u00fc\u015ft\u00fc.\u00a0<\/p>\n<p><strong>ARA\u00c7TAN \u0130ND\u0130R\u0130P DARBETT\u0130LER<\/strong><\/p>\n<p>\u00c7\u0131kan kavgada ya\u015fl\u0131 s\u00fcr\u00fcc\u00fc ile yan\u0131ndaki yolcu ara\u00e7tan zorla indirilerek tekme ve tokatlarla darbedildi.<\/p>\n<p>\u00d6te yandan bir vatanda\u015f\u0131n cep telefonu kameras\u0131 ile ya\u015fananlar saniye saniye kaydedildi.\u00a0<\/p>\n<p><img decoding=\"async\" src=\"https:\/\/bihavadis.com\/wp-content\/uploads\/2026\/02\/istanbulda-park-yeri-kavgasinda-yasli-surucu-aracindan-indirilip-darbedildi-0-8727mbVq.jpg\"\/><\/p>\n<p><strong>B\u0130R K\u0130\u015e\u0130 HAYATINI KAYBETT\u0130<\/strong><\/p>\n<p>Darbedilen vatanda\u015flardan birinin komaya girdi\u011fi belirtilirken, birinin ise hayat\u0131n\u0131 kaybetti\u011fi \u00f6\u011frenildi.\u00a0<\/p>\n<p>Olaya ili\u015fkin soru\u015fturma ba\u015flat\u0131ld\u0131.\u00a0<\/p>\n<p><img decoding=\"async\" src=\"https:\/\/bihavadis.com\/wp-content\/uploads\/2026\/02\/istanbulda-park-yeri-kavgasinda-yasli-surucu-aracindan-indirilip-darbedildi-1-6cdA5Rcc.jpg\"\/><\/p>\n<p><strong>2 \u015e\u00dcPHEL\u0130 SERBEST BIRAKILDI<\/strong><\/p>\n<p>\u00d6te yandan kavgaya kar\u0131\u015fan 3 ki\u015finin yakaland\u0131\u011f\u0131 \u00f6\u011frenildi.\u00a0<\/p>\n<p>\u0130ki \u015f\u00fcpheli hakk\u0131nda <em><b>&#8220;Kasten Yaralama&#8221;<\/b><\/em> su\u00e7undan i\u015flemlerinin tamamlanmas\u0131n\u0131n ard\u0131ndan dosyalar\u0131 ikmalen g\u00f6nderilmek \u00fczere adli makamlarca serbest b\u0131rak\u0131ld\u0131.<\/p>\n<p><img decoding=\"async\" src=\"https:\/\/bihavadis.com\/wp-content\/uploads\/2026\/02\/istanbulda-park-yeri-kavgasinda-yasli-surucu-aracindan-indirilip-darbedildi-2-AeFcGXYb.jpg\"\/><\/p>\n<p><img decoding=\"async\" src=\"https:\/\/bihavadis.com\/wp-content\/uploads\/2026\/02\/istanbulda-park-yeri-kavgasinda-yasli-surucu-aracindan-indirilip-darbedildi-3-99nZnbkW.jpg\"\/><\/p>\n","protected":false},"excerpt":{"rendered":"<p>Be\u015fikta\u015f\u2019ta iki s\u00fcr\u00fcc\u00fc aras\u0131nda park yeri nedeniyle \u00e7\u0131kan kavgada ya\u015fl\u0131 s\u00fcr\u00fcc\u00fc ile yan\u0131ndaki yolcu ara\u00e7tan zorla indirilerek tekme ve tokatlarla darbedilirken kavgada darbedilen iki isimden birinin hayat\u0131n\u0131 kaybetti\u011fi birinin ise komada oldu\u011fu belirtildi.<\/p>\n","protected":false},"author":1,"featured_media":41447,"comment_status":"open","ping_status":"open","sticky":false,"template":"","format":"standard","meta":{"footnotes":""},"categories":[4,13],"tags":[],"class_list":["post-41446","post","type-post","status-publish","format-standard","has-post-thumbnail","hentry","category-gundem","category-son-dakika"],"_links":{"self":[{"href":"https:\/\/bihavadis.com\/index.php\/wp-json\/wp\/v2\/posts\/41446","targetHints":{"allow":["GET"]}}],"collection":[{"href":"https:\/\/bihavadis.com\/index.php\/wp-json\/wp\/v2\/posts"}],"about":[{"href":"https:\/\/bihavadis.com\/index.php\/wp-json\/wp\/v2\/types\/post"}],"author":[{"embeddable":true,"href":"https:\/\/bihavadis.com\/index.php\/wp-json\/wp\/v2\/users\/1"}],"replies":[{"embeddable":true,"href":"https:\/\/bihavadis.com\/index.php\/wp-json\/wp\/v2\/comments?post=41446"}],"version-history":[{"count":1,"href":"https:\/\/bihavadis.com\/index.php\/wp-json\/wp\/v2\/posts\/41446\/revisions"}],"predecessor-version":[{"id":41452,"href":"https:\/\/bihavadis.com\/index.php\/wp-json\/wp\/v2\/posts\/41446\/revisions\/41452"}],"wp:featuredmedia":[{"embeddable":true,"href":"https:\/\/bihavadis.com\/index.php\/wp-json\/wp\/v2\/media\/41447"}],"wp:attachment":[{"href":"https:\/\/bihavadis.com\/index.php\/wp-json\/wp\/v2\/media?parent=41446"}],"wp:term":[{"taxonomy":"category","embeddable":true,"href":"https:\/\/bihavadis.com\/index.php\/wp-json\/wp\/v2\/categories?post=41446"},{"taxonomy":"post_tag","embeddable":true,"href":"https:\/\/bihavadis.com\/index.php\/wp-json\/wp\/v2\/tags?post=41446"}],"curies":[{"name":"wp","href":"https:\/\/api.w.org\/{rel}","templated":true}]}}