{"id":41528,"date":"2026-02-22T09:48:04","date_gmt":"2026-02-22T09:48:04","guid":{"rendered":"https:\/\/bihavadis.com\/?p=41528"},"modified":"2026-02-22T09:48:04","modified_gmt":"2026-02-22T09:48:04","slug":"cankayada-dayanisma-sofralari-kuruldu","status":"publish","type":"post","link":"https:\/\/bihavadis.com\/index.php\/2026\/02\/22\/cankayada-dayanisma-sofralari-kuruldu\/","title":{"rendered":"\u00c7ankaya&#8217;da Dayan\u0131\u015fma Sofralar\u0131 Kuruldu"},"content":{"rendered":"<p><b>\u00c7ankaya Belediyesi, Ramazan ay\u0131n\u0131n ilk iftar\u0131n\u0131 Cebeci, T\u00fcrk\u00f6z\u00fc ve \u00d6ve\u00e7ler Huzur Mahallesi\u2019nde kurdu\u011fu iftar \u00e7ad\u0131rlar\u0131nda vatanda\u015flarla birlikte ger\u00e7ekle\u015ftirdi. K\u0131z\u0131lay\u2019da iki ayr\u0131 noktada iftar \u00e7orbas\u0131 ikram\u0131nda bulunan belediye, Z\u00fcbeyde Han\u0131m Sosyal Tesisi\u2019nde \u015fehit yak\u0131nlar\u0131 ve gaziler onuruna d\u00fczenledi\u011fi yemekle ilk g\u00fcn program\u0131n\u0131 tamamlad\u0131.<\/b><\/p>\n<p><b>Ramazan ay\u0131n\u0131n ilk iftar\u0131nda \u015fehit aileleri ve gazilerle bir araya gelen \u00c7ankaya Belediye Ba\u015fkan\u0131 H\u00fcseyin Can G\u00fcner,\u00a0\u201cRamazan ay\u0131n\u0131n ilk iftar\u0131nda gazilerimiz ve \u015fehit ailelerimizle ayn\u0131 sofrada bulu\u015ftuk; dayan\u0131\u015fmay\u0131, umudu ve sevgiyi hep birlikte b\u00fcy\u00fctt\u00fck. Ramazan ay\u0131n\u0131n \u00fclkemize, milletimize ve t\u00fcm insanl\u0131\u011fa sa\u011fl\u0131k, huzur ve bereket getirmesini diliyor; t\u00fcm \u015fehitlerimizi rahmetle an\u0131yor, gazilerimize \u015f\u00fckranlar\u0131m\u0131 sunuyorum\u201d dedi.<\/b><\/p>\n<p>Ba\u015fkent\u2019in kalbi \u00c7ankaya\u2019da, Ramazan ay\u0131n\u0131n ilk iftar program\u0131 Z\u00fcbeyde Han\u0131m Sosyal Tesisinde d\u00fczenlendi. \u00c7ankaya Belediye Ba\u015fkan\u0131 H\u00fcseyin Can G\u00fcner, \u015fehit yak\u0131nlar\u0131, gaziler ve aileleri ile bir araya geldi. \u015eehit aileleri ve gazilerin toplumun en k\u0131ymetli emanetleri oldu\u011funu vurgulayan G\u00fcner, birlik ve dayan\u0131\u015fma mesaj\u0131 verdi.<\/p>\n<p>Ramazan ay\u0131n\u0131n payla\u015fma, hat\u0131rlama ve sahip \u00e7\u0131kma ay\u0131 oldu\u011funa dikkat \u00e7ekerek \u015fehitlerin fedakarl\u0131klar\u0131n\u0131n asla unutulmayaca\u011f\u0131n\u0131, belediye olarak her zaman ailelerin yan\u0131nda olmaya devam edeceklerini belirten H\u00fcseyin Can G\u00fcner,\u00a0\u201cRamazan ay\u0131n\u0131n ilk iftar\u0131nda gazilerimiz ve \u015fehit ailelerimizle ayn\u0131 sofrada bulu\u015ftuk; dayan\u0131\u015fmay\u0131, umudu ve sevgiyi hep birlikte b\u00fcy\u00fctt\u00fck. Ramazan ay\u0131n\u0131n \u00fclkemize, milletimize ve t\u00fcm insanl\u0131\u011fa sa\u011fl\u0131k, huzur ve bereket getirmesini diliyor; t\u00fcm \u015fehitlerimizi rahmetle an\u0131yor, gazilerimize \u015f\u00fckranlar\u0131m\u0131 sunuyorum\u201d \u015feklinde konu\u015ftu.\u00a0<\/p>\n<p><b>G\u00dcNER DAVETL\u0130LERLE TEK TEK \u0130LG\u0130LEND\u0130<\/b><\/p>\n<p>Ezan\u0131n okunmas\u0131yla birlikte y\u00fczlerce ki\u015fi ayn\u0131 sofrada orucunu a\u00e7t\u0131. \u0130lk lokmalar al\u0131n\u0131rken hem h\u00fcz\u00fcn hem de gurur hakim oldu. Ba\u015fkan G\u00fcner, davetlilerle tek tek ilgilenerek sohbet etti. \u0130ftar program\u0131nda yap\u0131lan dualar\u0131n ard\u0131ndan kat\u0131l\u0131mc\u0131lar, organizasyonun Ramazan\u2019\u0131n ruhuna yak\u0131\u015fan anlaml\u0131 bulu\u015fman\u0131n kendileri i\u00e7in ayr\u0131 bir de\u011fer ta\u015f\u0131d\u0131\u011f\u0131n\u0131 dile getirdi.<\/p>\n<p><b>3 SEMTTE \u00c7ADIR KURULDU<\/b><\/p>\n<p>\u00c7ankaya Belediyesi, il\u00e7enin \u00fc\u00e7 farkl\u0131 noktas\u0131nda kurdu\u011fu iftar \u00e7ad\u0131rlar\u0131 ile binlerce \u00c7ankayal\u0131 ile dayan\u0131\u015fma g\u00f6sterdi. Cebeci Camii \u00f6n\u00fc, T\u00fcrk\u00f6z\u00fc ve \u00d6ve\u00e7ler Huzur Mahallesi\u2019nde kurulan \u00e7ad\u0131rlarda vatanda\u015flar ilk iftar\u0131n\u0131 yapt\u0131. \u00c7ankaya Belediyesi, iftara yeti\u015femeyen Ba\u015fkentliler i\u00e7in Ba\u015fkanl\u0131k Binas\u0131 \u00f6n\u00fcnde ve G\u00fcvenpark\u2019ta iftar \u00e7orbas\u0131 ikram\u0131nda bulundu.\u00a0<\/p>\n<p>\u00a0<\/p>\n<p>Kaynak: (BYZHA) Beyaz Haber Ajans\u0131<\/p>\n","protected":false},"excerpt":{"rendered":"<p>\u00c7ankaya Belediyesi, Ramazan ay\u0131n\u0131n ilk iftar\u0131n\u0131 Cebeci, T\u00fcrk\u00f6z\u00fc ve \u00d6ve\u00e7ler Huzur Mahallesi\u2019nde kurdu\u011fu iftar \u00e7ad\u0131rlar\u0131nda vatanda\u015flarla birlikte ger\u00e7ekle\u015ftirdi.<\/p>\n","protected":false},"author":1,"featured_media":41529,"comment_status":"open","ping_status":"open","sticky":false,"template":"","format":"standard","meta":{"footnotes":""},"categories":[4],"tags":[372,2902,236,675,2903],"class_list":["post-41528","post","type-post","status-publish","format-standard","has-post-thumbnail","hentry","category-gundem","tag-belediye","tag-gaziler","tag-gun","tag-iftar","tag-sehit"],"_links":{"self":[{"href":"https:\/\/bihavadis.com\/index.php\/wp-json\/wp\/v2\/posts\/41528","targetHints":{"allow":["GET"]}}],"collection":[{"href":"https:\/\/bihavadis.com\/index.php\/wp-json\/wp\/v2\/posts"}],"about":[{"href":"https:\/\/bihavadis.com\/index.php\/wp-json\/wp\/v2\/types\/post"}],"author":[{"embeddable":true,"href":"https:\/\/bihavadis.com\/index.php\/wp-json\/wp\/v2\/users\/1"}],"replies":[{"embeddable":true,"href":"https:\/\/bihavadis.com\/index.php\/wp-json\/wp\/v2\/comments?post=41528"}],"version-history":[{"count":1,"href":"https:\/\/bihavadis.com\/index.php\/wp-json\/wp\/v2\/posts\/41528\/revisions"}],"predecessor-version":[{"id":41530,"href":"https:\/\/bihavadis.com\/index.php\/wp-json\/wp\/v2\/posts\/41528\/revisions\/41530"}],"wp:featuredmedia":[{"embeddable":true,"href":"https:\/\/bihavadis.com\/index.php\/wp-json\/wp\/v2\/media\/41529"}],"wp:attachment":[{"href":"https:\/\/bihavadis.com\/index.php\/wp-json\/wp\/v2\/media?parent=41528"}],"wp:term":[{"taxonomy":"category","embeddable":true,"href":"https:\/\/bihavadis.com\/index.php\/wp-json\/wp\/v2\/categories?post=41528"},{"taxonomy":"post_tag","embeddable":true,"href":"https:\/\/bihavadis.com\/index.php\/wp-json\/wp\/v2\/tags?post=41528"}],"curies":[{"name":"wp","href":"https:\/\/api.w.org\/{rel}","templated":true}]}}