{"id":41551,"date":"2026-02-22T10:06:06","date_gmt":"2026-02-22T10:06:06","guid":{"rendered":"https:\/\/bihavadis.com\/?p=41551"},"modified":"2026-02-22T10:06:06","modified_gmt":"2026-02-22T10:06:06","slug":"istanbulda-yasli-adami-doverek-olduren-supheliler-serbest-kaldi","status":"publish","type":"post","link":"https:\/\/bihavadis.com\/index.php\/2026\/02\/22\/istanbulda-yasli-adami-doverek-olduren-supheliler-serbest-kaldi\/","title":{"rendered":"\u0130stanbul&#8217;da ya\u015fl\u0131 adam\u0131 d\u00f6verek \u00f6ld\u00fcren \u015f\u00fcpheliler serbest kald\u0131"},"content":{"rendered":"<p>\u0130stanbul\u2019un Be\u015fikta\u015f il\u00e7esinde T\u00fcrkiye&#8217;yi aya\u011fa kald\u0131ran olay&#8230;<\/p>\n<p>Park yeri nedeniyle \u00e7\u0131kan kavgada 70 ya\u015f\u0131ndaki F.T. hayat\u0131n\u0131 kaybederken, 67 ya\u015f\u0131ndaki E.\u015e.\u2019nin komaya girdi\u011fi \u00f6\u011frenildi.<\/p>\n<p>Olay\u0131n ard\u0131ndan ortaya \u00e7\u0131kan bir detay ise kamuoyunda infial yaratt\u0131.\u00a0<\/p>\n<p><strong>ADAM \u00d6LD\u00dcR\u00dcP SERBEST BIRAKILDILAR<\/strong><\/p>\n<p>\u015e\u00fcphelilerden 2\u2019si hakk\u0131nda <em><b>&#8220;Kasten Yaralama&#8221;<\/b><\/em> su\u00e7undan i\u015flem yap\u0131ld\u0131\u011f\u0131 ve dosyalar\u0131n\u0131n ikmalen g\u00f6nderilmek \u00fczere adli makamlarca serbest b\u0131rak\u0131ld\u0131\u011f\u0131 bildirildi.<\/p>\n<p>Serbest b\u0131rak\u0131lma karar\u0131, olay\u0131n g\u00f6r\u00fcnt\u00fclerinin ortaya \u00e7\u0131kmas\u0131n\u0131n ard\u0131ndan sosyal medyada yo\u011fun ele\u015ftirilere yol a\u00e7t\u0131.<\/p>\n<p><img decoding=\"async\" src=\"https:\/\/bihavadis.com\/wp-content\/uploads\/2026\/02\/istanbulda-yasli-adami-doverek-olduren-supheliler-serbest-kaldi-0-3g2u3zl6.jpg\"\/><\/p>\n<p><strong>ARA\u00c7TAN ZORLA \u0130ND\u0130R\u0130L\u0130P DARBED\u0130LD\u0130<\/strong><\/p>\n<p>Olaya ili\u015fkin g\u00f6r\u00fcnt\u00fclerde ya\u015fl\u0131 adam\u0131n ara\u00e7tan zorla indirildi\u011fi ve \u00e7evredeki ki\u015filerin m\u00fcdahalesine ra\u011fmen sald\u0131r\u0131n\u0131n devam etti\u011fi g\u00f6r\u00fcld\u00fc.<\/p>\n<p>Silah seslerinin duyuldu\u011fu anlar\u0131n ard\u0131ndan taraflar\u0131n birbirine fiziksel sald\u0131r\u0131da bulundu\u011fu anlar da kayda ge\u00e7ti.<\/p>\n<p><img decoding=\"async\" src=\"https:\/\/bihavadis.com\/wp-content\/uploads\/2026\/02\/istanbulda-yasli-adami-doverek-olduren-supheliler-serbest-kaldi-1-eWWUYp7t.jpg\"\/><\/p>\n<p><strong>D\u00d6VD\u00dcKLER\u0130 YETMED\u0130 B\u0130R DE YERDE S\u00dcR\u00dcKLED\u0130LER<\/strong><\/p>\n<p>Cep telefonu kameras\u0131na yans\u0131yan g\u00f6r\u00fcnt\u00fclerde ayr\u0131ca 70 ya\u015f\u0131ndaki F.T.\u2019nin yere d\u00fc\u015ft\u00fc\u011f\u00fc, ba\u015f\u0131na ve v\u00fccuduna art arda tekme ve yumruklar savruldu\u011fu g\u00f6r\u00fcld\u00fc.<\/p>\n<p>Yerde hareketsiz kalan ya\u015fl\u0131 adam\u0131n bir s\u00fcre s\u00fcr\u00fcklendi\u011fi anlar da kay\u0131tlara ge\u00e7ti.<\/p>\n<p><img decoding=\"async\" src=\"https:\/\/bihavadis.com\/wp-content\/uploads\/2026\/02\/istanbulda-yasli-adami-doverek-olduren-supheliler-serbest-kaldi-2-cAxEKVRF.jpg\"\/><\/p>\n","protected":false},"excerpt":{"rendered":"<p>Be\u015fikta\u015f\u2019ta park yeri tart\u0131\u015fmas\u0131n\u0131n ard\u0131ndan \u00e7\u0131kan kavgada 70 ya\u015f\u0131ndaki adam d\u00f6v\u00fclerek \u00f6ld\u00fcr\u00fcl\u00fcrken bir ki\u015fi de komal\u0131k oldu. Ya\u015fl\u0131 adam\u0131 \u00f6ld\u00fcren \u015fah\u0131slar\u0131n g\u00f6zalt\u0131na al\u0131nd\u0131ktan sonra serbest b\u0131rak\u0131lmas\u0131 tepkilere neden oldu.<\/p>\n","protected":false},"author":1,"featured_media":41552,"comment_status":"open","ping_status":"open","sticky":false,"template":"","format":"standard","meta":{"footnotes":""},"categories":[4,13],"tags":[],"class_list":["post-41551","post","type-post","status-publish","format-standard","has-post-thumbnail","hentry","category-gundem","category-son-dakika"],"_links":{"self":[{"href":"https:\/\/bihavadis.com\/index.php\/wp-json\/wp\/v2\/posts\/41551","targetHints":{"allow":["GET"]}}],"collection":[{"href":"https:\/\/bihavadis.com\/index.php\/wp-json\/wp\/v2\/posts"}],"about":[{"href":"https:\/\/bihavadis.com\/index.php\/wp-json\/wp\/v2\/types\/post"}],"author":[{"embeddable":true,"href":"https:\/\/bihavadis.com\/index.php\/wp-json\/wp\/v2\/users\/1"}],"replies":[{"embeddable":true,"href":"https:\/\/bihavadis.com\/index.php\/wp-json\/wp\/v2\/comments?post=41551"}],"version-history":[{"count":1,"href":"https:\/\/bihavadis.com\/index.php\/wp-json\/wp\/v2\/posts\/41551\/revisions"}],"predecessor-version":[{"id":41556,"href":"https:\/\/bihavadis.com\/index.php\/wp-json\/wp\/v2\/posts\/41551\/revisions\/41556"}],"wp:featuredmedia":[{"embeddable":true,"href":"https:\/\/bihavadis.com\/index.php\/wp-json\/wp\/v2\/media\/41552"}],"wp:attachment":[{"href":"https:\/\/bihavadis.com\/index.php\/wp-json\/wp\/v2\/media?parent=41551"}],"wp:term":[{"taxonomy":"category","embeddable":true,"href":"https:\/\/bihavadis.com\/index.php\/wp-json\/wp\/v2\/categories?post=41551"},{"taxonomy":"post_tag","embeddable":true,"href":"https:\/\/bihavadis.com\/index.php\/wp-json\/wp\/v2\/tags?post=41551"}],"curies":[{"name":"wp","href":"https:\/\/api.w.org\/{rel}","templated":true}]}}