{"id":41575,"date":"2026-02-22T10:24:04","date_gmt":"2026-02-22T10:24:04","guid":{"rendered":"https:\/\/bihavadis.com\/?p=41575"},"modified":"2026-02-22T10:24:04","modified_gmt":"2026-02-22T10:24:04","slug":"kktc-izmir-baskonsoloslugu-heyeti-seferihisar-belediyesine-nezaket-ziyaretinde-bulundu","status":"publish","type":"post","link":"https:\/\/bihavadis.com\/index.php\/2026\/02\/22\/kktc-izmir-baskonsoloslugu-heyeti-seferihisar-belediyesine-nezaket-ziyaretinde-bulundu\/","title":{"rendered":"KKTC \u0130zmir Ba\u015fkonsoloslu\u011fu heyeti, Seferihisar Belediyesi&#8217;ne nezaket ziyaretinde bulundu"},"content":{"rendered":"<p>KKTC \u0130zmir Ba\u015fkonsolosu Mustafa Davulcu ve Muavin Konsolos Alp Bu\u011fra Bahad\u0131r G\u00fcltekin, Seferihisar\u2019da \u00e7e\u015fitli temaslar ger\u00e7ekle\u015ftirdi.<\/p>\n<p>Ziyaret kapsam\u0131nda yap\u0131lan g\u00f6r\u00fc\u015fmede, Kuzey K\u0131br\u0131s T\u00fcrk\u00a0Cumhuriyeti\u2019nin sahil kentleri ile Seferihisar aras\u0131ndaki tarihsel, k\u00fclt\u00fcrel ve turistik ortakl\u0131klar ele al\u0131nd\u0131. S\u00fcrd\u00fcr\u00fclebilir turizm anlay\u0131\u015f\u0131, k\u00fclt\u00fcrel miras\u0131n korunmas\u0131, gastronomi ve yerel \u00fcretim, kent kimli\u011fi ve sakin \u015fehir yakla\u015f\u0131m\u0131 ile kar\u015f\u0131l\u0131kl\u0131 turizm hareketlili\u011finin art\u0131r\u0131lmas\u0131 konular\u0131nda g\u00f6r\u00fc\u015f al\u0131\u015fveri\u015finde bulunuldu.<\/p>\n<p>Heyete ayr\u0131ca Seferihisar\u2019\u0131n simge yap\u0131lar\u0131ndan biri olan S\u0131\u011fac\u0131k Kalesi gezdirildi. Kale ziyareti s\u0131ras\u0131nda il\u00e7enin tarihi dokusu, do\u011fal g\u00fczellikleri ve turizm vizyonu hakk\u0131nda bilgilendirme yap\u0131ld\u0131.<\/p>\n<p>G\u00f6r\u00fc\u015fmede, k\u00fclt\u00fcrel etkinlik de\u011fi\u015fimleri, turizm alan\u0131nda ortak tan\u0131t\u0131m \u00e7al\u0131\u015fmalar\u0131 ile karde\u015f \u015fehir ili\u015fkileri ve proje bazl\u0131 i\u015f birliklerinin geli\u015ftirilmesi y\u00f6n\u00fcnde temaslar\u0131n s\u00fcrd\u00fcr\u00fclmesi konusunda kar\u015f\u0131l\u0131kl\u0131 iyi niyet ifade edildi.<\/p>\n<p>Ba\u015fkan Yeti\u015fkin: \u201cBu temaslar\u0131n somut projelere d\u00f6n\u00fc\u015fece\u011fine inan\u0131yoruz\u201d<\/p>\n<p>Seferihisar Belediye Ba\u015fkan\u0131 \u0130smail Yeti\u015fkin, ziyaretle ilgili yapt\u0131\u011f\u0131 de\u011ferlendirmede \u015fu ifadelere yer verdi:<br \/>\u201cKuzey K\u0131br\u0131s T\u00fcrk Cumhuriyeti ile tarihsel ve k\u00fclt\u00fcrel ba\u011flar\u0131m\u0131z olduk\u00e7a g\u00fc\u00e7l\u00fc. Ege ve Akdeniz\u2019in ortak ya\u015fam k\u00fclt\u00fcr\u00fc, yerel \u00fcretim anlay\u0131\u015f\u0131 ve s\u00fcrd\u00fcr\u00fclebilirlik yakla\u015f\u0131m\u0131 bizleri do\u011fal bir i\u015f birli\u011fi zemininde bulu\u015fturuyor.<br \/>Seferihisar olarak k\u00fclt\u00fcrel miras\u0131m\u0131z\u0131 koruyan, yerel \u00fcretimi destekleyen ve do\u011fayla uyumlu bir turizm anlay\u0131\u015f\u0131n\u0131 benimsiyoruz. Bu yakla\u015f\u0131m\u0131n K\u0131br\u0131s\u2019\u0131n sahil kentleriyle \u00f6rt\u00fc\u015fmesi, gelece\u011fe d\u00f6n\u00fck \u00f6nemli ortak projelerin hayata ge\u00e7irilmesine olanak sa\u011flayacakt\u0131r. Bu ziyaretin, turizm ve k\u00fclt\u00fcrel diplomasi a\u00e7\u0131s\u0131ndan somut ad\u0131mlarla devam edece\u011fine inan\u0131yoruz.\u201d<\/p>\n<p>Seferihisar\u2019\u0131n Ege\u2019deki konumu, \u00f6zg\u00fcn kent kimli\u011fi ve yerel \u00fcretime dayal\u0131 yap\u0131s\u0131; Kuzey K\u0131br\u0131s T\u00fcrk Cumhuriyeti\u2019nin sahil kentleriyle g\u00fc\u00e7l\u00fc ve kal\u0131c\u0131 i\u015f birlikleri kurulmas\u0131 a\u00e7\u0131s\u0131ndan \u00f6nemli bir potansiyel sunuyor.\u00a0<\/p>\n<p>Ger\u00e7ekle\u015ftirilen bu ziyaretin, \u00f6n\u00fcm\u00fczdeki s\u00fcre\u00e7te ortak projelerle peki\u015ftirilmesi hedefleniyor.<\/p>\n<p>\u00a0<\/p>\n<p>Kaynak: (BYZHA) Beyaz Haber Ajans\u0131<\/p>\n","protected":false},"excerpt":{"rendered":"<p>KKTC \u0130zmir Ba\u015fkonsolosu Mustafa Davulcu ve Muavin Konsolos Alp Bu\u011fra Bahad\u0131r G\u00fcltekin, Seferihisar\u2019da \u00e7e\u015fitli temaslar ger\u00e7ekle\u015ftirdi.<\/p>\n","protected":false},"author":1,"featured_media":41576,"comment_status":"open","ping_status":"open","sticky":false,"template":"","format":"standard","meta":{"footnotes":""},"categories":[4],"tags":[1380,5767,3848,3178,511],"class_list":["post-41575","post","type-post","status-publish","format-standard","has-post-thumbnail","hentry","category-gundem","tag-kent","tag-kulturel","tag-ortak","tag-seferihisar","tag-turizm"],"_links":{"self":[{"href":"https:\/\/bihavadis.com\/index.php\/wp-json\/wp\/v2\/posts\/41575","targetHints":{"allow":["GET"]}}],"collection":[{"href":"https:\/\/bihavadis.com\/index.php\/wp-json\/wp\/v2\/posts"}],"about":[{"href":"https:\/\/bihavadis.com\/index.php\/wp-json\/wp\/v2\/types\/post"}],"author":[{"embeddable":true,"href":"https:\/\/bihavadis.com\/index.php\/wp-json\/wp\/v2\/users\/1"}],"replies":[{"embeddable":true,"href":"https:\/\/bihavadis.com\/index.php\/wp-json\/wp\/v2\/comments?post=41575"}],"version-history":[{"count":1,"href":"https:\/\/bihavadis.com\/index.php\/wp-json\/wp\/v2\/posts\/41575\/revisions"}],"predecessor-version":[{"id":41577,"href":"https:\/\/bihavadis.com\/index.php\/wp-json\/wp\/v2\/posts\/41575\/revisions\/41577"}],"wp:featuredmedia":[{"embeddable":true,"href":"https:\/\/bihavadis.com\/index.php\/wp-json\/wp\/v2\/media\/41576"}],"wp:attachment":[{"href":"https:\/\/bihavadis.com\/index.php\/wp-json\/wp\/v2\/media?parent=41575"}],"wp:term":[{"taxonomy":"category","embeddable":true,"href":"https:\/\/bihavadis.com\/index.php\/wp-json\/wp\/v2\/categories?post=41575"},{"taxonomy":"post_tag","embeddable":true,"href":"https:\/\/bihavadis.com\/index.php\/wp-json\/wp\/v2\/tags?post=41575"}],"curies":[{"name":"wp","href":"https:\/\/api.w.org\/{rel}","templated":true}]}}