{"id":41721,"date":"2026-02-22T12:15:05","date_gmt":"2026-02-22T12:15:05","guid":{"rendered":"https:\/\/bihavadis.com\/?p=41721"},"modified":"2026-02-22T12:15:05","modified_gmt":"2026-02-22T12:15:05","slug":"kandira-belediyesi-ramazanla-birlikte-camilerde-temizlik-seferberligi-baslatti","status":"publish","type":"post","link":"https:\/\/bihavadis.com\/index.php\/2026\/02\/22\/kandira-belediyesi-ramazanla-birlikte-camilerde-temizlik-seferberligi-baslatti\/","title":{"rendered":"Kand\u0131ra Belediyesi Ramazanla Birlikte Camilerde Temizlik Seferberli\u011fi Ba\u015flatt\u0131"},"content":{"rendered":"<p><span><span><span><span><span><span>Kand\u0131ra Belediyesi, m\u00fcbarek Ramazan ay\u0131 kapsam\u0131nda il\u00e7e genelindeki cami, mescit ve Kur\u2019an kurslar\u0131nda kapsaml\u0131 temizlik \u00e7al\u0131\u015fmalar\u0131 y\u00fcr\u00fct\u00fcyor. <\/span><\/span><\/span><\/span><\/span><\/span><\/p>\n<p><span><span><span><span><span><span>Merkez ve mahallelerde bulunan ibadethanelerde titizlikle s\u00fcrd\u00fcr\u00fclen \u00e7al\u0131\u015fmalarla, vatanda\u015flar\u0131n Ramazan ay\u0131n\u0131 huzurlu ve temiz bir ortamda ge\u00e7irmesi hedefleniyor.<\/span><\/span><\/span><\/span><\/span><\/span><\/p>\n<p><span><span><span><span><span><span>Belediye ekipleri, cami dernekleri ve mahalle muhtarlar\u0131ndan gelen talepler do\u011frultusunda il\u00e7edeki t\u00fcm camilerde temizlik faaliyetlerini aral\u0131ks\u0131z s\u00fcrd\u00fcr\u00fcyor. <\/span><\/span><\/span><\/span><\/span><\/span><\/p>\n<p><span><span><span><span><span><span>\u00c7al\u0131\u015fmalar kapsam\u0131nda cami hal\u0131lar\u0131 y\u0131kanarak yerlerine seriliyor, avlu ve \u00e7evre d\u00fczenlemeleri yap\u0131l\u0131yor, tuvaletler ile ortak kullan\u0131m alanlar\u0131n\u0131n bak\u0131m ve temizli\u011fi ger\u00e7ekle\u015ftiriliyor.<\/span><\/span><\/span><\/span><\/span><\/span><\/p>\n<p><span><span><span><span><span><span>Kand\u0131ra Belediyesi Temizlik \u0130\u015fleri M\u00fcd\u00fcrl\u00fc\u011f\u00fc ekiplerince y\u00fcr\u00fct\u00fclen \u00e7al\u0131\u015fmalarla ibadethaneler, Ramazan ay\u0131n\u0131n manevi atmosferine uygun hale getiriliyor.<\/span><\/span><\/span><\/span><\/span><\/span><\/p>\n<p><span><span><span><span><span><span>Konuya ili\u015fkin a\u00e7\u0131klamalarda bulunan Kand\u0131ra Belediye Ba\u015fkan\u0131 Erol \u00d6lmez, Ramazan ay\u0131n\u0131n manevi \u00f6nemine dikkat \u00e7ekerek \u015funlar\u0131 s\u00f6yledi:<\/span><\/span><\/span><\/span><\/span><\/span><\/p>\n<p><span><span><span><span><span><span>\u201cRamazan ay\u0131, ibadetlerin ve manevi de\u011ferlerin en yo\u011fun \u015fekilde ya\u015fand\u0131\u011f\u0131 m\u00fcstesna bir d\u00f6nemdir. Kand\u0131ra Belediyesi olarak, hem\u015fehrilerimizin ibadetlerini daha temiz, sa\u011fl\u0131kl\u0131 ve huzurlu bir ortamda yapabilmeleri i\u00e7in camilerimizde talepler do\u011frultusunda temizlik \u00e7al\u0131\u015fmalar\u0131m\u0131z\u0131 y\u00fcr\u00fct\u00fcyoruz. Bu \u00e7al\u0131\u015fmalar\u0131m\u0131z Ramazan ay\u0131 boyunca devam edecek. Vatanda\u015flar\u0131m\u0131z g\u00f6n\u00fcl rahatl\u0131\u011f\u0131yla ibadetlerini ger\u00e7ekle\u015ftirebilecekler.\u201d<\/span><\/span><\/span><\/span><\/span><\/span><\/p>\n<p><span><span><span><span><span><span>Cami dernek y\u00f6neticileri ve cemaatler de belediyenin y\u00fcr\u00fctt\u00fc\u011f\u00fc temizlik \u00e7al\u0131\u015fmalar\u0131ndan duyduklar\u0131 memnuniyeti dile getirdi. <\/span><\/span><\/span><\/span><\/span><\/span><\/p>\n<p><span><span><span><span><span><span>Yap\u0131lan a\u00e7\u0131klamalarda, camilerin temizlik sorumlulu\u011funun belediye taraf\u0131ndan \u00fcstlenilmesinin \u00f6rnek bir hizmet oldu\u011funa vurgu yap\u0131larak \u015fu ifadelere yer verildi:<\/span><\/span><\/span><\/span><\/span><\/span><\/p>\n<p><span><span><span><span><span><span>\u201cBa\u015fkan\u0131m\u0131zdan Allah raz\u0131 olsun. Hem y\u0131ll\u0131k genel temizliklerde hem de Ramazan-\u0131 \u015eerif ve bayramlar gibi \u00f6zel ve m\u00fcbarek g\u00fcnler \u00f6ncesinde ibadethanelerimiz b\u00fcy\u00fck bir titizlikle temizleniyor. Her anlamda desteklerini esirgemeyen Belediye Ba\u015fkan\u0131m\u0131z Erol \u00d6lmez\u2019e ve ekiplerine te\u015fekk\u00fcr ediyoruz.\u201d<\/span><\/span><\/span><\/span><\/span><\/span><\/p>\n<p><span><span><span><span><span><span>Kand\u0131ra Belediyesi, Ramazan ay\u0131 boyunca ibadethanelerdeki temizlik ve bak\u0131m \u00e7al\u0131\u015fmalar\u0131n\u0131 s\u00fcrd\u00fcrerek, vatanda\u015flar\u0131n manevi iklimi en g\u00fczel \u015fekilde ya\u015famalar\u0131na katk\u0131 sa\u011flamaya devam edecek.<\/span><\/span><\/span><\/span><\/span><\/span><\/p>\n<p>\u00a0<\/p>\n<p>\u00a0<\/p>\n<p>Kaynak: (BYZHA) Beyaz Haber Ajans\u0131<\/p>\n","protected":false},"excerpt":{"rendered":"<p>Kand\u0131ra Belediyesi, m\u00fcbarek Ramazan ay\u0131 kapsam\u0131nda il\u00e7e genelindeki cami, mescit ve Kur\u2019an kurslar\u0131nda kapsaml\u0131 temizlik \u00e7al\u0131\u015fmalar\u0131 y\u00fcr\u00fct\u00fcyor.<\/p>\n","protected":false},"author":1,"featured_media":41722,"comment_status":"open","ping_status":"open","sticky":false,"template":"","format":"standard","meta":{"footnotes":""},"categories":[4],"tags":[1172,1704,1023],"class_list":["post-41721","post","type-post","status-publish","format-standard","has-post-thumbnail","hentry","category-gundem","tag-cami","tag-ramazan-ayi","tag-temizlik"],"_links":{"self":[{"href":"https:\/\/bihavadis.com\/index.php\/wp-json\/wp\/v2\/posts\/41721","targetHints":{"allow":["GET"]}}],"collection":[{"href":"https:\/\/bihavadis.com\/index.php\/wp-json\/wp\/v2\/posts"}],"about":[{"href":"https:\/\/bihavadis.com\/index.php\/wp-json\/wp\/v2\/types\/post"}],"author":[{"embeddable":true,"href":"https:\/\/bihavadis.com\/index.php\/wp-json\/wp\/v2\/users\/1"}],"replies":[{"embeddable":true,"href":"https:\/\/bihavadis.com\/index.php\/wp-json\/wp\/v2\/comments?post=41721"}],"version-history":[{"count":1,"href":"https:\/\/bihavadis.com\/index.php\/wp-json\/wp\/v2\/posts\/41721\/revisions"}],"predecessor-version":[{"id":41723,"href":"https:\/\/bihavadis.com\/index.php\/wp-json\/wp\/v2\/posts\/41721\/revisions\/41723"}],"wp:featuredmedia":[{"embeddable":true,"href":"https:\/\/bihavadis.com\/index.php\/wp-json\/wp\/v2\/media\/41722"}],"wp:attachment":[{"href":"https:\/\/bihavadis.com\/index.php\/wp-json\/wp\/v2\/media?parent=41721"}],"wp:term":[{"taxonomy":"category","embeddable":true,"href":"https:\/\/bihavadis.com\/index.php\/wp-json\/wp\/v2\/categories?post=41721"},{"taxonomy":"post_tag","embeddable":true,"href":"https:\/\/bihavadis.com\/index.php\/wp-json\/wp\/v2\/tags?post=41721"}],"curies":[{"name":"wp","href":"https:\/\/api.w.org\/{rel}","templated":true}]}}