{"id":41738,"date":"2026-02-22T12:30:05","date_gmt":"2026-02-22T12:30:05","guid":{"rendered":"https:\/\/bihavadis.com\/?p=41738"},"modified":"2026-02-22T12:30:05","modified_gmt":"2026-02-22T12:30:05","slug":"btm-genel-muduru-yilin-kareleri-oylamasina-katildi","status":"publish","type":"post","link":"https:\/\/bihavadis.com\/index.php\/2026\/02\/22\/btm-genel-muduru-yilin-kareleri-oylamasina-katildi\/","title":{"rendered":"BTM Genel M\u00fcd\u00fcr\u00fc, Y\u0131l\u0131n Kareleri Oylamas\u0131na Kat\u0131ld\u0131"},"content":{"rendered":"<p>Bilgiyi Ticarile\u015ftirme Merkezi (BTM) Genel M\u00fcd\u00fcr\u00fc \u00d6nder Kul, Anadolu Ajans\u0131n\u0131n (AA) g\u00f6z\u00fcnden 2025&#8217;e damga vuran olaylara ait foto\u011fraflar\u0131n yer ald\u0131\u011f\u0131 &#8220;Y\u0131l\u0131n Kareleri&#8221; oylamas\u0131na kat\u0131ld\u0131.<\/p>\n<p>Kul, lifebox, AJet ve ROKETSAN sponsorlu\u011funda d\u00fczenlenen yar\u0131\u015fmada, AA foto muhabirleri ve muhabirlerinin 2025 y\u0131l\u0131nda T\u00fcrkiye ve d\u00fcnya g\u00fcndeminde yank\u0131 uyand\u0131ran 6 kategorideki 112 foto\u011fraf\u0131n\u0131 inceledi.<\/p>\n<p>\u00d6nder Kul, &#8220;Gazze: A\u00e7l\u0131k&#8221; kategorisinde, Moiz Salhi&#8217;nin &#8220;Gazze&#8217;de a\u00e7l\u0131kla m\u00fccadele eden Filistinlilere yemek da\u011f\u0131t\u0131ld\u0131&#8221;, &#8220;Portre&#8221; kategorisinde Mehmet Futsi&#8217;nin &#8220;Gizli y\u00fcz&#8221; adl\u0131 foto\u011fraf\u0131na oy verdi.<\/p>\n<p>&#8220;Haber&#8221; kategorisinde Mahmut Serdar Alaku\u015f&#8217;un &#8220;Ayn\u0131 \u015femsiyenin alt\u0131nda&#8221;, &#8220;Spor&#8221; kategorisinde B\u00fcnyamin \u00c7elik&#8217;in &#8220;Statlar\u0131n dili&#8221;, &#8220;Do\u011fal Ya\u015fam ve \u00c7evre&#8221; kategorisinde \u00d6zg\u00fcn Tiran&#8217;\u0131n &#8220;Ye\u015filin sonu&#8221; karelerini se\u00e7en Kul, &#8220;G\u00fcnl\u00fck Hayat&#8221; kategorisinde ise \u0130sa Terli&#8217;nin &#8220;Dolunay sefas\u0131&#8221; adl\u0131 foto\u011fraf\u0131n\u0131 oylad\u0131.<\/p>\n<p>&#8220;100 y\u0131l\u0131n\u0131 devirmi\u015f bir \u00e7\u0131nar olarak hepiniz bizlerin g\u00f6z\u00fcnde ayr\u0131 yerdesiniz&#8221;<\/p>\n<p>Kul, Anadolu Ajans\u0131n\u0131n 100 y\u0131l\u0131 a\u015fk\u0131n bir kurum oldu\u011funa i\u015faret ederek, &#8220;Bu zamanda temiz bilgiye bu kadar a\u00e7 oldu\u011fumuz, d\u00fcnyan\u0131n bilgisinin ve bilgi alma kaynaklar\u0131n\u0131n bu kadar kirlendi\u011fi bir d\u00f6nemde, Anadolu Ajans\u0131n\u0131n ve tabii ki \u00e7al\u0131\u015fanlar\u0131n\u0131n yapt\u0131klar\u0131 vazife \u00e7ok daha \u00f6nem kazan\u0131yor bizim g\u00f6z\u00fcm\u00fczde. 100 y\u0131l\u0131n\u0131 devirmi\u015f bir \u00e7\u0131nar olarak da hepiniz bizlerin g\u00f6z\u00fcnde ayr\u0131 yerdesiniz, ayr\u0131 k\u0131ymetlisiniz. D\u00fcnyan\u0131n her bir taraf\u0131ndan burada foto\u011fraflar g\u00f6r\u00fcyoruz. Her biri yine Anadolu Ajans\u0131n\u0131n d\u00fcnyan\u0131n 7 k\u0131tas\u0131nda \u00e7ekmi\u015f olduklar\u0131, baz\u0131s\u0131 su alt\u0131nda baz\u0131s\u0131 su \u00fcst\u00fcnde, baz\u0131s\u0131 \u00e7ok ciddi mesajlar i\u00e7erirken baz\u0131s\u0131 m\u00fcthi\u015f g\u00f6rselliklere sahip. Dolay\u0131s\u0131yla elinize eme\u011finize sa\u011fl\u0131k. Bunun nice y\u00fczy\u0131llar daha devam etmesini ve \u00fclkemize, milletimize bu \u015fekilde hizmet etmenizi temenni ederim.&#8221; ifadelerini kulland\u0131.<\/p>\n<p>Oylama<\/p>\n<p>AA&#8217;n\u0131n 2012 y\u0131l\u0131ndan bu yana d\u00fczenledi\u011fi yar\u0131\u015fmada bu y\u0131l &#8220;Haber&#8221;, &#8220;Do\u011fal Ya\u015fam ve \u00c7evre&#8221;, &#8220;Spor&#8221; ve &#8220;G\u00fcnl\u00fck Hayat&#8221; olmak \u00fczere 4 ana kategorinin yan\u0131 s\u0131ra &#8220;Gazze: A\u00e7l\u0131k&#8221; ve &#8220;Portre&#8221; ba\u015fl\u0131kl\u0131 2 \u00f6zel kategori yer al\u0131yor.<\/p>\n<p>T\u00fcrk\u00e7e ve \u0130ngilizce altyaz\u0131yla d\u00fcnya genelinde yap\u0131lan oylamaya kat\u0131lanlar, istedikleri say\u0131da foto\u011frafa oy verebiliyor.<\/p>\n<p>Oylama, &#8220;yilinkareleri.aa.com.tr&#8221; internet sitesinden 15 \u015eubat Pazar g\u00fcn\u00fc saat 17.00&#8217;ye kadar devam edecek.<\/p>\n","protected":false},"excerpt":{"rendered":"<p>\u00d6nder Kul, Anadolu Ajans\u0131&#8217;n\u0131n 2025 Y\u0131l\u0131n Kareleri oylamas\u0131nda \u00f6nemli foto\u011fraflar\u0131 se\u00e7ti.<\/p>\n","protected":false},"author":1,"featured_media":0,"comment_status":"open","ping_status":"open","sticky":false,"template":"","format":"standard","meta":{"footnotes":""},"categories":[6],"tags":[437,311,312,3405,859],"class_list":["post-41738","post","type-post","status-publish","format-standard","hentry","category-dunya","tag-dunya","tag-foto","tag-kategorisinde","tag-kul","tag-yili"],"_links":{"self":[{"href":"https:\/\/bihavadis.com\/index.php\/wp-json\/wp\/v2\/posts\/41738","targetHints":{"allow":["GET"]}}],"collection":[{"href":"https:\/\/bihavadis.com\/index.php\/wp-json\/wp\/v2\/posts"}],"about":[{"href":"https:\/\/bihavadis.com\/index.php\/wp-json\/wp\/v2\/types\/post"}],"author":[{"embeddable":true,"href":"https:\/\/bihavadis.com\/index.php\/wp-json\/wp\/v2\/users\/1"}],"replies":[{"embeddable":true,"href":"https:\/\/bihavadis.com\/index.php\/wp-json\/wp\/v2\/comments?post=41738"}],"version-history":[{"count":1,"href":"https:\/\/bihavadis.com\/index.php\/wp-json\/wp\/v2\/posts\/41738\/revisions"}],"predecessor-version":[{"id":41739,"href":"https:\/\/bihavadis.com\/index.php\/wp-json\/wp\/v2\/posts\/41738\/revisions\/41739"}],"wp:attachment":[{"href":"https:\/\/bihavadis.com\/index.php\/wp-json\/wp\/v2\/media?parent=41738"}],"wp:term":[{"taxonomy":"category","embeddable":true,"href":"https:\/\/bihavadis.com\/index.php\/wp-json\/wp\/v2\/categories?post=41738"},{"taxonomy":"post_tag","embeddable":true,"href":"https:\/\/bihavadis.com\/index.php\/wp-json\/wp\/v2\/tags?post=41738"}],"curies":[{"name":"wp","href":"https:\/\/api.w.org\/{rel}","templated":true}]}}