{"id":41762,"date":"2026-02-22T12:51:06","date_gmt":"2026-02-22T12:51:06","guid":{"rendered":"https:\/\/bihavadis.com\/?p=41762"},"modified":"2026-02-22T12:51:06","modified_gmt":"2026-02-22T12:51:06","slug":"sultan-2-murad-han-anildi","status":"publish","type":"post","link":"https:\/\/bihavadis.com\/index.php\/2026\/02\/22\/sultan-2-murad-han-anildi\/","title":{"rendered":"Sultan 2. Murad Han An\u0131ld\u0131"},"content":{"rendered":"<p>Sultan 2. Murad Han, vefat\u0131n\u0131n 575. y\u0131l\u0131nda Bursa&#8217;daki kabri ba\u015f\u0131nda an\u0131ld\u0131.<\/p>\n<p>Vak\u0131flar B\u00f6lge M\u00fcd\u00fcrl\u00fc\u011f\u00fc \u00f6nc\u00fcl\u00fc\u011f\u00fcnde Muradiye K\u00fclliyesi&#8217;nde d\u00fczenlenen t\u00f6rende konu\u015fan Bursa Vak\u0131flar B\u00f6lge M\u00fcd\u00fcr\u00fc Haluk Y\u0131ld\u0131z, Sultan 2. Murad&#8217;\u0131n adil, c\u00f6mert, d\u00fcr\u00fcst, mutedil, m\u00fc\u015ffik, duygusal, iyi kalpli, tasavvufa, sanata ve ilme merakl\u0131, hay\u0131rsever bir h\u00fck\u00fcmdar olarak tasvir edildi\u011fini s\u00f6yledi.<\/p>\n<p>Y\u0131ld\u0131z, Sultan 2. Murad&#8217;\u0131n f\u00fctuhatla ge\u00e7en 30 y\u0131ll\u0131k saltanat\u0131nda fethedilen b\u00f6lgeleri gerek do\u011frudan kendisinin kurdu\u011funu, gerek te\u015fvik etti\u011fi, destekledi\u011fi, ihya ve imar etti\u011fini, yerle\u015fim birimlerini say\u0131s\u0131z vak\u0131f eserleriyle donatt\u0131\u011f\u0131n\u0131 ifade etti.<\/p>\n<p>Sultan 2. Murad&#8217;\u0131n, 3 \u015eubat 1451&#8217;de vefat etti\u011fini belirten Y\u0131ld\u0131z, &#8220;Vefat\u0131n\u0131n 575. y\u0131l d\u00f6n\u00fcm\u00fcnde Sultan 2. Murad&#8217;\u0131n ruhu \u015fad, mekan\u0131 cennet olsun.&#8221; dedi.<\/p>\n<p>Konu\u015fman\u0131n ard\u0131ndan t\u00fcrbe ziyaret edildi, Kur&#8217;an-\u0131 Kerim okundu ve dualar edildi.<\/p>\n<p>T\u00f6rene, K\u00fclt\u00fcr ve Turizm \u0130l M\u00fcd\u00fcr\u00fc Kamil \u00d6zer ve \u00e7ok say\u0131da ki\u015fi kat\u0131ld\u0131.<\/p>\n","protected":false},"excerpt":{"rendered":"<p>Sultan 2. Murad Han, vefat\u0131n\u0131n 575. y\u0131l\u0131nda Bursa&#8217;da d\u00fczenlenen t\u00f6renle an\u0131ld\u0131.<\/p>\n","protected":false},"author":1,"featured_media":0,"comment_status":"open","ping_status":"open","sticky":false,"template":"","format":"standard","meta":{"footnotes":""},"categories":[9,4,13],"tags":[5782],"class_list":["post-41762","post","type-post","status-publish","format-standard","hentry","category-genel","category-gundem","category-son-dakika","tag-sultan-2-murad"],"_links":{"self":[{"href":"https:\/\/bihavadis.com\/index.php\/wp-json\/wp\/v2\/posts\/41762","targetHints":{"allow":["GET"]}}],"collection":[{"href":"https:\/\/bihavadis.com\/index.php\/wp-json\/wp\/v2\/posts"}],"about":[{"href":"https:\/\/bihavadis.com\/index.php\/wp-json\/wp\/v2\/types\/post"}],"author":[{"embeddable":true,"href":"https:\/\/bihavadis.com\/index.php\/wp-json\/wp\/v2\/users\/1"}],"replies":[{"embeddable":true,"href":"https:\/\/bihavadis.com\/index.php\/wp-json\/wp\/v2\/comments?post=41762"}],"version-history":[{"count":1,"href":"https:\/\/bihavadis.com\/index.php\/wp-json\/wp\/v2\/posts\/41762\/revisions"}],"predecessor-version":[{"id":41763,"href":"https:\/\/bihavadis.com\/index.php\/wp-json\/wp\/v2\/posts\/41762\/revisions\/41763"}],"wp:attachment":[{"href":"https:\/\/bihavadis.com\/index.php\/wp-json\/wp\/v2\/media?parent=41762"}],"wp:term":[{"taxonomy":"category","embeddable":true,"href":"https:\/\/bihavadis.com\/index.php\/wp-json\/wp\/v2\/categories?post=41762"},{"taxonomy":"post_tag","embeddable":true,"href":"https:\/\/bihavadis.com\/index.php\/wp-json\/wp\/v2\/tags?post=41762"}],"curies":[{"name":"wp","href":"https:\/\/api.w.org\/{rel}","templated":true}]}}