{"id":41773,"date":"2026-02-22T13:03:04","date_gmt":"2026-02-22T13:03:04","guid":{"rendered":"https:\/\/bihavadis.com\/?p=41773"},"modified":"2026-02-22T13:03:04","modified_gmt":"2026-02-22T13:03:04","slug":"torbalida-dayanisma-ve-ramazan-coskusu","status":"publish","type":"post","link":"https:\/\/bihavadis.com\/index.php\/2026\/02\/22\/torbalida-dayanisma-ve-ramazan-coskusu\/","title":{"rendered":"Torbal\u0131&#8217;da Dayan\u0131\u015fma ve Ramazan Co\u015fkusu"},"content":{"rendered":"<p><span><span><span><span><span><span>Torbal\u0131 Belediyesi, Ramazan boyunca hem sosyal yard\u0131mlar\u0131 art\u0131racak hem de Ramazan ruhunu ya\u015fatacak \u00e7e\u015fitli etkinlikler d\u00fczenleyecek. Bu kapsamda Torbal\u0131 Belediyesi, bu Ramazan ay\u0131nda dayan\u0131\u015fmay\u0131 g\u00fc\u00e7lendirmek i\u00e7in yo\u011fun bir \u00e7al\u0131\u015fma y\u00fcr\u00fctecek. \u0130lk olarak Ramazan ay\u0131 \u00f6ncesi il\u00e7edeki t\u00fcm camiler hal\u0131lar\u0131ndan camlar\u0131na, avlular\u0131ndan abdesthanelerine temizlendi. G\u00fcl kokusuyla misler gibi kokan camilerle Ramazan ay\u0131n\u0131 kar\u015f\u0131lad\u0131klar\u0131n\u0131 ifade eden Ba\u015fkan Demir, Ramazan ay\u0131 boyunca Torbal\u0131\u2019da ger\u00e7ekle\u015ftirilecek \u00e7al\u0131\u015fmalar\u0131 da aktard\u0131.\u00a0 \u0130l\u00e7ede 6 ayr\u0131 noktada toplamda 13 bin ki\u015filik toplu iftar organizasyonu ger\u00e7ekle\u015ftireceklerini ifade eden Torbal\u0131 Belediye Ba\u015fkan\u0131 \u00d6v\u00fcn\u00e7 Demir, ayr\u0131ca evinde yemek yapamayacak durumda olan, yaln\u0131z ya\u015fayan ya\u015fl\u0131lar ve ihtiya\u00e7 sahibi vatanda\u015flara Ramazan ay\u0131 boyunca toplam 9 bin s\u0131cak iftar yeme\u011fi ula\u015ft\u0131r\u0131laca\u011f\u0131n\u0131 a\u00e7\u0131klad\u0131. \u0130lk g\u00fcn\u00fcn iftarl\u0131klar\u0131n\u0131n da\u011f\u0131t\u0131m\u0131 tamamland\u0131\u011f\u0131n\u0131 ifade eden Ba\u015fkan Demir, Ayr\u0131ca il\u00e7edeki 6 bin haneye Ramazan kolisi da\u011f\u0131t\u0131laca\u011f\u0131n\u0131 ve b\u00f6ylece dayan\u0131\u015fmay\u0131 g\u00fc\u00e7lendirileceklerini ifade etti.<\/span><\/span><\/span><\/span><\/span><\/span><\/p>\n<p><span><span><span><b><span><span><span>\u0130FTAR VE SAHURDA \u00c7ORBA DA\u011eITIMI<\/span><\/span><\/span><\/b><\/span><\/span><\/span><\/p>\n<p><span><span><span><span><span><span>\u00d6te yandan Torbal\u0131\u2019da iftara yeti\u015femeyen vatanda\u015flar da unutulmad\u0131. D\u00fcn ilk iftarda Tepek\u00f6y \u0130ZBAN \u0130stasyonu\u2019nda iftara ge\u00e7 kalan vatanda\u015flara \u00e7orba da\u011f\u0131tan Ba\u015fkan Demir, Tepek\u00f6y, Torbal\u0131 ve Pancar \u0130ZBAN istasyonlar\u0131nda ramazan ay\u0131 boyunca iftar saatinde \u00e7orba ikram\u0131 yap\u0131laca\u011f\u0131n\u0131, Torbal\u0131 Devlet Hastanesi\u2019nde ise refakat\u00e7ilere ve acil servise gelen vatanda\u015flara sahur saatinde \u00e7orba da\u011f\u0131t\u0131laca\u011f\u0131n\u0131 belirtti. \u0130htiya\u00e7 sahibi vatanda\u015flar\u0131n her zaman belediyeye ula\u015fabilece\u011fini hat\u0131rlatan Demir, \u201cG\u00f6z\u00fcm\u00fczden ka\u00e7an, ula\u015famad\u0131\u011f\u0131m\u0131z ki\u015filer i\u00e7in (0232) 856 66 66 numaral\u0131 ileti\u015fim hatt\u0131m\u0131zdan 7 g\u00fcn 24 saat bize ula\u015fabilirsiniz. Ayn\u0131 numara WhatsApp hatt\u0131m\u0131z olarak da hizmet vermektedir\u201d dedi.<\/span><\/span><\/span><\/span><\/span><\/span><\/p>\n<p><span><span><span><b><span><span><span>BA\u015eKAN DEM\u0130R: \u00c7OCUKLU\u011eUMUZDA YA\u015eADI\u011eIMIZ RAMAZAN K\u00dcLT\u00dcR\u00dcN\u00dc \u00c7OCUKLARIMIZA YA\u015eATACA\u011eIZ<\/span><\/span><\/span><\/b><\/span><\/span><\/span><\/p>\n<p><span><span><span><span><span><span>Ba\u015fkan \u00d6v\u00fcn\u00e7 Demir ile birlikte Torbal\u0131\u2019da bir ramazan gelene\u011fi haline gelen Ramazan Soka\u011f\u0131 etkinlikleri ise olumsuz hava ko\u015fullar\u0131 nedeniyle 5\u201318 Mart tarihleri aras\u0131nda ger\u00e7ekle\u015ftirilecek. Bu etkinliklerde \u00e7e\u015fitli k\u00fclt\u00fcrel programlar ve ailelerin keyifle vakit ge\u00e7irebilece\u011fi aktiviteler yer alacak. Ba\u015fkan Demir, \u00e7ocuklu\u011funda ya\u015fad\u0131\u011f\u0131 eski Ramazan ruhunu ve k\u00fclt\u00fcr\u00fcn\u00fc \u00e7ocuklara da ya\u015fatmay\u0131 hedeflediklerini ifade etti. A\u00e7\u0131klamas\u0131n\u0131 Ramazan\u2019\u0131n birlik ve bereket dolu bir ay olmas\u0131 temennisiyle sonland\u0131ran Ba\u015fkan Demir, \u201cRabbim bayrama sa\u011fl\u0131kla kavu\u015fmay\u0131 nasip etsin. \u0130l\u00e7emizin, \u0130zmir\u2019imizin ve \u00fclkemizin Ramazan ay\u0131n\u0131 en kalbi duygular\u0131mla kutluyor, sa\u011fl\u0131k, huzur ve bereket dolu bir ay diliyorum. Ramazan\u0131m\u0131z m\u00fcbarek olsun.\u201d dedi.<\/span><\/span><\/span><\/span><\/span><\/span><\/p>\n<p>\u00a0<\/p>\n<p>Kaynak: (BYZHA) Beyaz Haber Ajans\u0131<\/p>\n","protected":false},"excerpt":{"rendered":"<p>Torbal\u0131 Belediyesi, Ramazan boyunca hem sosyal yard\u0131mlar\u0131 art\u0131racak hem de Ramazan ruhunu ya\u015fatacak \u00e7e\u015fitli etkinlikler d\u00fczenleyecek.<\/p>\n","protected":false},"author":1,"featured_media":41774,"comment_status":"open","ping_status":"open","sticky":false,"template":"","format":"standard","meta":{"footnotes":""},"categories":[4],"tags":[675,2714,1704,2023,1135],"class_list":["post-41773","post","type-post","status-publish","format-standard","has-post-thumbnail","hentry","category-gundem","tag-iftar","tag-ramazan","tag-ramazan-ayi","tag-torbali","tag-vatandaslar"],"_links":{"self":[{"href":"https:\/\/bihavadis.com\/index.php\/wp-json\/wp\/v2\/posts\/41773","targetHints":{"allow":["GET"]}}],"collection":[{"href":"https:\/\/bihavadis.com\/index.php\/wp-json\/wp\/v2\/posts"}],"about":[{"href":"https:\/\/bihavadis.com\/index.php\/wp-json\/wp\/v2\/types\/post"}],"author":[{"embeddable":true,"href":"https:\/\/bihavadis.com\/index.php\/wp-json\/wp\/v2\/users\/1"}],"replies":[{"embeddable":true,"href":"https:\/\/bihavadis.com\/index.php\/wp-json\/wp\/v2\/comments?post=41773"}],"version-history":[{"count":1,"href":"https:\/\/bihavadis.com\/index.php\/wp-json\/wp\/v2\/posts\/41773\/revisions"}],"predecessor-version":[{"id":41775,"href":"https:\/\/bihavadis.com\/index.php\/wp-json\/wp\/v2\/posts\/41773\/revisions\/41775"}],"wp:featuredmedia":[{"embeddable":true,"href":"https:\/\/bihavadis.com\/index.php\/wp-json\/wp\/v2\/media\/41774"}],"wp:attachment":[{"href":"https:\/\/bihavadis.com\/index.php\/wp-json\/wp\/v2\/media?parent=41773"}],"wp:term":[{"taxonomy":"category","embeddable":true,"href":"https:\/\/bihavadis.com\/index.php\/wp-json\/wp\/v2\/categories?post=41773"},{"taxonomy":"post_tag","embeddable":true,"href":"https:\/\/bihavadis.com\/index.php\/wp-json\/wp\/v2\/tags?post=41773"}],"curies":[{"name":"wp","href":"https:\/\/api.w.org\/{rel}","templated":true}]}}