{"id":41799,"date":"2026-02-22T13:30:05","date_gmt":"2026-02-22T13:30:05","guid":{"rendered":"https:\/\/bihavadis.com\/?p=41799"},"modified":"2026-02-22T13:30:05","modified_gmt":"2026-02-22T13:30:05","slug":"konakta-ucretsiz-baglama-kursuna-yogun-ilgi","status":"publish","type":"post","link":"https:\/\/bihavadis.com\/index.php\/2026\/02\/22\/konakta-ucretsiz-baglama-kursuna-yogun-ilgi\/","title":{"rendered":"Konak&#8217;ta \u00fccretsiz ba\u011flama kursuna yo\u011fun ilgi"},"content":{"rendered":"<p><b>Sanat\u0131 Konak\u2019\u0131n her k\u00f6\u015fesinde ya\u015fatan Konak Belediyesi\u2019nin Toros Sosyal Tesisleri\u2019nde devam eden Ba\u011flama Kursu\u2019na kat\u0131lan kursiyerler, hem Anadolu k\u00fclt\u00fcr\u00fcn\u00fc gelece\u011fe ta\u015f\u0131yor hem de bir arada \u00fcretmenin gururunu ya\u015f\u0131yor.<\/b><\/p>\n<p>Konak Belediyesi\u2019nin Toros Sosyal Tesisleri\u2019nde devam eden Ba\u011flama Kursu\u2019nda saz\u0131n tellerini titreten kursiyerler yetenekleriyle g\u00f6z doldurdu. Ge\u00e7en y\u0131l kas\u0131m ay\u0131ndan bu yana Ozan \u00dcnal e\u011fitmenli\u011finde ba\u011flama dersi alan t\u00fcrk\u00fc sevdal\u0131s\u0131 \u00f6\u011frenciler, kaydettikleri ilerlemeyle de hayran b\u0131rakt\u0131. Konak Belediyesi\u2019nin ba\u015flatt\u0131\u011f\u0131 kursta ba\u011flaman\u0131n yan\u0131 s\u0131ra bona ve solfej de \u00f6\u011frenen kursiyerler kendilerini ritim ve nota bilgisi konusunda da geli\u015ftirme f\u0131rsat\u0131 buldu. Anadolu\u2019nun d\u00f6rt bir yan\u0131ndan t\u00fcrk\u00fcleri hatas\u0131z icra eden kurs grubu, her ders yeni \u015feyler \u00f6\u011frenirken bir yandan da e\u011fitim bitiminde verecekleri konserin\u00a0haz\u0131rl\u0131klar\u0131na devam ediyor.<\/p>\n<p><b>Aykol: Nil\u00fcfer Ba\u015fkan\u0131m\u0131za \u00e7ok te\u015fekk\u00fcr ederiz<\/b><\/p>\n<p>Kursiyerlerden Mihriban Aykol, ba\u011flamay\u0131 \u00f6\u011frendik\u00e7e daha da hevesli bir \u015fekilde ve ko\u015fa ko\u015fa kursa geldi\u011fini ifade ederek, \u201cKursumuz \u00e7ok g\u00fczel. Hocam\u0131zdan \u00e7ok memnunuz, \u00e7ok g\u00fczel \u00f6\u011fretti. Konak Belediyesi bize bu imkan\u0131 sa\u011flad\u0131\u011f\u0131 i\u00e7in Nil\u00fcfer Ba\u015fkan\u0131m\u0131za \u00e7ok te\u015fekk\u00fcr ederiz\u201d dedi.<\/p>\n<p><b>Yel\u00e7i: M\u00fczik bilgimizi de \u00e7o\u011falt\u0131yoruz<\/b><\/p>\n<p>Do\u011fum yeri olan Malatya\u2019n\u0131n t\u00fcrk\u00fclerini do\u011fru bir \u015fekilde \u00e7alabilmenin heyecan\u0131n\u0131 payla\u015fan Ey\u00fcp Y\u00fccel Yel\u00e7i ise duygular\u0131n\u0131 \u015fu s\u00f6zlerle aktard\u0131: \u201cKonak Belediye Ba\u015fkan\u0131m\u0131za bize bu f\u0131rsat\u0131 verdi\u011fi i\u00e7in te\u015fekk\u00fcr ederiz. \u00c7ok g\u00fczel ge\u00e7iyor, iyi arkada\u015fl\u0131klar da kurduk. Hocam\u0131z sayesinde m\u00fczik bilgimizi de \u00e7o\u011falt\u0131yoruz.\u201d<\/p>\n<p><b>Sezgin: Bu kursun bize \u00e7ok katk\u0131s\u0131 oldu<\/b><\/p>\n<p>Ba\u011flamay\u0131 ilk defa Konak Belediyesi\u2019nin a\u00e7t\u0131\u011f\u0131 kursta eline alan H\u00fclya Sezgin de kursun katk\u0131s\u0131na vurgu yapt\u0131 ve \u201cKonak Belediyesi\u2019nin bu kursu a\u00e7t\u0131\u011f\u0131n\u0131 duyunca geldik. Nil\u00fcfer Han\u0131m\u2019a bu imkan\u0131 sa\u011flad\u0131\u011f\u0131 i\u00e7in te\u015fekk\u00fcr ediyoruz. Hocam\u0131zdan \u00e7ok memnunuz. Biz ba\u011flamay\u0131 yeni \u00f6\u011freniyoruz, bu kursun bize \u00e7ok katk\u0131s\u0131 oldu\u201d diye konu\u015ftu.<\/p>\n<p>\u00a0<\/p>\n<p>Kaynak: (BYZHA) Beyaz Haber Ajans\u0131<\/p>\n","protected":false},"excerpt":{"rendered":"<p>Sanat\u0131 Konak\u2019\u0131n her k\u00f6\u015fesinde ya\u015fatan Konak Belediyesi\u2019nin Toros Sosyal Tesisleri\u2019nde devam eden Ba\u011flama Kursu\u2019na kat\u0131lan kursiyerler, hem Anadolu k\u00fclt\u00fcr\u00fcn\u00fc gelece\u011fe ta\u015f\u0131yor hem de bir arada \u00fcretmenin gururunu ya\u015f\u0131yor.<\/p>\n","protected":false},"author":1,"featured_media":41800,"comment_status":"open","ping_status":"open","sticky":false,"template":"","format":"standard","meta":{"footnotes":""},"categories":[7],"tags":[5785,5786,326],"class_list":["post-41799","post","type-post","status-publish","format-standard","has-post-thumbnail","hentry","category-egitim","tag-baglama","tag-konak-belediyesi","tag-kurs"],"_links":{"self":[{"href":"https:\/\/bihavadis.com\/index.php\/wp-json\/wp\/v2\/posts\/41799","targetHints":{"allow":["GET"]}}],"collection":[{"href":"https:\/\/bihavadis.com\/index.php\/wp-json\/wp\/v2\/posts"}],"about":[{"href":"https:\/\/bihavadis.com\/index.php\/wp-json\/wp\/v2\/types\/post"}],"author":[{"embeddable":true,"href":"https:\/\/bihavadis.com\/index.php\/wp-json\/wp\/v2\/users\/1"}],"replies":[{"embeddable":true,"href":"https:\/\/bihavadis.com\/index.php\/wp-json\/wp\/v2\/comments?post=41799"}],"version-history":[{"count":1,"href":"https:\/\/bihavadis.com\/index.php\/wp-json\/wp\/v2\/posts\/41799\/revisions"}],"predecessor-version":[{"id":41801,"href":"https:\/\/bihavadis.com\/index.php\/wp-json\/wp\/v2\/posts\/41799\/revisions\/41801"}],"wp:featuredmedia":[{"embeddable":true,"href":"https:\/\/bihavadis.com\/index.php\/wp-json\/wp\/v2\/media\/41800"}],"wp:attachment":[{"href":"https:\/\/bihavadis.com\/index.php\/wp-json\/wp\/v2\/media?parent=41799"}],"wp:term":[{"taxonomy":"category","embeddable":true,"href":"https:\/\/bihavadis.com\/index.php\/wp-json\/wp\/v2\/categories?post=41799"},{"taxonomy":"post_tag","embeddable":true,"href":"https:\/\/bihavadis.com\/index.php\/wp-json\/wp\/v2\/tags?post=41799"}],"curies":[{"name":"wp","href":"https:\/\/api.w.org\/{rel}","templated":true}]}}