{"id":41817,"date":"2026-02-22T13:45:04","date_gmt":"2026-02-22T13:45:04","guid":{"rendered":"https:\/\/bihavadis.com\/?p=41817"},"modified":"2026-02-22T13:45:04","modified_gmt":"2026-02-22T13:45:04","slug":"findiklida-isgaller-kaldirildi-yollar-acildi","status":"publish","type":"post","link":"https:\/\/bihavadis.com\/index.php\/2026\/02\/22\/findiklida-isgaller-kaldirildi-yollar-acildi\/","title":{"rendered":"F\u0131nd\u0131kl\u0131&#8217;da i\u015fgaller kald\u0131r\u0131ld\u0131, yollar a\u00e7\u0131ld\u0131"},"content":{"rendered":"<p>Maltepe Belediyesi, F\u0131nd\u0131kl\u0131 Mahallesi&#8217;nde kamusal alanlardaki i\u015fgalleri \u00f6nlemek ad\u0131na denetim \u00e7al\u0131\u015fmas\u0131 ger\u00e7ekle\u015ftirdi. \u00c7al\u0131\u015fmalarla ara sokaklara da girilerek yol kenar\u0131na yerle\u015ftirilen duba ve engeller s\u00f6k\u00fclerek al\u0131nd\u0131.<\/p>\n<p>Maltepe Belediyesi zab\u0131ta ekipleri, kamusal alanlar\u0131 koruma ve kent d\u00fczenini sa\u011flama \u00e7al\u0131\u015fmalar\u0131 kapsam\u0131nda kapsaml\u0131 denetimler ger\u00e7ekle\u015ftirdi. F\u0131nd\u0131kl\u0131\u2019daki cadde ve sokaklarda esnaf i\u015fgallerine ve bireysel i\u015fgallere y\u00f6nelik denetim d\u00fczenledi. \u00d6zellikle kald\u0131r\u0131m ve yol kenarlar\u0131na yerle\u015ftirilen demir dubalar, lastikler, sabitlenmi\u015f engeller ve benzeri malzemeler s\u00f6k\u00fclerek kald\u0131r\u0131ld\u0131. Ara sokaklara da girilerek, park yapmak amac\u0131yla konulan dubalar ve di\u011fer i\u015fgal unsurlar\u0131 temizlendi. Bu sayede yaya ge\u00e7i\u015fi ve trafik ak\u0131\u015f\u0131 rahatlat\u0131l\u0131rken, kamu alanlar\u0131n\u0131n asli kullan\u0131m amac\u0131 yeniden tesis edildi.<\/p>\n<p>Belediye yetkilileri, uzun s\u00fcredir devam eden periyodik denetimlerle F\u0131nd\u0131kl\u0131 Mahallesi&#8217;ndeki i\u015fgal sorununu b\u00fcy\u00fck \u00f6l\u00e7\u00fcde kontrol alt\u0131na ald\u0131klar\u0131n\u0131 belirtti. Maltepe Belediyesi, vatanda\u015flar\u0131n daha g\u00fcvenli ve d\u00fczenli bir ya\u015fam alan\u0131 i\u00e7in bu t\u00fcr uygulamalar\u0131 s\u00fcrd\u00fcrece\u011fini vurgulad\u0131.<\/p>\n<p>\u00a0<\/p>\n<p>Kaynak: (BYZHA) Beyaz Haber Ajans\u0131<\/p>\n","protected":false},"excerpt":{"rendered":"<p>Maltepe Belediyesi, F\u0131nd\u0131kl\u0131 Mahallesi&#8217;nde kamusal alanlardaki i\u015fgalleri \u00f6nlemek ad\u0131na denetim \u00e7al\u0131\u015fmas\u0131 ger\u00e7ekle\u015ftirdi.<\/p>\n","protected":false},"author":1,"featured_media":41818,"comment_status":"open","ping_status":"open","sticky":false,"template":"","format":"standard","meta":{"footnotes":""},"categories":[4],"tags":[2955],"class_list":["post-41817","post","type-post","status-publish","format-standard","has-post-thumbnail","hentry","category-gundem","tag-isgal"],"_links":{"self":[{"href":"https:\/\/bihavadis.com\/index.php\/wp-json\/wp\/v2\/posts\/41817","targetHints":{"allow":["GET"]}}],"collection":[{"href":"https:\/\/bihavadis.com\/index.php\/wp-json\/wp\/v2\/posts"}],"about":[{"href":"https:\/\/bihavadis.com\/index.php\/wp-json\/wp\/v2\/types\/post"}],"author":[{"embeddable":true,"href":"https:\/\/bihavadis.com\/index.php\/wp-json\/wp\/v2\/users\/1"}],"replies":[{"embeddable":true,"href":"https:\/\/bihavadis.com\/index.php\/wp-json\/wp\/v2\/comments?post=41817"}],"version-history":[{"count":1,"href":"https:\/\/bihavadis.com\/index.php\/wp-json\/wp\/v2\/posts\/41817\/revisions"}],"predecessor-version":[{"id":41819,"href":"https:\/\/bihavadis.com\/index.php\/wp-json\/wp\/v2\/posts\/41817\/revisions\/41819"}],"wp:featuredmedia":[{"embeddable":true,"href":"https:\/\/bihavadis.com\/index.php\/wp-json\/wp\/v2\/media\/41818"}],"wp:attachment":[{"href":"https:\/\/bihavadis.com\/index.php\/wp-json\/wp\/v2\/media?parent=41817"}],"wp:term":[{"taxonomy":"category","embeddable":true,"href":"https:\/\/bihavadis.com\/index.php\/wp-json\/wp\/v2\/categories?post=41817"},{"taxonomy":"post_tag","embeddable":true,"href":"https:\/\/bihavadis.com\/index.php\/wp-json\/wp\/v2\/tags?post=41817"}],"curies":[{"name":"wp","href":"https:\/\/api.w.org\/{rel}","templated":true}]}}