{"id":41835,"date":"2026-02-22T14:00:06","date_gmt":"2026-02-22T14:00:06","guid":{"rendered":"https:\/\/bihavadis.com\/?p=41835"},"modified":"2026-02-22T14:00:06","modified_gmt":"2026-02-22T14:00:06","slug":"nigde-ve-aksaray-arasinda-gonul-koprusu","status":"publish","type":"post","link":"https:\/\/bihavadis.com\/index.php\/2026\/02\/22\/nigde-ve-aksaray-arasinda-gonul-koprusu\/","title":{"rendered":"Ni\u011fde ve AKsaray aras\u0131nda g\u00f6n\u00fcl k\u00f6pr\u00fcs\u00fc"},"content":{"rendered":"<p> Ni\u011fde Belediye Ba\u015fkan\u0131 Emrah \u00d6zdemir; Aksaray&#8217;da ger\u00e7ekle\u015ftirdi\u011fi ziyaretlerle iki \u015fehir aras\u0131ndaki g\u00f6n\u00fcl k\u00f6pr\u00fclerini g\u00fc\u00e7lendirdi.<\/p>\n<p>Vali Murat Duru ve Belediye Ba\u015fkan\u0131 Evren Din\u00e7er ile bir araya gelen \u00d6zdemir, &#8216;Birlikte geli\u015fecek, b\u00f6lge olarak b\u00fcy\u00fcyece\u011fiz&#8217; mesaj\u0131 verdi. Ni\u011fde Belediye Ba\u015fkan\u0131 Emrah \u00d6zdemir; bir dizi temaslarda bulunmak \u00fczere gitti\u011fi Aksaray&#8217;da, ziyaretin ilk dura\u011f\u0131, son valiler kararnamesi ile Aksaray Valili\u011fi g\u00f6revine atanan Ni\u011fdeli m\u00fclki idare amiri Murat Duru oldu. Ni\u011fde&#8217;nin yeti\u015ftirdi\u011fi b\u00fcrokratlardan biri olan Vali Murat Duru&#8217;yu makam\u0131nda ziyaret eden Ba\u015fkan \u00d6zdemir, yeni g\u00f6rev yerinin hay\u0131rl\u0131 olmas\u0131 temennisinde bulundu. \u00d6zdemir; &#8220;K\u0131ymetli hem\u015fehrimiz Murat Duru&#8217;nun Aksaray&#8217;da g\u00f6reve ba\u015flamas\u0131, b\u00f6lge koordinasyonu a\u00e7\u0131s\u0131ndan b\u00fcy\u00fck bir \u015fanst\u0131r. Kendisine yeni g\u00f6revinde ba\u015far\u0131lar diliyorum; Ni\u011fde ve Aksaray aras\u0131ndaki b\u00fcrokratik ve k\u00fclt\u00fcrel ili\u015fkilerin bu d\u00f6nemde \u00e7ok daha ivme kazanaca\u011f\u0131na inan\u0131yorum&#8221; dedi.<\/p>\n<p>Valilik ziyaretinin ard\u0131ndan Aksaray Belediye Ba\u015fkan\u0131 Dr. Evren Din\u00e7er ile bir araya gelen Ba\u015fkan \u00d6zdemir, yerel y\u00f6netim projeleri \u00fczerinde kapsaml\u0131 bir g\u00f6r\u00fc\u015fme ger\u00e7ekle\u015ftirdi. \u0130ki belediye ba\u015fkan\u0131, \u00f6zellikle ak\u0131ll\u0131 \u015fehir uygulamalar\u0131, s\u00fcrd\u00fcr\u00fclebilir \u00e7evre projeleri ve Kapadokya b\u00f6lgesinin turizm potansiyelinin ortak pazarlanmas\u0131 gibi stratejik konularda fikir teatisinde bulundu. Ba\u015fkan \u00d6zdemir, ziyarete ili\u015fkin yapt\u0131\u011f\u0131 de\u011ferlendirmede; &#8220;Aksaray ve Ni\u011fde, \u0130\u00e7 Anadolu&#8217;nun parlayan y\u0131ld\u0131zlar\u0131d\u0131r. Say\u0131n Evren Din\u00e7er ile belediyelerimiz aras\u0131ndaki i\u015f birli\u011fi imkanlar\u0131n\u0131 g\u00f6r\u00fc\u015ft\u00fck. Tecr\u00fcbe payla\u015f\u0131m\u0131 noktas\u0131nda verimli bir toplant\u0131 oldu&#8221; ifadelerini kulland\u0131. &#8211; N\u0130\u011eDE<\/p>\n","protected":false},"excerpt":{"rendered":"<p>Ni\u011fde Belediye Ba\u015fkan\u0131 Emrah \u00d6zdemir, Aksaray&#8217;da yapt\u0131\u011f\u0131 ziyaretler ile iki \u015fehir aras\u0131ndaki ili\u015fkileri g\u00fc\u00e7lendirdi. Vali Murat Duru ve Aksaray Belediye Ba\u015fkan\u0131 Evren Din\u00e7er ile yapt\u0131\u011f\u0131 g\u00f6r\u00fc\u015fmelerde b\u00f6lgesel b\u00fcy\u00fcme ve i\u015f birli\u011fi konular\u0131nda fikir al\u0131\u015fveri\u015finde bulundu.<\/p>\n","protected":false},"author":1,"featured_media":41836,"comment_status":"open","ping_status":"open","sticky":false,"template":"","format":"standard","meta":{"footnotes":""},"categories":[12],"tags":[3187,399,2066,321,319],"class_list":["post-41835","post","type-post","status-publish","format-standard","has-post-thumbnail","hentry","category-siyaset","tag-aksaray","tag-belediye-baskani","tag-nigde","tag-vali","tag-ziyaret"],"_links":{"self":[{"href":"https:\/\/bihavadis.com\/index.php\/wp-json\/wp\/v2\/posts\/41835","targetHints":{"allow":["GET"]}}],"collection":[{"href":"https:\/\/bihavadis.com\/index.php\/wp-json\/wp\/v2\/posts"}],"about":[{"href":"https:\/\/bihavadis.com\/index.php\/wp-json\/wp\/v2\/types\/post"}],"author":[{"embeddable":true,"href":"https:\/\/bihavadis.com\/index.php\/wp-json\/wp\/v2\/users\/1"}],"replies":[{"embeddable":true,"href":"https:\/\/bihavadis.com\/index.php\/wp-json\/wp\/v2\/comments?post=41835"}],"version-history":[{"count":1,"href":"https:\/\/bihavadis.com\/index.php\/wp-json\/wp\/v2\/posts\/41835\/revisions"}],"predecessor-version":[{"id":41837,"href":"https:\/\/bihavadis.com\/index.php\/wp-json\/wp\/v2\/posts\/41835\/revisions\/41837"}],"wp:featuredmedia":[{"embeddable":true,"href":"https:\/\/bihavadis.com\/index.php\/wp-json\/wp\/v2\/media\/41836"}],"wp:attachment":[{"href":"https:\/\/bihavadis.com\/index.php\/wp-json\/wp\/v2\/media?parent=41835"}],"wp:term":[{"taxonomy":"category","embeddable":true,"href":"https:\/\/bihavadis.com\/index.php\/wp-json\/wp\/v2\/categories?post=41835"},{"taxonomy":"post_tag","embeddable":true,"href":"https:\/\/bihavadis.com\/index.php\/wp-json\/wp\/v2\/tags?post=41835"}],"curies":[{"name":"wp","href":"https:\/\/api.w.org\/{rel}","templated":true}]}}