{"id":41849,"date":"2026-02-22T14:12:04","date_gmt":"2026-02-22T14:12:04","guid":{"rendered":"https:\/\/bihavadis.com\/?p=41849"},"modified":"2026-02-22T14:12:04","modified_gmt":"2026-02-22T14:12:04","slug":"beylikduzunde-ramazanin-bereketi-sofralara-tasiniyor","status":"publish","type":"post","link":"https:\/\/bihavadis.com\/index.php\/2026\/02\/22\/beylikduzunde-ramazanin-bereketi-sofralara-tasiniyor\/","title":{"rendered":"Beylikd\u00fcz\u00fc&#8217;nde Ramazan&#8217;\u0131n Bereketi Sofralara Ta\u015f\u0131n\u0131yor"},"content":{"rendered":"<p><span><span><b><span>Beylikd\u00fcz\u00fc Belediyesi, Ramazan ay\u0131 boyunca ihtiya\u00e7 sahibi, ya\u015f alm\u0131\u015f ve \u00f6zel gereksinimli vatanda\u015flara her g\u00fcn s\u0131cak yemek ula\u015ft\u0131r\u0131rken, iftara yeti\u015femeyenler i\u00e7in de il\u00e7enin belirlenen noktalar\u0131nda \u00e7orba ikram\u0131nda bulunuyor. <\/span><\/b><\/span><\/span><\/p>\n<p><span><span>Ramazan ay\u0131n\u0131n payla\u015fma ve dayan\u0131\u015fma ruhunu ya\u015fatan Beylikd\u00fcz\u00fc Belediyesi, sosyal destek \u00e7al\u0131\u015fmalar\u0131n\u0131 bu y\u0131l da s\u00fcrd\u00fcr\u00fcyor. Belediye; 65 ya\u015f \u00fcst\u00fc, \u00f6zel gereksinimli, ihtiya\u00e7 sahibi ve evinde yemek haz\u0131rlama imk\u00e2n\u0131 bulunmayan ailelere her g\u00fcn d\u00fczenli olarak iftarl\u0131k s\u0131cak yemek hizmeti sa\u011fl\u0131yor. Bin metrekarelik alana sahip Beylikd\u00fcz\u00fc Mutfak\u2019ta hijyen ko\u015fullar\u0131nda haz\u0131rlanan yemekler, ekipler arac\u0131l\u0131\u011f\u0131yla ihtiya\u00e7 sahiplerinin evlerine ula\u015ft\u0131r\u0131l\u0131yor. \u0130ftara yeti\u015femeyen vatanda\u015flar i\u00e7in ise il\u00e7ede belirlenen noktalarda s\u0131cak \u00e7orba ikram\u0131 yap\u0131l\u0131yor.\u00a0 \u00a0<\/span><\/span><\/p>\n<p><span><span><b>\u201cBu m\u00fcbarek ay\u0131n adaletin, huzurun ve karde\u015fli\u011fin g\u00fc\u00e7lendi\u011fi bir gelece\u011fe vesile olmas\u0131n\u0131 diliyorum\u201d<\/b><\/span><\/span><\/p>\n<p><span><span>Ramazan ay\u0131n\u0131n herkese sa\u011fl\u0131k, bar\u0131\u015f ve esenlik getirmesini dileyen Beylikd\u00fcz\u00fc Belediye Ba\u015fkan Vekili Av. \u00d6nder Serkan \u00c7ebi, \u201cBu Ramazan\u2019a, se\u00e7ilmi\u015f Belediye Ba\u015fkan\u0131m\u0131z Say\u0131n Mehmet Murat \u00c7al\u0131k\u2019\u0131n haks\u0131z ve hukuksuz bir \u015fekilde cezaevinde tutulmas\u0131n\u0131n derin \u00fcz\u00fcnt\u00fcs\u00fcyle giriyoruz. Hukukun temel ilkeleriyle ba\u011fda\u015fmayan bu durum, yaln\u0131zca Say\u0131n Ba\u015fkan\u0131m\u0131z\u0131 ve ailesini de\u011fil, Beylikd\u00fcz\u00fc\u2019nde ya\u015fayan her bir kom\u015fumuzu derinden \u00fczmektedir. Adalet duygusunun zedelendi\u011fi her ortamda toplumsal huzurun da yara ald\u0131\u011f\u0131n\u0131 unutmamak gerekir. \u0130nan\u0131yoruz ki adalet, er ya da ge\u00e7 yerini bulacak; Say\u0131n Ba\u015fkan\u0131m\u0131z Mehmet Murat \u00c7al\u0131k, Beylikd\u00fcz\u00fc halk\u0131n\u0131n iradesiyle \u00fcstlendi\u011fi g\u00f6revine yeniden kavu\u015facakt\u0131r. Bu inan\u00e7la, hukukun \u00fcst\u00fcnl\u00fc\u011f\u00fcne, insan onuruna ve demokratik de\u011ferlere olan ba\u011fl\u0131l\u0131\u011f\u0131m\u0131z\u0131 bir kez daha kararl\u0131l\u0131kla ifade ediyoruz. Ramazan ay\u0131; dayan\u0131\u015fman\u0131n, ho\u015fg\u00f6r\u00fcn\u00fcn ve birlik duygusunun g\u00fc\u00e7lendi\u011fi m\u00fcstesna bir zaman dilimidir. Bug\u00fcn her zamankinden daha fazla birbirimize kenetlenmeye, ortak de\u011ferlerimiz etraf\u0131nda birlik ve beraberli\u011fimizi b\u00fcy\u00fctmeye ihtiyac\u0131m\u0131z vard\u0131r. Bu duygu ve d\u00fc\u015f\u00fcncelerle, ba\u015fta Beylikd\u00fcz\u00fcl\u00fc kom\u015fular\u0131m\u0131z olmak \u00fczere t\u00fcm vatanda\u015flar\u0131m\u0131z\u0131n ramazan ay\u0131n\u0131 en i\u00e7ten dileklerimle kutluyor; bu m\u00fcbarek ay\u0131n adaletin, huzurun ve karde\u015fli\u011fin g\u00fc\u00e7lendi\u011fi bir gelece\u011fe vesile olmas\u0131n\u0131 diliyorum\u201d dedi. <\/span><\/span><\/p>\n<p>\u00a0<\/p>\n<p>Kaynak: (BYZHA) Beyaz Haber Ajans\u0131<\/p>\n","protected":false},"excerpt":{"rendered":"<p>Beylikd\u00fcz\u00fc Belediyesi, Ramazan ay\u0131 boyunca ihtiya\u00e7 sahibi, ya\u015f alm\u0131\u015f ve \u00f6zel gereksinimli vatanda\u015flara her g\u00fcn s\u0131cak yemek ula\u015ft\u0131r\u0131rken, iftara yeti\u015femeyenler i\u00e7in de il\u00e7enin belirlenen noktalar\u0131nda \u00e7orba ikram\u0131nda bulunuyor.<\/p>\n","protected":false},"author":1,"featured_media":41850,"comment_status":"open","ping_status":"open","sticky":false,"template":"","format":"standard","meta":{"footnotes":""},"categories":[4],"tags":[372,5232,1704],"class_list":["post-41849","post","type-post","status-publish","format-standard","has-post-thumbnail","hentry","category-gundem","tag-belediye","tag-beylikduzu","tag-ramazan-ayi"],"_links":{"self":[{"href":"https:\/\/bihavadis.com\/index.php\/wp-json\/wp\/v2\/posts\/41849","targetHints":{"allow":["GET"]}}],"collection":[{"href":"https:\/\/bihavadis.com\/index.php\/wp-json\/wp\/v2\/posts"}],"about":[{"href":"https:\/\/bihavadis.com\/index.php\/wp-json\/wp\/v2\/types\/post"}],"author":[{"embeddable":true,"href":"https:\/\/bihavadis.com\/index.php\/wp-json\/wp\/v2\/users\/1"}],"replies":[{"embeddable":true,"href":"https:\/\/bihavadis.com\/index.php\/wp-json\/wp\/v2\/comments?post=41849"}],"version-history":[{"count":1,"href":"https:\/\/bihavadis.com\/index.php\/wp-json\/wp\/v2\/posts\/41849\/revisions"}],"predecessor-version":[{"id":41851,"href":"https:\/\/bihavadis.com\/index.php\/wp-json\/wp\/v2\/posts\/41849\/revisions\/41851"}],"wp:featuredmedia":[{"embeddable":true,"href":"https:\/\/bihavadis.com\/index.php\/wp-json\/wp\/v2\/media\/41850"}],"wp:attachment":[{"href":"https:\/\/bihavadis.com\/index.php\/wp-json\/wp\/v2\/media?parent=41849"}],"wp:term":[{"taxonomy":"category","embeddable":true,"href":"https:\/\/bihavadis.com\/index.php\/wp-json\/wp\/v2\/categories?post=41849"},{"taxonomy":"post_tag","embeddable":true,"href":"https:\/\/bihavadis.com\/index.php\/wp-json\/wp\/v2\/tags?post=41849"}],"curies":[{"name":"wp","href":"https:\/\/api.w.org\/{rel}","templated":true}]}}