{"id":41858,"date":"2026-02-22T14:18:37","date_gmt":"2026-02-22T14:18:37","guid":{"rendered":"https:\/\/bihavadis.com\/?p=41858"},"modified":"2026-02-22T14:18:37","modified_gmt":"2026-02-22T14:18:37","slug":"bakan-yardimcisi-madaktan-karabuke-geldi","status":"publish","type":"post","link":"https:\/\/bihavadis.com\/index.php\/2026\/02\/22\/bakan-yardimcisi-madaktan-karabuke-geldi\/","title":{"rendered":"Bakan Yard\u0131mc\u0131s\u0131 Madak&#8217;tan Karab\u00fck&#8217;e geldi"},"content":{"rendered":"<p>Aile ve Sosyal Hizmetler Bakan Yard\u0131mc\u0131s\u0131 Dr. Sevim Say\u0131m Madak, \u00e7e\u015fitli programlara kat\u0131lmak \u00fczere Karab\u00fck&#8217;e geldi.<\/p>\n<p>Karab\u00fck program\u0131 kapsam\u0131nda ilk olarak Karab\u00fck Belediyesini ziyaret eden Bakan Yard\u0131mc\u0131s\u0131 Madak, Belediye Ba\u015fkan\u0131 \u00d6zkan \u00c7etinkaya ile bir araya geldi. Ziyarette, kentte y\u00fcr\u00fct\u00fclen sosyal hizmet \u00e7al\u0131\u015fmalar\u0131 ile devam eden projeler hakk\u0131nda de\u011ferlendirmelerde bulunuldu.<\/p>\n<p>Bakan Yard\u0131mc\u0131s\u0131 Madak, temaslar\u0131 kapsam\u0131nda AK Parti Karab\u00fck \u0130l Ba\u015fkanl\u0131\u011f\u0131n\u0131 da ziyaret ederek \u0130l Ba\u015fkan\u0131 Ferhat Salt ile g\u00f6r\u00fc\u015ft\u00fc. G\u00f6r\u00fc\u015fmede, Karab\u00fck&#8217;\u00fcn \u00f6ncelikleri ve sosyal politikalar \u00fczerine isti\u015fareler yap\u0131ld\u0131.<\/p>\n<p>Karab\u00fck Belediye Ba\u015fkan\u0131 \u00d6zkan \u00c7etinkaya ile AK Parti Karab\u00fck \u0130l Ba\u015fkan\u0131 Ferhat Salt, Bakan Yard\u0131mc\u0131s\u0131 Dr. Sevim Say\u0131m Madak&#8217;a nazik ziyaretleri dolay\u0131s\u0131yla te\u015fekk\u00fcr etti. &#8211; KARAB\u00dcK<\/p>\n","protected":false},"excerpt":{"rendered":"<p>Bakan Yard\u0131mc\u0131s\u0131 Madak, Karab\u00fck&#8217;te \u00e7e\u015fitli programlara kat\u0131ld\u0131 ve sosyal hizmet projeleri hakk\u0131nda g\u00f6r\u00fc\u015fmelerde bulundu.<\/p>\n","protected":false},"author":1,"featured_media":41859,"comment_status":"open","ping_status":"open","sticky":false,"template":"","format":"standard","meta":{"footnotes":""},"categories":[12],"tags":[2200],"class_list":["post-41858","post","type-post","status-publish","format-standard","has-post-thumbnail","hentry","category-siyaset","tag-karabuk"],"_links":{"self":[{"href":"https:\/\/bihavadis.com\/index.php\/wp-json\/wp\/v2\/posts\/41858","targetHints":{"allow":["GET"]}}],"collection":[{"href":"https:\/\/bihavadis.com\/index.php\/wp-json\/wp\/v2\/posts"}],"about":[{"href":"https:\/\/bihavadis.com\/index.php\/wp-json\/wp\/v2\/types\/post"}],"author":[{"embeddable":true,"href":"https:\/\/bihavadis.com\/index.php\/wp-json\/wp\/v2\/users\/1"}],"replies":[{"embeddable":true,"href":"https:\/\/bihavadis.com\/index.php\/wp-json\/wp\/v2\/comments?post=41858"}],"version-history":[{"count":1,"href":"https:\/\/bihavadis.com\/index.php\/wp-json\/wp\/v2\/posts\/41858\/revisions"}],"predecessor-version":[{"id":41860,"href":"https:\/\/bihavadis.com\/index.php\/wp-json\/wp\/v2\/posts\/41858\/revisions\/41860"}],"wp:featuredmedia":[{"embeddable":true,"href":"https:\/\/bihavadis.com\/index.php\/wp-json\/wp\/v2\/media\/41859"}],"wp:attachment":[{"href":"https:\/\/bihavadis.com\/index.php\/wp-json\/wp\/v2\/media?parent=41858"}],"wp:term":[{"taxonomy":"category","embeddable":true,"href":"https:\/\/bihavadis.com\/index.php\/wp-json\/wp\/v2\/categories?post=41858"},{"taxonomy":"post_tag","embeddable":true,"href":"https:\/\/bihavadis.com\/index.php\/wp-json\/wp\/v2\/tags?post=41858"}],"curies":[{"name":"wp","href":"https:\/\/api.w.org\/{rel}","templated":true}]}}