{"id":41896,"date":"2026-02-22T14:48:05","date_gmt":"2026-02-22T14:48:05","guid":{"rendered":"https:\/\/bihavadis.com\/?p=41896"},"modified":"2026-02-22T14:48:05","modified_gmt":"2026-02-22T14:48:05","slug":"fransada-musluman-karsiti-vakalar-yuzde-88-artti","status":"publish","type":"post","link":"https:\/\/bihavadis.com\/index.php\/2026\/02\/22\/fransada-musluman-karsiti-vakalar-yuzde-88-artti\/","title":{"rendered":"Fransa&#8217;da M\u00fcsl\u00fcman kar\u015f\u0131t\u0131 vakalar y\u00fczde 88 artt\u0131"},"content":{"rendered":"<p>Fransa \u0130\u00e7i\u015fleri Bakanl\u0131\u011f\u0131&#8217;n\u0131n din kar\u015f\u0131t\u0131 vakalara ili\u015fkin yay\u0131mlad\u0131\u011f\u0131 2025 verilerine g\u00f6re \u00fclkede bir \u00f6nceki y\u0131lda oldu\u011fu gibi yakla\u015f\u0131k 2 bin 500 din kar\u015f\u0131t\u0131 vaka meydana geldi.<\/p>\n<p>\u00dclkede 2025&#8217;te bir \u00f6nceki y\u0131la g\u00f6re M\u00fcsl\u00fcman kar\u015f\u0131tl\u0131\u011f\u0131 (\u0130slamofobi) i\u00e7eren vakalarda y\u00fczde 88&#8217;lik bir oranla ciddi bir art\u0131\u015f ya\u015fand\u0131.<\/p>\n<p>2024&#8217;te 173 M\u00fcsl\u00fcman kar\u015f\u0131t\u0131 vakan\u0131n kaydedildi\u011fi \u00fclkede ge\u00e7en y\u0131l bu say\u0131 326&#8217;ya \u00e7\u0131kt\u0131.<\/p>\n<p><strong>YAHUD\u0130 KAR\u015eITI VAKALAR AZALDI<\/strong><\/p>\n<p>Fransa&#8217;da 2025&#8217;te bir \u00f6nceki y\u0131la g\u00f6re Hristiyan kar\u015f\u0131t\u0131 vakalar y\u00fczde 9 artarken Yahudi kar\u015f\u0131t\u0131 vakalar ise y\u00fczde 16 azald\u0131.<\/p>\n<p>Ge\u00e7en y\u0131l 843 Hristiyan kar\u015f\u0131t\u0131 ve 1320 Yahudi kar\u015f\u0131t\u0131 vaka bakanl\u0131k kay\u0131tlar\u0131na ge\u00e7ti.<\/p>\n<p>M\u00fcsl\u00fcman kar\u015f\u0131t\u0131 vakalar\u0131n y\u00fczde 64&#8217;\u00fcn\u00fc, Yahudi kar\u015f\u0131t\u0131 vakalar\u0131n ise y\u00fczde 67&#8217;sini fiziksel ve s\u00f6zl\u00fc sald\u0131r\u0131lar\u0131n yan\u0131 s\u0131ra \u00e7evrim i\u00e7i nefret s\u00f6ylemi olu\u015fturdu.<\/p>\n<p>Hristiyan kar\u015f\u0131t\u0131 vakalar\u0131n y\u00fczde 87&#8217;si de Hristiyanlar\u0131n mallar\u0131na verilen zararlar olarak kay\u0131tlara ge\u00e7ti.<\/p>\n","protected":false},"excerpt":{"rendered":"<p>Fransa&#8217;da 2025 y\u0131l\u0131nda bir \u00f6nceki y\u0131la g\u00f6re M\u00fcsl\u00fcman kar\u015f\u0131t\u0131 vakalar\u0131n y\u00fczde 88 artt\u0131\u011f\u0131 bildirildi.<\/p>\n","protected":false},"author":1,"featured_media":41897,"comment_status":"open","ping_status":"open","sticky":false,"template":"","format":"standard","meta":{"footnotes":""},"categories":[6],"tags":[],"class_list":["post-41896","post","type-post","status-publish","format-standard","has-post-thumbnail","hentry","category-dunya"],"_links":{"self":[{"href":"https:\/\/bihavadis.com\/index.php\/wp-json\/wp\/v2\/posts\/41896","targetHints":{"allow":["GET"]}}],"collection":[{"href":"https:\/\/bihavadis.com\/index.php\/wp-json\/wp\/v2\/posts"}],"about":[{"href":"https:\/\/bihavadis.com\/index.php\/wp-json\/wp\/v2\/types\/post"}],"author":[{"embeddable":true,"href":"https:\/\/bihavadis.com\/index.php\/wp-json\/wp\/v2\/users\/1"}],"replies":[{"embeddable":true,"href":"https:\/\/bihavadis.com\/index.php\/wp-json\/wp\/v2\/comments?post=41896"}],"version-history":[{"count":1,"href":"https:\/\/bihavadis.com\/index.php\/wp-json\/wp\/v2\/posts\/41896\/revisions"}],"predecessor-version":[{"id":41898,"href":"https:\/\/bihavadis.com\/index.php\/wp-json\/wp\/v2\/posts\/41896\/revisions\/41898"}],"wp:featuredmedia":[{"embeddable":true,"href":"https:\/\/bihavadis.com\/index.php\/wp-json\/wp\/v2\/media\/41897"}],"wp:attachment":[{"href":"https:\/\/bihavadis.com\/index.php\/wp-json\/wp\/v2\/media?parent=41896"}],"wp:term":[{"taxonomy":"category","embeddable":true,"href":"https:\/\/bihavadis.com\/index.php\/wp-json\/wp\/v2\/categories?post=41896"},{"taxonomy":"post_tag","embeddable":true,"href":"https:\/\/bihavadis.com\/index.php\/wp-json\/wp\/v2\/tags?post=41896"}],"curies":[{"name":"wp","href":"https:\/\/api.w.org\/{rel}","templated":true}]}}